{"id":18828,"date":"2012-12-18T01:18:46","date_gmt":"2012-12-18T01:18:46","guid":{"rendered":"http:\/\/www.hoymercedes.com.ar\/principal\/?p=18828"},"modified":"2012-12-18T01:25:44","modified_gmt":"2012-12-18T01:25:44","slug":"agrupacion-17-de-octubre-repudio-hechos-vandalicos-contra-local-del-frente-mercedino","status":"publish","type":"post","link":"https:\/\/www.hoymercedes.com.ar\/principal\/2012\/12\/18\/agrupacion-17-de-octubre-repudio-hechos-vandalicos-contra-local-del-frente-mercedino\/","title":{"rendered":"Agrupaci\u00f3n 17 de octubre repudi\u00f3 hechos vand\u00e1licos contra local del Frente Mercedino"},"content":{"rendered":"<p>La \u201cAgrupaci\u00f3n 17 de octubre\u201d repudia los hechos vand\u00e1licos que se dieron este fin de semana contra otro grupo pol\u00edtico de la ciudad y deja en claro que no va a permitir que se ensucie la historia partidaria de esta agrupaci\u00f3n que vio la luz hace m\u00e1s de 17 a\u00f1os.<\/p>\n<p>Tambi\u00e9n vale aclarar que desde que esta agrupaci\u00f3n que suscribe trabaja en la ciudad, en ning\u00fan momento se dieron hechos semejantes de violencia como los sucedidos este fin de semana. La acusaci\u00f3n vertida en un semanario de la ciudad contra esta agrupaci\u00f3n no es m\u00e1s que un eslab\u00f3n en una cadena de constantes ataques del multimedio de la calle 5 contra esta gesti\u00f3n municipal y contra la estructura pol\u00edtica que la acompa\u00f1a.<\/p>\n<p>Adem\u00e1s queremos contarle a la comunidad que partieron de la ciudad seis micros colmados con manzaneras, comadres, j\u00f3venes del programa Envi\u00f3n con sus tutores, miembros de CAIDIM y del Hogar Villa Abrille, y militantes de la agrupaci\u00f3n. Esos micros partieron de la plaza San Mart\u00edn y regresaron al mismo lugar sin ning\u00fan tipo de novedad. Bajo ninguna circunstancia los part\u00edcipes de este viaje consumieron alcohol, como sugiri\u00f3 alg\u00fan pol\u00edtico venido en desgracia.<\/p>\n<p>No vamos a permitir que se ensucie el buen nombre de la \u201cAgrupaci\u00f3n 17 de octubre\u201d que tiene orgullosamente a Carlos Selva como l\u00edder.<\/p>\n<p>\u201cAgrupaci\u00f3n 17 de octubre\u201d<\/p>\n<p>Carlos Selva conducci\u00f3n.<\/p>\n<p>&nbsp;<\/p>\n","protected":false},"excerpt":{"rendered":"<p>La \u201cAgrupaci\u00f3n 17 de octubre\u201d repudia los hechos vand\u00e1licos que se dieron este fin de semana contra otro grupo pol\u00edtico &#8230; <a title=\"Agrupaci\u00f3n 17 de octubre repudi\u00f3 hechos vand\u00e1licos contra local del Frente Mercedino\" class=\"read-more\" href=\"https:\/\/www.hoymercedes.com.ar\/principal\/2012\/12\/18\/agrupacion-17-de-octubre-repudio-hechos-vandalicos-contra-local-del-frente-mercedino\/\" aria-label=\"Leer m\u00e1s sobre Agrupaci\u00f3n 17 de octubre repudi\u00f3 hechos vand\u00e1licos contra local del Frente Mercedino\">Leer m\u00e1s<\/a><\/p>\n","protected":false},"author":1,"featured_media":0,"comment_status":"open","ping_status":"open","sticky":false,"template":"","format":"standard","meta":{"_monsterinsights_skip_tracking":false,"_monsterinsights_sitenote_active":false,"_monsterinsights_sitenote_note":"","_monsterinsights_sitenote_category":0,"jetpack_post_was_ever_published":false,"_jetpack_newsletter_access":"","_jetpack_dont_email_post_to_subs":false,"_jetpack_newsletter_tier_id":0,"_jetpack_memberships_contains_paywalled_content":false,"_jetpack_memberships_contains_paid_content":false,"footnotes":"","jetpack_publicize_message":"","jetpack_publicize_feature_enabled":true,"jetpack_social_post_already_shared":false,"jetpack_social_options":{"image_generator_settings":{"template":"highway","default_image_id":0,"font":"","enabled":false},"version":2},"_wpas_customize_per_network":false},"categories":[5],"tags":[552],"class_list":["post-18828","post","type-post","status-publish","format-standard","hentry","category-politica","tag-agrupacion-17-de-octubre","generate-columns","tablet-grid-50","mobile-grid-100","grid-parent","grid-50"],"jetpack_publicize_connections":[],"jetpack_featured_media_url":"","wps_subtitle":"","jetpack_sharing_enabled":true,"_links":{"self":[{"href":"https:\/\/www.hoymercedes.com.ar\/principal\/wp-json\/wp\/v2\/posts\/18828","targetHints":{"allow":["GET"]}}],"collection":[{"href":"https:\/\/www.hoymercedes.com.ar\/principal\/wp-json\/wp\/v2\/posts"}],"about":[{"href":"https:\/\/www.hoymercedes.com.ar\/principal\/wp-json\/wp\/v2\/types\/post"}],"author":[{"embeddable":true,"href":"https:\/\/www.hoymercedes.com.ar\/principal\/wp-json\/wp\/v2\/users\/1"}],"replies":[{"embeddable":true,"href":"https:\/\/www.hoymercedes.com.ar\/principal\/wp-json\/wp\/v2\/comments?post=18828"}],"version-history":[{"count":0,"href":"https:\/\/www.hoymercedes.com.ar\/principal\/wp-json\/wp\/v2\/posts\/18828\/revisions"}],"wp:attachment":[{"href":"https:\/\/www.hoymercedes.com.ar\/principal\/wp-json\/wp\/v2\/media?parent=18828"}],"wp:term":[{"taxonomy":"category","embeddable":true,"href":"https:\/\/www.hoymercedes.com.ar\/principal\/wp-json\/wp\/v2\/categories?post=18828"},{"taxonomy":"post_tag","embeddable":true,"href":"https:\/\/www.hoymercedes.com.ar\/principal\/wp-json\/wp\/v2\/tags?post=18828"}],"curies":[{"name":"wp","href":"https:\/\/api.w.org\/{rel}","templated":true}]}}