{"id":188300,"date":"2025-09-29T16:03:11","date_gmt":"2025-09-29T19:03:11","guid":{"rendered":"https:\/\/www.hoymercedes.com.ar\/principal\/?p=188300"},"modified":"2025-09-29T16:07:36","modified_gmt":"2025-09-29T19:07:36","slug":"kicillof-presento-el-programa-turistico-camino-real-y-mercedes-estuvo-presente","status":"publish","type":"post","link":"https:\/\/www.hoymercedes.com.ar\/principal\/2025\/09\/29\/kicillof-presento-el-programa-turistico-camino-real-y-mercedes-estuvo-presente\/","title":{"rendered":"Kicillof present\u00f3 el programa tur\u00edstico Camino Real y Mercedes estuvo presente"},"content":{"rendered":"\n<figure class=\"wp-block-image size-large\"><img loading=\"lazy\" decoding=\"async\" width=\"1024\" height=\"683\" data-attachment-id=\"188301\" data-permalink=\"https:\/\/www.hoymercedes.com.ar\/principal\/2025\/09\/29\/kicillof-presento-el-programa-turistico-camino-real-y-mercedes-estuvo-presente\/kicillof-lujan-turismo-ustarroz\/#main\" data-orig-file=\"https:\/\/www.hoymercedes.com.ar\/principal\/wp-content\/uploads\/2025\/09\/Kicillof-Lujan-Turismo-Ustarroz-scaled.jpg\" data-orig-size=\"2560,1707\" data-comments-opened=\"0\" data-image-meta=\"{&quot;aperture&quot;:&quot;2.8&quot;,&quot;credit&quot;:&quot;NICOLAS ABOAF&quot;,&quot;camera&quot;:&quot;Canon EOS R1&quot;,&quot;caption&quot;:&quot;&quot;,&quot;created_timestamp&quot;:&quot;1759150597&quot;,&quot;copyright&quot;:&quot;NICOLAS ABOAF&quot;,&quot;focal_length&quot;:&quot;15&quot;,&quot;iso&quot;:&quot;160&quot;,&quot;shutter_speed&quot;:&quot;0.0005&quot;,&quot;title&quot;:&quot;&quot;,&quot;orientation&quot;:&quot;0&quot;}\" data-image-title=\"Kicillof-Luj\u00e1n-Turismo-Ustarroz\" data-image-description=\"&lt;p&gt;Kicillof present\u00f3 el programa tur\u00edstico Camino Real y Mercedes estuvo presente&lt;\/p&gt;\n\" data-image-caption=\"&lt;p&gt;Kicillof present\u00f3 el programa tur\u00edstico Camino Real y Mercedes estuvo presente&lt;\/p&gt;\n\" data-large-file=\"https:\/\/www.hoymercedes.com.ar\/principal\/wp-content\/uploads\/2025\/09\/Kicillof-Lujan-Turismo-Ustarroz-1024x683.jpg\" src=\"https:\/\/www.hoymercedes.com.ar\/principal\/wp-content\/uploads\/2025\/09\/Kicillof-Lujan-Turismo-Ustarroz-1024x683.jpg\" alt=\"\" class=\"wp-image-188301\" srcset=\"https:\/\/www.hoymercedes.com.ar\/principal\/wp-content\/uploads\/2025\/09\/Kicillof-Lujan-Turismo-Ustarroz-1024x683.jpg 1024w, https:\/\/www.hoymercedes.com.ar\/principal\/wp-content\/uploads\/2025\/09\/Kicillof-Lujan-Turismo-Ustarroz-630x420.jpg 630w, https:\/\/www.hoymercedes.com.ar\/principal\/wp-content\/uploads\/2025\/09\/Kicillof-Lujan-Turismo-Ustarroz-150x100.jpg 150w, https:\/\/www.hoymercedes.com.ar\/principal\/wp-content\/uploads\/2025\/09\/Kicillof-Lujan-Turismo-Ustarroz-1536x1024.jpg 1536w, https:\/\/www.hoymercedes.com.ar\/principal\/wp-content\/uploads\/2025\/09\/Kicillof-Lujan-Turismo-Ustarroz-2048x1366.jpg 2048w\" sizes=\"auto, (max-width: 1024px) 100vw, 1024px\" \/><\/figure>\n\n\n\n<p><br>El gobernador de la provincia de Buenos Aires, <strong>Axel Kicillof<\/strong>, encabez\u00f3 este lunes en el municipio de Luj\u00e1n la presentaci\u00f3n del programa Camino Real para promover y potenciar el atractivo tur\u00edstico de la regi\u00f3n. Fue junto a la subsecretaria de Turismo, Soledad Mart\u00ednez; la presidenta del Consorcio de Gesti\u00f3n de Puerto Quequ\u00e9n, Jimena L\u00f3pez; y el intendente local, Leonardo Boto. Estuvo presente el intendente<strong> Juan I. Ustarroz<\/strong> y el director de turismo Francisco Dinova.<\/p>\n\n\n\n<p>En ese marco, Kicillof afirm\u00f3: \u201cEsta iniciativa permite reconstruir la identidad, la cultura y la historia de Luj\u00e1n y la regi\u00f3n, generando adem\u00e1s una serie de actividades para darle un mayor impulso al turismo bonaerense\u201d. \u201cMientras el Gobierno nacional no invierte ni un peso para generar empleo en el sector, en la provincia de Buenos Aires presentamos este programa porque el turismo es sin\u00f3nimo de descanso y de disfrute, pero tambi\u00e9n de esfuerzo y de trabajo\u201d, agreg\u00f3.<\/p>\n\n\n\n<p>\u201cLlevamos adelante este proyecto junto a intendentes de diferentes fuerzas pol\u00edticas, convencidos de que la soluci\u00f3n nunca va a ser insultar y atacar al que piensa distinto, sino trabajar juntos para llevarles soluciones a los y las bonaerenses\u00bb, sostuvo el Gobernador.<\/p>\n\n\n\n<p>El proyecto permitir\u00e1 identificar, preservar y poner en valor los tramos, postas y sitios hist\u00f3ricos vinculados al \u201cCamino Real\u201d creado en 1663 para unir el puerto de Buenos Aires con el Alto Per\u00fa. Prev\u00e9 el dise\u00f1o de circuitos tur\u00edsticos, fomentando la articulaci\u00f3n interjurisdiccional con otras provincias y el desarrollo de actividades conjuntas con pa\u00edses vecinos.<\/p>\n\n\n\n<p>Adem\u00e1s de Boto, firmaron un acta compromiso los intendentes de Bol\u00edvar, Marcos Pisano; de San Antonio de Areco, Francisco Ratto; de Mercedes, Juan Ustarroz; de San Andr\u00e9s de Giles; Miguel Gesualdi; de Suipacha, Juan Luis Mancini; de Baradero, Esteban Sanzio; y la intendenta de 9 de julio, Mar\u00eda Jos\u00e9 Gentile.<\/p>\n\n\n\n<p>Por su parte, Boto remarc\u00f3: \u00abEl lanzamiento del Camino Real es una pol\u00edtica p\u00fablica que busca recuperar el patrimonio hist\u00f3rico de Buenos Aires, uniendo pueblos y fortaleciendo el turismo cultural y religioso: Luj\u00e1n es un punto de encuentro entre la fe y la historia, y nuestro municipio es un destino clave cuando hablamos de identidad bonaerense\u201d.<\/p>\n\n\n\n<p>Durante la jornada, Kicillof y el ministro de Salud, Nicol\u00e1s Kreplak, pusieron en funcionamiento un nuevo tom\u00f3grafo para el Hospital Zonal General Nuestra Se\u00f1ora de Luj\u00e1n y entregaron una ambulancia para fortalecer la gesti\u00f3n de emergencias en el distrito.<\/p>\n","protected":false},"excerpt":{"rendered":"<p>El gobernador de la provincia de Buenos Aires, Axel Kicillof, encabez\u00f3 este lunes en el municipio de Luj\u00e1n la presentaci\u00f3n &#8230; <a title=\"Kicillof present\u00f3 el programa tur\u00edstico Camino Real y Mercedes estuvo presente\" class=\"read-more\" href=\"https:\/\/www.hoymercedes.com.ar\/principal\/2025\/09\/29\/kicillof-presento-el-programa-turistico-camino-real-y-mercedes-estuvo-presente\/\" aria-label=\"Leer m\u00e1s sobre Kicillof present\u00f3 el programa tur\u00edstico Camino Real y Mercedes estuvo presente\">Leer m\u00e1s<\/a><\/p>\n","protected":false},"author":1,"featured_media":188301,"comment_status":"closed","ping_status":"open","sticky":false,"template":"","format":"standard","meta":{"_monsterinsights_skip_tracking":false,"_monsterinsights_sitenote_active":false,"_monsterinsights_sitenote_note":"","_monsterinsights_sitenote_category":0,"jetpack_post_was_ever_published":false,"_jetpack_newsletter_access":"","_jetpack_dont_email_post_to_subs":false,"_jetpack_newsletter_tier_id":0,"_jetpack_memberships_contains_paywalled_content":false,"_jetpack_memberships_contains_paid_content":false,"footnotes":"","jetpack_publicize_message":"","jetpack_publicize_feature_enabled":true,"jetpack_social_post_already_shared":false,"jetpack_social_options":{"image_generator_settings":{"template":"highway","default_image_id":0,"font":"","enabled":false},"version":2},"_wpas_customize_per_network":false},"categories":[5501],"tags":[16581,20235,86,13960],"class_list":["post-188300","post","type-post","status-publish","format-standard","has-post-thumbnail","hentry","category-region","tag-kicillof","tag-leo-botto","tag-lujan","tag-ustaroz","generate-columns","tablet-grid-50","mobile-grid-100","grid-parent","grid-50"],"jetpack_publicize_connections":[],"jetpack_featured_media_url":"https:\/\/www.hoymercedes.com.ar\/principal\/wp-content\/uploads\/2025\/09\/Kicillof-Lujan-Turismo-Ustarroz-scaled.jpg","wps_subtitle":"Turismo","jetpack_sharing_enabled":true,"_links":{"self":[{"href":"https:\/\/www.hoymercedes.com.ar\/principal\/wp-json\/wp\/v2\/posts\/188300","targetHints":{"allow":["GET"]}}],"collection":[{"href":"https:\/\/www.hoymercedes.com.ar\/principal\/wp-json\/wp\/v2\/posts"}],"about":[{"href":"https:\/\/www.hoymercedes.com.ar\/principal\/wp-json\/wp\/v2\/types\/post"}],"author":[{"embeddable":true,"href":"https:\/\/www.hoymercedes.com.ar\/principal\/wp-json\/wp\/v2\/users\/1"}],"replies":[{"embeddable":true,"href":"https:\/\/www.hoymercedes.com.ar\/principal\/wp-json\/wp\/v2\/comments?post=188300"}],"version-history":[{"count":2,"href":"https:\/\/www.hoymercedes.com.ar\/principal\/wp-json\/wp\/v2\/posts\/188300\/revisions"}],"predecessor-version":[{"id":188303,"href":"https:\/\/www.hoymercedes.com.ar\/principal\/wp-json\/wp\/v2\/posts\/188300\/revisions\/188303"}],"wp:featuredmedia":[{"embeddable":true,"href":"https:\/\/www.hoymercedes.com.ar\/principal\/wp-json\/wp\/v2\/media\/188301"}],"wp:attachment":[{"href":"https:\/\/www.hoymercedes.com.ar\/principal\/wp-json\/wp\/v2\/media?parent=188300"}],"wp:term":[{"taxonomy":"category","embeddable":true,"href":"https:\/\/www.hoymercedes.com.ar\/principal\/wp-json\/wp\/v2\/categories?post=188300"},{"taxonomy":"post_tag","embeddable":true,"href":"https:\/\/www.hoymercedes.com.ar\/principal\/wp-json\/wp\/v2\/tags?post=188300"}],"curies":[{"name":"wp","href":"https:\/\/api.w.org\/{rel}","templated":true}]}}