{"id":18831,"date":"2012-12-18T00:51:07","date_gmt":"2012-12-18T00:51:07","guid":{"rendered":"http:\/\/www.hoymercedes.com.ar\/principal\/?p=18831"},"modified":"2012-12-18T00:51:50","modified_gmt":"2012-12-18T00:51:50","slug":"atacan-local-del-frente-mercedino-para-la-victoria","status":"publish","type":"post","link":"https:\/\/www.hoymercedes.com.ar\/principal\/2012\/12\/18\/atacan-local-del-frente-mercedino-para-la-victoria\/","title":{"rendered":"Atacan local del Frente Mercedino para la Victoria"},"content":{"rendered":"<figure id=\"attachment_18835\" aria-describedby=\"caption-attachment-18835\" style=\"width: 608px\" class=\"wp-caption aligncenter\"><a href=\"https:\/\/www.hoymercedes.com.ar\/principal\/wp-content\/uploads\/2012\/12\/Atentado-FrenteMercedino1.jpg\"><img loading=\"lazy\" decoding=\"async\" data-attachment-id=\"18835\" data-permalink=\"https:\/\/www.hoymercedes.com.ar\/principal\/2012\/12\/18\/atacan-local-del-frente-mercedino-para-la-victoria\/atentado-frentemercedino-2\/#main\" data-orig-file=\"https:\/\/www.hoymercedes.com.ar\/principal\/wp-content\/uploads\/2012\/12\/Atentado-FrenteMercedino1.jpg\" data-orig-size=\"618,464\" data-comments-opened=\"1\" data-image-meta=\"{&quot;aperture&quot;:&quot;0&quot;,&quot;credit&quot;:&quot;&quot;,&quot;camera&quot;:&quot;&quot;,&quot;caption&quot;:&quot;&quot;,&quot;created_timestamp&quot;:&quot;0&quot;,&quot;copyright&quot;:&quot;&quot;,&quot;focal_length&quot;:&quot;0&quot;,&quot;iso&quot;:&quot;0&quot;,&quot;shutter_speed&quot;:&quot;0&quot;,&quot;title&quot;:&quot;&quot;}\" data-image-title=\"Atentado-FrenteMercedino\" data-image-description=\"\" data-image-caption=\"\" data-large-file=\"https:\/\/www.hoymercedes.com.ar\/principal\/wp-content\/uploads\/2012\/12\/Atentado-FrenteMercedino1.jpg\" class=\"size-full wp-image-18835\" title=\"Local del Frente Mercedino para la Victoria- Foto: Frente Mercedino\" alt=\"Atentado-FrenteMercedino\" src=\"https:\/\/www.hoymercedes.com.ar\/principal\/wp-content\/uploads\/2012\/12\/Atentado-FrenteMercedino1.jpg\" width=\"618\" height=\"464\" \/><\/a><figcaption id=\"caption-attachment-18835\" class=\"wp-caption-text\">Local del Frente Mercedino para la Victoria- Foto: Frente Mercedino<\/figcaption><\/figure>\n<p>Durante el fin de semana el local del Frente Mercedino para la Victoria sufri\u00f3 la rotura de vidrio de su local as\u00ed como rupturas en veh\u00edculos de sus integrantes. Desde el espacio pol\u00edtico manifestaron toda su preocupaci\u00f3n generando una exposici\u00f3n en las redes sociales que ha recorrido la ciudad.<\/p>\n<p>Desde el espacio en Facebook sostuvieron: <em>\u00bb En la madrugada del domingo el local del Frente Mercedino para la Victoria fue nuevamente v\u00edctima de una violenta agresi\u00f3n. Uno de los vidrios del local recibi\u00f3 un piedrazo. Pero eso no fue todo, esa misma noche el veh\u00edculo de nuestro Diputado Nacional Eduardo Wado de Pedro sufri\u00f3 la rotura del parabrisas en la puerta de su domicilio y tambi\u00e9n al veh\u00edculo de un compa\u00f1ero ubicado en cercan\u00edas del local le provocaron rayaduras con insultos. No olvidemos que en la semana tambi\u00e9n, a d\u00edas de la inauguraci\u00f3n del embalizamiento del Aeroclub, robaron 350 metros de claves subterranos y 60 transformadores de la obra. No tenemos dudas que se trat\u00f3 de un atentado pol\u00edtico y estamos preocupados por c\u00f3mo ser\u00e1 entonces el a\u00f1o electoral.\u00a0Pero a la sociedad Mercedina les hacemos saber, que el Frente Mercedino para la Victoria jam\u00e1s tomar\u00e1 represalias de esta \u00edndole, porque nuestra \u00fanica herramienta de lucha es el trabajo.<\/em><\/p>\n<p>De esta manera la fuerza pol\u00edtica local menifest\u00f3 su opini\u00f3n y narr\u00f3 a la comunidad las circunstancias vividas. El hecho es sin duda un momento de preocupaci\u00f3n para la fuerza y la comunidad.<\/p>\n<p><span style=\"color: #888888;\">Fotos y fuente: Frente Mercedino para la Victoria<\/span><\/p>\n","protected":false},"excerpt":{"rendered":"<p>Durante el fin de semana el local del Frente Mercedino para la Victoria sufri\u00f3 la rotura de vidrio de su &#8230; <a title=\"Atacan local del Frente Mercedino para la Victoria\" class=\"read-more\" href=\"https:\/\/www.hoymercedes.com.ar\/principal\/2012\/12\/18\/atacan-local-del-frente-mercedino-para-la-victoria\/\" aria-label=\"Leer m\u00e1s sobre Atacan local del Frente Mercedino para la Victoria\">Leer m\u00e1s<\/a><\/p>\n","protected":false},"author":1,"featured_media":0,"comment_status":"open","ping_status":"open","sticky":false,"template":"","format":"standard","meta":{"_monsterinsights_skip_tracking":false,"_monsterinsights_sitenote_active":false,"_monsterinsights_sitenote_note":"","_monsterinsights_sitenote_category":0,"jetpack_post_was_ever_published":false,"_jetpack_newsletter_access":"","_jetpack_dont_email_post_to_subs":false,"_jetpack_newsletter_tier_id":0,"_jetpack_memberships_contains_paywalled_content":false,"_jetpack_memberships_contains_paid_content":false,"footnotes":"","jetpack_publicize_message":"","jetpack_publicize_feature_enabled":true,"jetpack_social_post_already_shared":false,"jetpack_social_options":{"image_generator_settings":{"template":"highway","default_image_id":0,"font":"","enabled":false},"version":2},"_wpas_customize_per_network":false},"categories":[5],"tags":[379],"class_list":["post-18831","post","type-post","status-publish","format-standard","hentry","category-politica","tag-frente-mercedino-para-la-victoria","generate-columns","tablet-grid-50","mobile-grid-100","grid-parent","grid-50"],"jetpack_publicize_connections":[],"jetpack_featured_media_url":"","wps_subtitle":"","jetpack_sharing_enabled":true,"_links":{"self":[{"href":"https:\/\/www.hoymercedes.com.ar\/principal\/wp-json\/wp\/v2\/posts\/18831","targetHints":{"allow":["GET"]}}],"collection":[{"href":"https:\/\/www.hoymercedes.com.ar\/principal\/wp-json\/wp\/v2\/posts"}],"about":[{"href":"https:\/\/www.hoymercedes.com.ar\/principal\/wp-json\/wp\/v2\/types\/post"}],"author":[{"embeddable":true,"href":"https:\/\/www.hoymercedes.com.ar\/principal\/wp-json\/wp\/v2\/users\/1"}],"replies":[{"embeddable":true,"href":"https:\/\/www.hoymercedes.com.ar\/principal\/wp-json\/wp\/v2\/comments?post=18831"}],"version-history":[{"count":0,"href":"https:\/\/www.hoymercedes.com.ar\/principal\/wp-json\/wp\/v2\/posts\/18831\/revisions"}],"wp:attachment":[{"href":"https:\/\/www.hoymercedes.com.ar\/principal\/wp-json\/wp\/v2\/media?parent=18831"}],"wp:term":[{"taxonomy":"category","embeddable":true,"href":"https:\/\/www.hoymercedes.com.ar\/principal\/wp-json\/wp\/v2\/categories?post=18831"},{"taxonomy":"post_tag","embeddable":true,"href":"https:\/\/www.hoymercedes.com.ar\/principal\/wp-json\/wp\/v2\/tags?post=18831"}],"curies":[{"name":"wp","href":"https:\/\/api.w.org\/{rel}","templated":true}]}}