{"id":18844,"date":"2012-12-18T01:13:07","date_gmt":"2012-12-18T01:13:07","guid":{"rendered":"http:\/\/www.hoymercedes.com.ar\/principal\/?p=18844"},"modified":"2012-12-18T01:13:39","modified_gmt":"2012-12-18T01:13:39","slug":"satisfaccion-en-ucr-por-el-ano-vivido-y-un-cierre-con-importantes-visitas","status":"publish","type":"post","link":"https:\/\/www.hoymercedes.com.ar\/principal\/2012\/12\/18\/satisfaccion-en-ucr-por-el-ano-vivido-y-un-cierre-con-importantes-visitas\/","title":{"rendered":"Satisfacci\u00f3n en UCR por el a\u00f1o vivido y un cierre con importantes visitas"},"content":{"rendered":"<p><a href=\"https:\/\/www.hoymercedes.com.ar\/principal\/wp-content\/uploads\/2012\/12\/UCR-Meijida-Santoro.jpg\"><img loading=\"lazy\" decoding=\"async\" data-attachment-id=\"18846\" data-permalink=\"https:\/\/www.hoymercedes.com.ar\/principal\/2012\/12\/18\/satisfaccion-en-ucr-por-el-ano-vivido-y-un-cierre-con-importantes-visitas\/ucr-meijida-santoro\/#main\" data-orig-file=\"https:\/\/www.hoymercedes.com.ar\/principal\/wp-content\/uploads\/2012\/12\/UCR-Meijida-Santoro.jpg\" data-orig-size=\"618,464\" data-comments-opened=\"1\" data-image-meta=\"{&quot;aperture&quot;:&quot;0&quot;,&quot;credit&quot;:&quot;&quot;,&quot;camera&quot;:&quot;&quot;,&quot;caption&quot;:&quot;&quot;,&quot;created_timestamp&quot;:&quot;0&quot;,&quot;copyright&quot;:&quot;&quot;,&quot;focal_length&quot;:&quot;0&quot;,&quot;iso&quot;:&quot;0&quot;,&quot;shutter_speed&quot;:&quot;0&quot;,&quot;title&quot;:&quot;&quot;}\" data-image-title=\"UCR-Meijida-Santoro\" data-image-description=\"\" data-image-caption=\"\" data-large-file=\"https:\/\/www.hoymercedes.com.ar\/principal\/wp-content\/uploads\/2012\/12\/UCR-Meijida-Santoro.jpg\" class=\"aligncenter size-full wp-image-18846\" alt=\"UCR-Meijida-Santoro\" src=\"https:\/\/www.hoymercedes.com.ar\/principal\/wp-content\/uploads\/2012\/12\/UCR-Meijida-Santoro.jpg\" width=\"618\" height=\"464\" \/><\/a><\/p>\n<p>Desde la Uni\u00f3n C\u00edvica Radical manifestaron su satisfacci\u00f3n por el fin de a\u00f1o que est\u00e1n viviendo. Un a\u00f1o en que tuvieron elecciones con un cambio de conducci\u00f3n y buscaron poner el partido en la escena p\u00fablica con actos, encuentros y propuestas.<\/p>\n<p>Desde el propio espacio pol\u00edtico que hoy posee la conducci\u00f3n partidaria local a manos de Oscar Albini dieron a conocer su satisfacci\u00f3n por haber cerrado el a\u00f1o en un encuentro en el Club Comunicaciones con un buen marco de p\u00fablico y las visitas de Graciela Fern\u00e1ndez Meijida y Daniel Salvador.<\/p>\n<p>La opini\u00f3n de la\u00a0Uni\u00f3n\u00a0C\u00edvica Radical es la siguiente:<\/p>\n<h2><strong>Excelente cierre de a\u00f1o para las nuevas autoridades locales<\/strong><\/h2>\n<p>En un marco muy importante, la \u00faltima actividad del a\u00f1o del comit\u00e9 local fue un gran \u00e9xito. El s\u00e1bado 15 de diciembre en instalaciones del Club Comunicaciones, se realiz\u00f3 un acto en conmemoraci\u00f3n de los 29 a\u00f1os de la creaci\u00f3n de la CONADEP.<\/p>\n<p>Con m\u00e1s de un centenar de asistentes, entre ellos dirigentes y concejales de otras fuerzas pol\u00edticas, se proyecto un v\u00eddeo del momento en que Ernesto S\u00e1bato junto con toda la comisi\u00f3n le hacia entrega al reci\u00e9n electo presidente, Ra\u00fal Alfonsin, el informe final. Ese informe es el hist\u00f3rico libro \u00abNunca M\u00e1s\u00bb.<\/p>\n<p>En la mesa de oradores se encontraban Oscar Albini, Daniel Salvador y Graciela Fern\u00e1ndez Meijide, estos dos \u00faltimos miembros de la conadep.<\/p>\n<p>Albini hizo uso de la palabra y remarc\u00f3 el car\u00e1cter amplio de esta actividad, que pretend\u00eda trascender la cosa partidaria y por otro lado lanz\u00f3 una cr\u00edtica a todos aquellos sectores pol\u00edticos que quieren apropiarse de la cuesti\u00f3n de los derechos humanos intentando instalar que la pol\u00edtica de derechos humanos en Argentina comenz\u00f3 en el a\u00f1o 2003, en una clara cr\u00edtica al kirchnerismo.<\/p>\n<p>En segundo lugar habl\u00f3 Daniel Salvador, quien hizo hincapi\u00e9 en al car\u00e1cter hist\u00f3rico que tuvo la comisi\u00f3n y detallado las conversaciones con el entonces presidente de la naci\u00f3n, d\u00f3nde quedaba claro la decisi\u00f3n de Ra\u00fal Alfonsin de llevar adelante su promesa de campa\u00f1a de enjuiciar a las juntas militares.<\/p>\n<p>Para el final, Graciela Fern\u00e1ndez Meijide, con un lenguaje coloquial y ameno, dio su perspectiva hist\u00f3rica de la cuesti\u00f3n de los DDHH, mezclando con an\u00e9cdotas vividas durante los primeros a\u00f1os de la democracia y su labor en la Conadep. \u00abNosotros entramos mil veces a la ESMA, en b\u00fasqueda de la verdead, desde el retorno a la democracia\u00bb, en alusi\u00f3n a los dichos de N\u00e9stor Kirchner, cuando en un acto en la ESMA, insinu\u00f3 que era la primera vez que el Estado Nacional hacia algo por los DDHH.<\/p>\n<p>Para finalizar plante\u00f3 la necesidad de pensar seriamente la cuesti\u00f3n de la inclusi\u00f3n social en Argentina, revalorizar la salud y la educaci\u00f3n p\u00fablica como medio para la verdadera defensa de los DDHH.<\/p>\n<p>&nbsp;<\/p>\n","protected":false},"excerpt":{"rendered":"<p>Desde la Uni\u00f3n C\u00edvica Radical manifestaron su satisfacci\u00f3n por el fin de a\u00f1o que est\u00e1n viviendo. Un a\u00f1o en que &#8230; <a title=\"Satisfacci\u00f3n en UCR por el a\u00f1o vivido y un cierre con importantes visitas\" class=\"read-more\" href=\"https:\/\/www.hoymercedes.com.ar\/principal\/2012\/12\/18\/satisfaccion-en-ucr-por-el-ano-vivido-y-un-cierre-con-importantes-visitas\/\" aria-label=\"Leer m\u00e1s sobre Satisfacci\u00f3n en UCR por el a\u00f1o vivido y un cierre con importantes visitas\">Leer m\u00e1s<\/a><\/p>\n","protected":false},"author":1,"featured_media":0,"comment_status":"open","ping_status":"open","sticky":false,"template":"","format":"standard","meta":{"_monsterinsights_skip_tracking":false,"_monsterinsights_sitenote_active":false,"_monsterinsights_sitenote_note":"","_monsterinsights_sitenote_category":0,"jetpack_post_was_ever_published":false,"_jetpack_newsletter_access":"","_jetpack_dont_email_post_to_subs":false,"_jetpack_newsletter_tier_id":0,"_jetpack_memberships_contains_paywalled_content":false,"_jetpack_memberships_contains_paid_content":false,"footnotes":"","jetpack_publicize_message":"","jetpack_publicize_feature_enabled":true,"jetpack_social_post_already_shared":false,"jetpack_social_options":{"image_generator_settings":{"template":"highway","default_image_id":0,"font":"","enabled":false},"version":2},"_wpas_customize_per_network":false},"categories":[5],"tags":[3083,2834,408,3084],"class_list":["post-18844","post","type-post","status-publish","format-standard","hentry","category-politica","tag-graciela-fernandez-meijida","tag-oscar-albini","tag-ucr","tag-union-civica-radica","generate-columns","tablet-grid-50","mobile-grid-100","grid-parent","grid-50"],"jetpack_publicize_connections":[],"jetpack_featured_media_url":"","wps_subtitle":"","jetpack_sharing_enabled":true,"_links":{"self":[{"href":"https:\/\/www.hoymercedes.com.ar\/principal\/wp-json\/wp\/v2\/posts\/18844","targetHints":{"allow":["GET"]}}],"collection":[{"href":"https:\/\/www.hoymercedes.com.ar\/principal\/wp-json\/wp\/v2\/posts"}],"about":[{"href":"https:\/\/www.hoymercedes.com.ar\/principal\/wp-json\/wp\/v2\/types\/post"}],"author":[{"embeddable":true,"href":"https:\/\/www.hoymercedes.com.ar\/principal\/wp-json\/wp\/v2\/users\/1"}],"replies":[{"embeddable":true,"href":"https:\/\/www.hoymercedes.com.ar\/principal\/wp-json\/wp\/v2\/comments?post=18844"}],"version-history":[{"count":0,"href":"https:\/\/www.hoymercedes.com.ar\/principal\/wp-json\/wp\/v2\/posts\/18844\/revisions"}],"wp:attachment":[{"href":"https:\/\/www.hoymercedes.com.ar\/principal\/wp-json\/wp\/v2\/media?parent=18844"}],"wp:term":[{"taxonomy":"category","embeddable":true,"href":"https:\/\/www.hoymercedes.com.ar\/principal\/wp-json\/wp\/v2\/categories?post=18844"},{"taxonomy":"post_tag","embeddable":true,"href":"https:\/\/www.hoymercedes.com.ar\/principal\/wp-json\/wp\/v2\/tags?post=18844"}],"curies":[{"name":"wp","href":"https:\/\/api.w.org\/{rel}","templated":true}]}}