{"id":188541,"date":"2025-10-07T20:04:27","date_gmt":"2025-10-07T23:04:27","guid":{"rendered":"https:\/\/www.hoymercedes.com.ar\/principal\/?p=188541"},"modified":"2025-10-07T20:04:45","modified_gmt":"2025-10-07T23:04:45","slug":"caidim-tuvo-su-cena-solidaria-con-amplia-participacion","status":"publish","type":"post","link":"https:\/\/www.hoymercedes.com.ar\/principal\/2025\/10\/07\/caidim-tuvo-su-cena-solidaria-con-amplia-participacion\/","title":{"rendered":"CAIDIM tuvo su cena solidaria con amplia participaci\u00f3n"},"content":{"rendered":"\n<figure class=\"wp-block-image size-large\"><img loading=\"lazy\" decoding=\"async\" width=\"1024\" height=\"576\" data-attachment-id=\"188542\" data-permalink=\"https:\/\/www.hoymercedes.com.ar\/principal\/2025\/10\/07\/caidim-tuvo-su-cena-solidaria-con-amplia-participacion\/caidim-cena-solidaria\/#main\" data-orig-file=\"https:\/\/www.hoymercedes.com.ar\/principal\/wp-content\/uploads\/2025\/10\/CAIDIM-Cena-Solidaria.jpg\" data-orig-size=\"1280,720\" data-comments-opened=\"0\" data-image-meta=\"{&quot;aperture&quot;:&quot;0&quot;,&quot;credit&quot;:&quot;&quot;,&quot;camera&quot;:&quot;&quot;,&quot;caption&quot;:&quot;&quot;,&quot;created_timestamp&quot;:&quot;0&quot;,&quot;copyright&quot;:&quot;&quot;,&quot;focal_length&quot;:&quot;0&quot;,&quot;iso&quot;:&quot;0&quot;,&quot;shutter_speed&quot;:&quot;0&quot;,&quot;title&quot;:&quot;&quot;,&quot;orientation&quot;:&quot;0&quot;}\" data-image-title=\"CAIDIM tuvo su cena solidaria con amplia participaci\u00f3n\" data-image-description=\"\" data-image-caption=\"&lt;p&gt;CAIDIM tuvo su cena solidaria con amplia participaci\u00f3n&lt;\/p&gt;\n\" data-large-file=\"https:\/\/www.hoymercedes.com.ar\/principal\/wp-content\/uploads\/2025\/10\/CAIDIM-Cena-Solidaria-1024x576.jpg\" src=\"https:\/\/www.hoymercedes.com.ar\/principal\/wp-content\/uploads\/2025\/10\/CAIDIM-Cena-Solidaria-1024x576.jpg\" alt=\"\" class=\"wp-image-188542\" srcset=\"https:\/\/www.hoymercedes.com.ar\/principal\/wp-content\/uploads\/2025\/10\/CAIDIM-Cena-Solidaria-1024x576.jpg 1024w, https:\/\/www.hoymercedes.com.ar\/principal\/wp-content\/uploads\/2025\/10\/CAIDIM-Cena-Solidaria-630x354.jpg 630w, https:\/\/www.hoymercedes.com.ar\/principal\/wp-content\/uploads\/2025\/10\/CAIDIM-Cena-Solidaria-150x84.jpg 150w, https:\/\/www.hoymercedes.com.ar\/principal\/wp-content\/uploads\/2025\/10\/CAIDIM-Cena-Solidaria.jpg 1280w\" sizes=\"auto, (max-width: 1024px) 100vw, 1024px\" \/><\/figure>\n\n\n\n<p>Se llev\u00f3 adelante un nuevo encuentro solidario. Fue en beneficio de CAIDIM, que est\u00e1 pasando un momento dif\u00edcil. La velada se desarroll\u00f3 en la sede del Hogar Granja Arco Iris el pasado s\u00e1bado. Hubo cena, baile y show en vivo.<\/p>\n\n\n\n<p>La iniciativa de la respetada instituci\u00f3n cont\u00f3 con el apoyo del municipio y la propia comisi\u00f3n de la \u201cgranjita\u201d que prest\u00f3 sus instalaciones para la realizaci\u00f3n de la movida solidaria.<\/p>\n\n\n\n<figure class=\"wp-block-image size-large\"><img loading=\"lazy\" decoding=\"async\" width=\"1024\" height=\"576\" data-attachment-id=\"188543\" data-permalink=\"https:\/\/www.hoymercedes.com.ar\/principal\/2025\/10\/07\/caidim-tuvo-su-cena-solidaria-con-amplia-participacion\/caidim-cena-solidaria-2\/#main\" data-orig-file=\"https:\/\/www.hoymercedes.com.ar\/principal\/wp-content\/uploads\/2025\/10\/CAIDIM-Cena-Solidaria.2.jpg\" data-orig-size=\"1280,720\" data-comments-opened=\"0\" data-image-meta=\"{&quot;aperture&quot;:&quot;0&quot;,&quot;credit&quot;:&quot;&quot;,&quot;camera&quot;:&quot;&quot;,&quot;caption&quot;:&quot;&quot;,&quot;created_timestamp&quot;:&quot;0&quot;,&quot;copyright&quot;:&quot;&quot;,&quot;focal_length&quot;:&quot;0&quot;,&quot;iso&quot;:&quot;0&quot;,&quot;shutter_speed&quot;:&quot;0&quot;,&quot;title&quot;:&quot;&quot;,&quot;orientation&quot;:&quot;0&quot;}\" data-image-title=\"CAIDIM tuvo su cena solidaria con amplia participaci\u00f3n\" data-image-description=\"\" data-image-caption=\"\" data-large-file=\"https:\/\/www.hoymercedes.com.ar\/principal\/wp-content\/uploads\/2025\/10\/CAIDIM-Cena-Solidaria.2-1024x576.jpg\" src=\"https:\/\/www.hoymercedes.com.ar\/principal\/wp-content\/uploads\/2025\/10\/CAIDIM-Cena-Solidaria.2-1024x576.jpg\" alt=\"\" class=\"wp-image-188543\" srcset=\"https:\/\/www.hoymercedes.com.ar\/principal\/wp-content\/uploads\/2025\/10\/CAIDIM-Cena-Solidaria.2-1024x576.jpg 1024w, https:\/\/www.hoymercedes.com.ar\/principal\/wp-content\/uploads\/2025\/10\/CAIDIM-Cena-Solidaria.2-630x354.jpg 630w, https:\/\/www.hoymercedes.com.ar\/principal\/wp-content\/uploads\/2025\/10\/CAIDIM-Cena-Solidaria.2-150x84.jpg 150w, https:\/\/www.hoymercedes.com.ar\/principal\/wp-content\/uploads\/2025\/10\/CAIDIM-Cena-Solidaria.2.jpg 1280w\" sizes=\"auto, (max-width: 1024px) 100vw, 1024px\" \/><\/figure>\n\n\n\n<p><strong>Apoyo<\/strong><\/p>\n\n\n\n<p>La cena cont\u00f3 con un amplio apoyo de la ciudadan\u00eda que adquiri\u00f3 las tarjetas y asisti\u00f3.<\/p>\n\n\n\n<p><strong>Contexto<\/strong><\/p>\n\n\n\n<p>Cabe recordar que las personas con disparidad est\u00e1n pasando un mal momento producto de las pol\u00edticas de quita de subsidio y pensiones a instancias del gobierno de Javier Milei, siendo justamente \u00e9sta \u00e1rea investigada por la justicia acusados de recibir presuntamente coimas por parte de las droguer\u00edas vinculando el famoso 3%.<\/p>\n","protected":false},"excerpt":{"rendered":"<p>Se llev\u00f3 adelante un nuevo encuentro solidario. Fue en beneficio de CAIDIM, que est\u00e1 pasando un momento dif\u00edcil. La velada &#8230; <a title=\"CAIDIM tuvo su cena solidaria con amplia participaci\u00f3n\" class=\"read-more\" href=\"https:\/\/www.hoymercedes.com.ar\/principal\/2025\/10\/07\/caidim-tuvo-su-cena-solidaria-con-amplia-participacion\/\" aria-label=\"Leer m\u00e1s sobre CAIDIM tuvo su cena solidaria con amplia participaci\u00f3n\">Leer m\u00e1s<\/a><\/p>\n","protected":false},"author":1,"featured_media":188543,"comment_status":"closed","ping_status":"open","sticky":false,"template":"","format":"standard","meta":{"_monsterinsights_skip_tracking":false,"_monsterinsights_sitenote_active":false,"_monsterinsights_sitenote_note":"","_monsterinsights_sitenote_category":0,"jetpack_post_was_ever_published":false,"_jetpack_newsletter_access":"","_jetpack_dont_email_post_to_subs":false,"_jetpack_newsletter_tier_id":0,"_jetpack_memberships_contains_paywalled_content":false,"_jetpack_memberships_contains_paid_content":false,"footnotes":"","jetpack_publicize_message":"","jetpack_publicize_feature_enabled":true,"jetpack_social_post_already_shared":false,"jetpack_social_options":{"image_generator_settings":{"template":"highway","default_image_id":0,"font":"","enabled":false},"version":2},"_wpas_customize_per_network":false},"categories":[8],"tags":[2483,197,20315],"class_list":["post-188541","post","type-post","status-publish","format-standard","has-post-thumbnail","hentry","category-sociedad","tag-caidim","tag-municipalidad-de-mercedes","tag-solidaridad-en-mercedes","generate-columns","tablet-grid-50","mobile-grid-100","grid-parent","grid-50"],"jetpack_publicize_connections":[],"jetpack_featured_media_url":"https:\/\/www.hoymercedes.com.ar\/principal\/wp-content\/uploads\/2025\/10\/CAIDIM-Cena-Solidaria.2.jpg","wps_subtitle":"Solidaridad","jetpack_sharing_enabled":true,"_links":{"self":[{"href":"https:\/\/www.hoymercedes.com.ar\/principal\/wp-json\/wp\/v2\/posts\/188541","targetHints":{"allow":["GET"]}}],"collection":[{"href":"https:\/\/www.hoymercedes.com.ar\/principal\/wp-json\/wp\/v2\/posts"}],"about":[{"href":"https:\/\/www.hoymercedes.com.ar\/principal\/wp-json\/wp\/v2\/types\/post"}],"author":[{"embeddable":true,"href":"https:\/\/www.hoymercedes.com.ar\/principal\/wp-json\/wp\/v2\/users\/1"}],"replies":[{"embeddable":true,"href":"https:\/\/www.hoymercedes.com.ar\/principal\/wp-json\/wp\/v2\/comments?post=188541"}],"version-history":[{"count":2,"href":"https:\/\/www.hoymercedes.com.ar\/principal\/wp-json\/wp\/v2\/posts\/188541\/revisions"}],"predecessor-version":[{"id":188545,"href":"https:\/\/www.hoymercedes.com.ar\/principal\/wp-json\/wp\/v2\/posts\/188541\/revisions\/188545"}],"wp:featuredmedia":[{"embeddable":true,"href":"https:\/\/www.hoymercedes.com.ar\/principal\/wp-json\/wp\/v2\/media\/188543"}],"wp:attachment":[{"href":"https:\/\/www.hoymercedes.com.ar\/principal\/wp-json\/wp\/v2\/media?parent=188541"}],"wp:term":[{"taxonomy":"category","embeddable":true,"href":"https:\/\/www.hoymercedes.com.ar\/principal\/wp-json\/wp\/v2\/categories?post=188541"},{"taxonomy":"post_tag","embeddable":true,"href":"https:\/\/www.hoymercedes.com.ar\/principal\/wp-json\/wp\/v2\/tags?post=188541"}],"curies":[{"name":"wp","href":"https:\/\/api.w.org\/{rel}","templated":true}]}}