{"id":188620,"date":"2025-10-09T21:01:13","date_gmt":"2025-10-10T00:01:13","guid":{"rendered":"https:\/\/www.hoymercedes.com.ar\/principal\/?p=188620"},"modified":"2025-10-09T21:01:15","modified_gmt":"2025-10-10T00:01:15","slug":"finalizo-la-obra-planificada-de-mejora-de-cano-maestro","status":"publish","type":"post","link":"https:\/\/www.hoymercedes.com.ar\/principal\/2025\/10\/09\/finalizo-la-obra-planificada-de-mejora-de-cano-maestro\/","title":{"rendered":"Finaliz\u00f3 la obra planificada de mejora de ca\u00f1o maestro"},"content":{"rendered":"\n<figure class=\"wp-block-image size-full\"><img loading=\"lazy\" decoding=\"async\" width=\"950\" height=\"600\" data-attachment-id=\"188619\" data-permalink=\"https:\/\/www.hoymercedes.com.ar\/principal\/reparacion-cano-maestro\/\" data-orig-file=\"https:\/\/www.hoymercedes.com.ar\/principal\/wp-content\/uploads\/2025\/10\/Reparacion-Cano-Maestro.jpg\" data-orig-size=\"950,600\" data-comments-opened=\"0\" data-image-meta=\"{&quot;aperture&quot;:&quot;0&quot;,&quot;credit&quot;:&quot;&quot;,&quot;camera&quot;:&quot;&quot;,&quot;caption&quot;:&quot;&quot;,&quot;created_timestamp&quot;:&quot;0&quot;,&quot;copyright&quot;:&quot;&quot;,&quot;focal_length&quot;:&quot;0&quot;,&quot;iso&quot;:&quot;0&quot;,&quot;shutter_speed&quot;:&quot;0&quot;,&quot;title&quot;:&quot;&quot;,&quot;orientation&quot;:&quot;0&quot;}\" data-image-title=\"Reparacion-Ca\u00f1o-Maestro\" data-image-description=\"&lt;p&gt;Reparaci\u00f3n Ca\u00f1o Maestro &lt;\/p&gt;\n\" data-image-caption=\"&lt;p&gt;Reparaci\u00f3n Ca\u00f1o Maestro &lt;\/p&gt;\n\" data-large-file=\"https:\/\/www.hoymercedes.com.ar\/principal\/wp-content\/uploads\/2025\/10\/Reparacion-Cano-Maestro.jpg\" src=\"https:\/\/www.hoymercedes.com.ar\/principal\/wp-content\/uploads\/2025\/10\/Reparacion-Cano-Maestro.jpg\" alt=\"Reparaci\u00f3n Ca\u00f1o Maestro \" class=\"wp-image-188619\" srcset=\"https:\/\/www.hoymercedes.com.ar\/principal\/wp-content\/uploads\/2025\/10\/Reparacion-Cano-Maestro.jpg 950w, https:\/\/www.hoymercedes.com.ar\/principal\/wp-content\/uploads\/2025\/10\/Reparacion-Cano-Maestro-630x398.jpg 630w, https:\/\/www.hoymercedes.com.ar\/principal\/wp-content\/uploads\/2025\/10\/Reparacion-Cano-Maestro-150x95.jpg 150w\" sizes=\"auto, (max-width: 950px) 100vw, 950px\" \/><figcaption class=\"wp-element-caption\">Reparaci\u00f3n Ca\u00f1o Maestro <\/figcaption><\/figure>\n\n\n\n<p>El equipo de Servicios P\u00fablicos efectu\u00f3 durante casi dos horas una importante intervenci\u00f3n en un ca\u00f1o maestro de distribuci\u00f3n de agua situado en cercan\u00edas del predio de Agua Corriente. Se busc\u00f3 dar mejor cantidad y calidad al servicio.<\/p>\n\n\n\n<p>Lu\u00eds Ponce, subsecretario del \u00e1rea, expres\u00f3 que \u201cha sido una gran tarea planificada y efectuada en un horario que busc\u00f3 no perjudicar ninguna instituci\u00f3n ni servicio esencial, pero si era necesario efectuarla\u201d coment\u00f3 y dijo \u201cno bien se finaliz\u00f3 se restituy\u00f3 el servicio y fue paulatinamente llegando r\u00e1pidamente a cada hogar\u201d manifest\u00f3,<\/p>\n\n\n\n<p>Narr\u00f3 que \u201cestos ca\u00f1os, muchos de ellos, datan de la d\u00e9cada del 20 del siglo pasada y est\u00e1n siendo moment\u00e1neamente intervenidos, pero en el marco de la planificaci\u00f3n integral que nos impulsa nuestro intendente Ustarroz est\u00e1n siendo objeto de incorporaciones en pr\u00f3ximas licitaciones donde ya se efectu\u00f3 una consulta p\u00fablica para poder efectuar su cambio total e integral\u201d coment\u00f3.<\/p>\n\n\n\n<p>Las taras estuvieron a cargo de la subsecretar\u00eda mencionada y del equipo de Agua Corriente municipal.<\/p>\n","protected":false},"excerpt":{"rendered":"<p>El equipo de Servicios P\u00fablicos efectu\u00f3 durante casi dos horas una importante intervenci\u00f3n en un ca\u00f1o maestro de distribuci\u00f3n de &#8230; <a title=\"Finaliz\u00f3 la obra planificada de mejora de ca\u00f1o maestro\" class=\"read-more\" href=\"https:\/\/www.hoymercedes.com.ar\/principal\/2025\/10\/09\/finalizo-la-obra-planificada-de-mejora-de-cano-maestro\/\" aria-label=\"Leer m\u00e1s sobre Finaliz\u00f3 la obra planificada de mejora de ca\u00f1o maestro\">Leer m\u00e1s<\/a><\/p>\n","protected":false},"author":1,"featured_media":188619,"comment_status":"closed","ping_status":"open","sticky":false,"template":"","format":"standard","meta":{"_monsterinsights_skip_tracking":false,"_monsterinsights_sitenote_active":false,"_monsterinsights_sitenote_note":"","_monsterinsights_sitenote_category":0,"jetpack_post_was_ever_published":false,"_jetpack_newsletter_access":"","_jetpack_dont_email_post_to_subs":false,"_jetpack_newsletter_tier_id":0,"_jetpack_memberships_contains_paywalled_content":false,"_jetpack_memberships_contains_paid_content":false,"footnotes":"","jetpack_publicize_message":"","jetpack_publicize_feature_enabled":true,"jetpack_social_post_already_shared":false,"jetpack_social_options":{"image_generator_settings":{"template":"highway","default_image_id":0,"font":"","enabled":false},"version":2},"_wpas_customize_per_network":false},"categories":[30],"tags":[16188,8628],"class_list":["post-188620","post","type-post","status-publish","format-standard","has-post-thumbnail","hentry","category-municipio","tag-luis-ponce","tag-servicios-publicos","generate-columns","tablet-grid-50","mobile-grid-100","grid-parent","grid-50"],"jetpack_publicize_connections":[],"jetpack_featured_media_url":"https:\/\/www.hoymercedes.com.ar\/principal\/wp-content\/uploads\/2025\/10\/Reparacion-Cano-Maestro.jpg","wps_subtitle":"Obra p\u00fablica","jetpack_sharing_enabled":true,"_links":{"self":[{"href":"https:\/\/www.hoymercedes.com.ar\/principal\/wp-json\/wp\/v2\/posts\/188620","targetHints":{"allow":["GET"]}}],"collection":[{"href":"https:\/\/www.hoymercedes.com.ar\/principal\/wp-json\/wp\/v2\/posts"}],"about":[{"href":"https:\/\/www.hoymercedes.com.ar\/principal\/wp-json\/wp\/v2\/types\/post"}],"author":[{"embeddable":true,"href":"https:\/\/www.hoymercedes.com.ar\/principal\/wp-json\/wp\/v2\/users\/1"}],"replies":[{"embeddable":true,"href":"https:\/\/www.hoymercedes.com.ar\/principal\/wp-json\/wp\/v2\/comments?post=188620"}],"version-history":[{"count":2,"href":"https:\/\/www.hoymercedes.com.ar\/principal\/wp-json\/wp\/v2\/posts\/188620\/revisions"}],"predecessor-version":[{"id":188622,"href":"https:\/\/www.hoymercedes.com.ar\/principal\/wp-json\/wp\/v2\/posts\/188620\/revisions\/188622"}],"wp:featuredmedia":[{"embeddable":true,"href":"https:\/\/www.hoymercedes.com.ar\/principal\/wp-json\/wp\/v2\/media\/188619"}],"wp:attachment":[{"href":"https:\/\/www.hoymercedes.com.ar\/principal\/wp-json\/wp\/v2\/media?parent=188620"}],"wp:term":[{"taxonomy":"category","embeddable":true,"href":"https:\/\/www.hoymercedes.com.ar\/principal\/wp-json\/wp\/v2\/categories?post=188620"},{"taxonomy":"post_tag","embeddable":true,"href":"https:\/\/www.hoymercedes.com.ar\/principal\/wp-json\/wp\/v2\/tags?post=188620"}],"curies":[{"name":"wp","href":"https:\/\/api.w.org\/{rel}","templated":true}]}}