{"id":188629,"date":"2025-10-09T21:47:39","date_gmt":"2025-10-10T00:47:39","guid":{"rendered":"https:\/\/www.hoymercedes.com.ar\/principal\/?p=188629"},"modified":"2025-10-09T21:47:40","modified_gmt":"2025-10-10T00:47:40","slug":"comienza-el-7-festival-de-cerveceros-mercedinos-en-el-parque-municipal-independencia","status":"publish","type":"post","link":"https:\/\/www.hoymercedes.com.ar\/principal\/2025\/10\/09\/comienza-el-7-festival-de-cerveceros-mercedinos-en-el-parque-municipal-independencia\/","title":{"rendered":"Comienza el 7\u00b0 Festival de Cerveceros Mercedinos en el Parque Municipal Independencia"},"content":{"rendered":"\n<figure class=\"wp-block-image size-large\"><img loading=\"lazy\" decoding=\"async\" width=\"1024\" height=\"684\" data-attachment-id=\"188630\" data-permalink=\"https:\/\/www.hoymercedes.com.ar\/principal\/2025\/10\/09\/comienza-el-7-festival-de-cerveceros-mercedinos-en-el-parque-municipal-independencia\/mhm_2381\/#main\" data-orig-file=\"https:\/\/www.hoymercedes.com.ar\/principal\/wp-content\/uploads\/2025\/10\/MHM_2381.jpg\" data-orig-size=\"1316,879\" data-comments-opened=\"0\" data-image-meta=\"{&quot;aperture&quot;:&quot;0&quot;,&quot;credit&quot;:&quot;&quot;,&quot;camera&quot;:&quot;&quot;,&quot;caption&quot;:&quot;&quot;,&quot;created_timestamp&quot;:&quot;0&quot;,&quot;copyright&quot;:&quot;&quot;,&quot;focal_length&quot;:&quot;0&quot;,&quot;iso&quot;:&quot;0&quot;,&quot;shutter_speed&quot;:&quot;0&quot;,&quot;title&quot;:&quot;&quot;,&quot;orientation&quot;:&quot;0&quot;}\" data-image-title=\"Comienza el 7\u00b0 Festival de Cerveceros Mercedinos en el Parque Municipal Independencia\" data-image-description=\"&lt;p&gt;Comienza el 7\u00b0 Festival de Cerveceros Mercedinos en el Parque Municipal Independencia&lt;\/p&gt;\n\" data-image-caption=\"&lt;p&gt;Comienza el 7\u00b0 Festival de Cerveceros Mercedinos en el Parque Municipal Independencia&lt;\/p&gt;\n\" data-large-file=\"https:\/\/www.hoymercedes.com.ar\/principal\/wp-content\/uploads\/2025\/10\/MHM_2381-1024x684.jpg\" src=\"https:\/\/www.hoymercedes.com.ar\/principal\/wp-content\/uploads\/2025\/10\/MHM_2381-1024x684.jpg\" alt=\"\" class=\"wp-image-188630\" srcset=\"https:\/\/www.hoymercedes.com.ar\/principal\/wp-content\/uploads\/2025\/10\/MHM_2381-1024x684.jpg 1024w, https:\/\/www.hoymercedes.com.ar\/principal\/wp-content\/uploads\/2025\/10\/MHM_2381-630x421.jpg 630w, https:\/\/www.hoymercedes.com.ar\/principal\/wp-content\/uploads\/2025\/10\/MHM_2381-150x100.jpg 150w, https:\/\/www.hoymercedes.com.ar\/principal\/wp-content\/uploads\/2025\/10\/MHM_2381.jpg 1316w\" sizes=\"auto, (max-width: 1024px) 100vw, 1024px\" \/><\/figure>\n\n\n\n<p>Mercedes se prepara para recibir este viernes 10 y s\u00e1bado 11 de octubre la s\u00e9ptima edici\u00f3n del Festival de Cerveceros Mercedinos, que se realizar\u00e1 en el Parque Municipal Independencia. El evento, que a\u00f1o tras a\u00f1o crece y se consolida como una de las celebraciones m\u00e1s destacadas de la ciudad, ofrece una propuesta para disfrutar en familia y con amigos.<\/p>\n\n\n\n<p>Durante ambas jornadas, los asistentes podr\u00e1n acceder a una variada oferta gastron\u00f3mica, m\u00fasica en vivo y las mejores producciones locales de cerveza artesanal. Ser\u00e1n doce los productores que participar\u00e1n: Serendipia, Bandidos Rurales, Unabirra, Scheitler, Dasein, De\u00b4Roca, Altamira, Bretonia, Caj\u00f3n Azul, 6600, Locura y el nuevo emprendimiento \u201cUna Locura\u201d.<\/p>\n\n\n\n<figure class=\"wp-block-image size-large\"><img loading=\"lazy\" decoding=\"async\" width=\"1024\" height=\"682\" data-attachment-id=\"188631\" data-permalink=\"https:\/\/www.hoymercedes.com.ar\/principal\/2025\/10\/09\/comienza-el-7-festival-de-cerveceros-mercedinos-en-el-parque-municipal-independencia\/0h0a4767\/#main\" data-orig-file=\"https:\/\/www.hoymercedes.com.ar\/principal\/wp-content\/uploads\/2025\/10\/0H0A4767.jpg\" data-orig-size=\"1319,879\" data-comments-opened=\"0\" data-image-meta=\"{&quot;aperture&quot;:&quot;0&quot;,&quot;credit&quot;:&quot;&quot;,&quot;camera&quot;:&quot;&quot;,&quot;caption&quot;:&quot;&quot;,&quot;created_timestamp&quot;:&quot;0&quot;,&quot;copyright&quot;:&quot;&quot;,&quot;focal_length&quot;:&quot;0&quot;,&quot;iso&quot;:&quot;0&quot;,&quot;shutter_speed&quot;:&quot;0&quot;,&quot;title&quot;:&quot;&quot;,&quot;orientation&quot;:&quot;0&quot;}\" data-image-title=\"0H0A4767\" data-image-description=\"\" data-image-caption=\"\" data-large-file=\"https:\/\/www.hoymercedes.com.ar\/principal\/wp-content\/uploads\/2025\/10\/0H0A4767-1024x682.jpg\" src=\"https:\/\/www.hoymercedes.com.ar\/principal\/wp-content\/uploads\/2025\/10\/0H0A4767-1024x682.jpg\" alt=\"\" class=\"wp-image-188631\" srcset=\"https:\/\/www.hoymercedes.com.ar\/principal\/wp-content\/uploads\/2025\/10\/0H0A4767-1024x682.jpg 1024w, https:\/\/www.hoymercedes.com.ar\/principal\/wp-content\/uploads\/2025\/10\/0H0A4767-630x420.jpg 630w, https:\/\/www.hoymercedes.com.ar\/principal\/wp-content\/uploads\/2025\/10\/0H0A4767-150x100.jpg 150w, https:\/\/www.hoymercedes.com.ar\/principal\/wp-content\/uploads\/2025\/10\/0H0A4767-700x465.jpg 700w, https:\/\/www.hoymercedes.com.ar\/principal\/wp-content\/uploads\/2025\/10\/0H0A4767.jpg 1319w\" sizes=\"auto, (max-width: 1024px) 100vw, 1024px\" \/><\/figure>\n\n\n\n<p>El festival contar\u00e1 con tres escenarios, espacios de artesanos, food trucks, degustaciones, talleres y un entorno natural ideal para el disfrute. Adem\u00e1s, ser\u00e1 pet friendly y permitir\u00e1 el ingreso libre a menores de 12 a\u00f1os y personas con discapacidad.<\/p>\n\n\n\n<p><strong>Programaci\u00f3n art\u00edstica<\/strong><\/p>\n\n\n\n<p><em>Viernes 10<\/em><br><strong>Patio Cervecero<\/strong><\/p>\n\n\n\n<ul class=\"wp-block-list\">\n<li>Sora Gardenia<\/li>\n\n\n\n<li>Mal Parados<\/li>\n\n\n\n<li>Navegante Perdido<\/li>\n<\/ul>\n\n\n\n<p><strong>Escenario Principal<\/strong><\/p>\n\n\n\n<ul class=\"wp-block-list\">\n<li>La Trastocada<\/li>\n\n\n\n<li>Don Uste<\/li>\n\n\n\n<li>Fog\u00f3n \u201cMurga, guarda que son flores\u201d<\/li>\n\n\n\n<li>Se\u00f1orita Miel<\/li>\n\n\n\n<li>La Copia<\/li>\n\n\n\n<li>Menta y Lim\u00f3n<\/li>\n\n\n\n<li>DJ Teo Torres<\/li>\n<\/ul>\n\n\n\n<p><em>S\u00e1bado 11<\/em><br><strong>Patio Cervecero<\/strong><\/p>\n\n\n\n<ul class=\"wp-block-list\">\n<li>Dhiez<\/li>\n\n\n\n<li>Nuevo Ser<\/li>\n\n\n\n<li>Orugas<\/li>\n<\/ul>\n\n\n\n<p><strong>Escenario Principal<\/strong><\/p>\n\n\n\n<ul class=\"wp-block-list\">\n<li>Chango FonerOS<\/li>\n\n\n\n<li>Amarilys D\u00edaz y Los Fabulosos<\/li>\n\n\n\n<li>Mathias Realgroove<\/li>\n\n\n\n<li>Fog\u00f3n \u201cUna que sepamos todxs\u201d<\/li>\n\n\n\n<li>Dan Ros<\/li>\n\n\n\n<li>Big Guap<\/li>\n\n\n\n<li>Polillas de Poli\u00e9ster<\/li>\n<\/ul>\n\n\n\n<p>Organizado por el Municipio de Mercedes junto a los productores locales, el festival tiene como objetivo fortalecer el trabajo, la cultura y la producci\u00f3n cervecera mercedina, ofreciendo un espacio de encuentro y entretenimiento para toda la comunidad.<\/p>\n","protected":false},"excerpt":{"rendered":"<p>Mercedes se prepara para recibir este viernes 10 y s\u00e1bado 11 de octubre la s\u00e9ptima edici\u00f3n del Festival de Cerveceros &#8230; <a title=\"Comienza el 7\u00b0 Festival de Cerveceros Mercedinos en el Parque Municipal Independencia\" class=\"read-more\" href=\"https:\/\/www.hoymercedes.com.ar\/principal\/2025\/10\/09\/comienza-el-7-festival-de-cerveceros-mercedinos-en-el-parque-municipal-independencia\/\" aria-label=\"Leer m\u00e1s sobre Comienza el 7\u00b0 Festival de Cerveceros Mercedinos en el Parque Municipal Independencia\">Leer m\u00e1s<\/a><\/p>\n","protected":false},"author":1,"featured_media":188630,"comment_status":"closed","ping_status":"open","sticky":false,"template":"","format":"standard","meta":{"_monsterinsights_skip_tracking":false,"_monsterinsights_sitenote_active":false,"_monsterinsights_sitenote_note":"","_monsterinsights_sitenote_category":0,"jetpack_post_was_ever_published":false,"_jetpack_newsletter_access":"","_jetpack_dont_email_post_to_subs":false,"_jetpack_newsletter_tier_id":0,"_jetpack_memberships_contains_paywalled_content":false,"_jetpack_memberships_contains_paid_content":false,"footnotes":"","jetpack_publicize_message":"","jetpack_publicize_feature_enabled":true,"jetpack_social_post_already_shared":false,"jetpack_social_options":{"image_generator_settings":{"template":"highway","default_image_id":0,"font":"","enabled":false},"version":2},"_wpas_customize_per_network":false},"categories":[8],"tags":[13871],"class_list":["post-188629","post","type-post","status-publish","format-standard","has-post-thumbnail","hentry","category-sociedad","tag-festival-de-cerveceros-mercedinos","generate-columns","tablet-grid-50","mobile-grid-100","grid-parent","grid-50"],"jetpack_publicize_connections":[],"jetpack_featured_media_url":"https:\/\/www.hoymercedes.com.ar\/principal\/wp-content\/uploads\/2025\/10\/MHM_2381.jpg","wps_subtitle":"Fiestas Populares","jetpack_sharing_enabled":true,"_links":{"self":[{"href":"https:\/\/www.hoymercedes.com.ar\/principal\/wp-json\/wp\/v2\/posts\/188629","targetHints":{"allow":["GET"]}}],"collection":[{"href":"https:\/\/www.hoymercedes.com.ar\/principal\/wp-json\/wp\/v2\/posts"}],"about":[{"href":"https:\/\/www.hoymercedes.com.ar\/principal\/wp-json\/wp\/v2\/types\/post"}],"author":[{"embeddable":true,"href":"https:\/\/www.hoymercedes.com.ar\/principal\/wp-json\/wp\/v2\/users\/1"}],"replies":[{"embeddable":true,"href":"https:\/\/www.hoymercedes.com.ar\/principal\/wp-json\/wp\/v2\/comments?post=188629"}],"version-history":[{"count":2,"href":"https:\/\/www.hoymercedes.com.ar\/principal\/wp-json\/wp\/v2\/posts\/188629\/revisions"}],"predecessor-version":[{"id":188633,"href":"https:\/\/www.hoymercedes.com.ar\/principal\/wp-json\/wp\/v2\/posts\/188629\/revisions\/188633"}],"wp:featuredmedia":[{"embeddable":true,"href":"https:\/\/www.hoymercedes.com.ar\/principal\/wp-json\/wp\/v2\/media\/188630"}],"wp:attachment":[{"href":"https:\/\/www.hoymercedes.com.ar\/principal\/wp-json\/wp\/v2\/media?parent=188629"}],"wp:term":[{"taxonomy":"category","embeddable":true,"href":"https:\/\/www.hoymercedes.com.ar\/principal\/wp-json\/wp\/v2\/categories?post=188629"},{"taxonomy":"post_tag","embeddable":true,"href":"https:\/\/www.hoymercedes.com.ar\/principal\/wp-json\/wp\/v2\/tags?post=188629"}],"curies":[{"name":"wp","href":"https:\/\/api.w.org\/{rel}","templated":true}]}}