{"id":188687,"date":"2025-10-12T16:55:43","date_gmt":"2025-10-12T19:55:43","guid":{"rendered":"https:\/\/www.hoymercedes.com.ar\/principal\/?p=188687"},"modified":"2025-10-12T16:55:45","modified_gmt":"2025-10-12T19:55:45","slug":"se-vivio-un-gran-7-festival-de-cerveceros-mercedinos","status":"publish","type":"post","link":"https:\/\/www.hoymercedes.com.ar\/principal\/2025\/10\/12\/se-vivio-un-gran-7-festival-de-cerveceros-mercedinos\/","title":{"rendered":"Se vivi\u00f3 un gran 7\u00b0 Festival de Cerveceros Mercedinos"},"content":{"rendered":"\n<figure class=\"wp-block-image size-large\"><img loading=\"lazy\" decoding=\"async\" width=\"1024\" height=\"682\" data-attachment-id=\"188688\" data-permalink=\"https:\/\/www.hoymercedes.com.ar\/principal\/2025\/10\/12\/se-vivio-un-gran-7-festival-de-cerveceros-mercedinos\/dsc08252\/#main\" data-orig-file=\"https:\/\/www.hoymercedes.com.ar\/principal\/wp-content\/uploads\/2025\/10\/DSC08252.jpg\" data-orig-size=\"1319,879\" data-comments-opened=\"0\" data-image-meta=\"{&quot;aperture&quot;:&quot;0&quot;,&quot;credit&quot;:&quot;&quot;,&quot;camera&quot;:&quot;&quot;,&quot;caption&quot;:&quot;&quot;,&quot;created_timestamp&quot;:&quot;0&quot;,&quot;copyright&quot;:&quot;&quot;,&quot;focal_length&quot;:&quot;0&quot;,&quot;iso&quot;:&quot;0&quot;,&quot;shutter_speed&quot;:&quot;0&quot;,&quot;title&quot;:&quot;&quot;,&quot;orientation&quot;:&quot;0&quot;}\" data-image-title=\"Se vivi\u00f3 un gran 7\u00b0 Festival de Cerveceros Mercedinos\" data-image-description=\"&lt;p&gt;Se vivi\u00f3 un gran 7\u00b0 Festival de Cerveceros Mercedinos &lt;\/p&gt;\n\" data-image-caption=\"&lt;p&gt;Se vivi\u00f3 un gran 7\u00b0 Festival de Cerveceros Mercedinos &lt;\/p&gt;\n\" data-large-file=\"https:\/\/www.hoymercedes.com.ar\/principal\/wp-content\/uploads\/2025\/10\/DSC08252-1024x682.jpg\" src=\"https:\/\/www.hoymercedes.com.ar\/principal\/wp-content\/uploads\/2025\/10\/DSC08252-1024x682.jpg\" alt=\"\" class=\"wp-image-188688\" srcset=\"https:\/\/www.hoymercedes.com.ar\/principal\/wp-content\/uploads\/2025\/10\/DSC08252-1024x682.jpg 1024w, https:\/\/www.hoymercedes.com.ar\/principal\/wp-content\/uploads\/2025\/10\/DSC08252-630x420.jpg 630w, https:\/\/www.hoymercedes.com.ar\/principal\/wp-content\/uploads\/2025\/10\/DSC08252-150x100.jpg 150w, https:\/\/www.hoymercedes.com.ar\/principal\/wp-content\/uploads\/2025\/10\/DSC08252-700x465.jpg 700w, https:\/\/www.hoymercedes.com.ar\/principal\/wp-content\/uploads\/2025\/10\/DSC08252.jpg 1319w\" sizes=\"auto, (max-width: 1024px) 100vw, 1024px\" \/><\/figure>\n\n\n\n<p>El <strong>festival de Cerveceros Mercedinos<\/strong> volvi\u00f3 a convocar una multitud que colm\u00f3 las instalaciones. El viernes se vivi\u00f3 a pleno, mientras que el s\u00e1bado debi\u00f3 suspenderse por la tormenta. Una vez m\u00e1s las fiestas mercedinas fomentan el encuentro, el impulso del trabajo, el arte y la cultura de nuestro pueblo.<\/p>\n\n\n\n<p><strong>Impulso<\/strong><\/p>\n\n\n\n<p>\u201cCada encuentro tiene su particularidad, pero un denominador com\u00fan que es el impulso del trabajo, la producci\u00f3n local, el turismo, el arte y la cultura mercedina\u201d dijo el intendente <strong>Juani Ustarroz<\/strong><\/p>\n\n\n\n<figure class=\"wp-block-image size-large\"><img loading=\"lazy\" decoding=\"async\" width=\"1024\" height=\"682\" data-attachment-id=\"188689\" data-permalink=\"https:\/\/www.hoymercedes.com.ar\/principal\/2025\/10\/12\/se-vivio-un-gran-7-festival-de-cerveceros-mercedinos\/dsc08103\/#main\" data-orig-file=\"https:\/\/www.hoymercedes.com.ar\/principal\/wp-content\/uploads\/2025\/10\/DSC08103.jpg\" data-orig-size=\"1319,879\" data-comments-opened=\"0\" data-image-meta=\"{&quot;aperture&quot;:&quot;0&quot;,&quot;credit&quot;:&quot;&quot;,&quot;camera&quot;:&quot;&quot;,&quot;caption&quot;:&quot;&quot;,&quot;created_timestamp&quot;:&quot;0&quot;,&quot;copyright&quot;:&quot;&quot;,&quot;focal_length&quot;:&quot;0&quot;,&quot;iso&quot;:&quot;0&quot;,&quot;shutter_speed&quot;:&quot;0&quot;,&quot;title&quot;:&quot;&quot;,&quot;orientation&quot;:&quot;0&quot;}\" data-image-title=\"Se vivi\u00f3 un gran 7\u00b0 Festival de Cerveceros Mercedinos\" data-image-description=\"&lt;p&gt;Se vivi\u00f3 un gran 7\u00b0 Festival de Cerveceros Mercedinos &lt;\/p&gt;\n\" data-image-caption=\"&lt;p&gt;Se vivi\u00f3 un gran 7\u00b0 Festival de Cerveceros Mercedinos &lt;\/p&gt;\n\" data-large-file=\"https:\/\/www.hoymercedes.com.ar\/principal\/wp-content\/uploads\/2025\/10\/DSC08103-1024x682.jpg\" src=\"https:\/\/www.hoymercedes.com.ar\/principal\/wp-content\/uploads\/2025\/10\/DSC08103-1024x682.jpg\" alt=\"\" class=\"wp-image-188689\" srcset=\"https:\/\/www.hoymercedes.com.ar\/principal\/wp-content\/uploads\/2025\/10\/DSC08103-1024x682.jpg 1024w, https:\/\/www.hoymercedes.com.ar\/principal\/wp-content\/uploads\/2025\/10\/DSC08103-630x420.jpg 630w, https:\/\/www.hoymercedes.com.ar\/principal\/wp-content\/uploads\/2025\/10\/DSC08103-150x100.jpg 150w, https:\/\/www.hoymercedes.com.ar\/principal\/wp-content\/uploads\/2025\/10\/DSC08103-700x465.jpg 700w, https:\/\/www.hoymercedes.com.ar\/principal\/wp-content\/uploads\/2025\/10\/DSC08103.jpg 1319w\" sizes=\"auto, (max-width: 1024px) 100vw, 1024px\" \/><\/figure>\n\n\n\n<p>Remarc\u00f3 que \u201cpor eso nos llena de alegr\u00eda y orgullo ver la concreci\u00f3n y uni\u00f3n del esfuerzo del sector privado y la municipalidad\u201d y \u201ctambi\u00e9n estamos sumamente agradecidos a cada vecino, vecina, familias, turistas, grupos de amigos y amigas que se acercan a cada propuesta\u201d y remarc\u00f3 \u201cel enorme trabajo de las y los productores de cerveza, el esfuerzo y compromiso que tienen cada a\u00f1o, como tambi\u00e9n en cada encuentro popular\u201d sin olvidar de agradecer \u201ca las cooperativas y las y los trabajadores municipales, grandes hacedores de estas fiestas\u201d sostuvo entre otros conceptos.<\/p>\n\n\n\n<p><strong>Cerveceros<\/strong><\/p>\n\n\n\n<p>Los productores destacaron \u201chemos tenido una fiesta que la lluvia no nos dej\u00f3 terminar, pero lo que se vivi\u00f3 fue excelente\u201d y \u201ctrabajamos muchos meses para este encuentro, aunque tambi\u00e9n participamos de otros muy lindos y grandes\u201d sin olvidar \u201ceste es bien nuestro y agradecemos siempre el apoyo de la municipalidad, de la gente que viene, de las bandas, de todos los que lo hacen posible\u201d y auguraron \u201cpronto nos volveremos a encontrar\u201d.<\/p>\n\n\n\n<figure class=\"wp-block-image size-large\"><img loading=\"lazy\" decoding=\"async\" width=\"1024\" height=\"684\" data-attachment-id=\"188690\" data-permalink=\"https:\/\/www.hoymercedes.com.ar\/principal\/2025\/10\/12\/se-vivio-un-gran-7-festival-de-cerveceros-mercedinos\/mhm_8917\/#main\" data-orig-file=\"https:\/\/www.hoymercedes.com.ar\/principal\/wp-content\/uploads\/2025\/10\/MHM_8917.jpg\" data-orig-size=\"1316,879\" data-comments-opened=\"0\" data-image-meta=\"{&quot;aperture&quot;:&quot;0&quot;,&quot;credit&quot;:&quot;&quot;,&quot;camera&quot;:&quot;&quot;,&quot;caption&quot;:&quot;&quot;,&quot;created_timestamp&quot;:&quot;0&quot;,&quot;copyright&quot;:&quot;&quot;,&quot;focal_length&quot;:&quot;0&quot;,&quot;iso&quot;:&quot;0&quot;,&quot;shutter_speed&quot;:&quot;0&quot;,&quot;title&quot;:&quot;&quot;,&quot;orientation&quot;:&quot;0&quot;}\" data-image-title=\"Se vivi\u00f3 un gran 7\u00b0 Festival de Cerveceros Mercedinos\" data-image-description=\"&lt;p&gt;Se vivi\u00f3 un gran 7\u00b0 Festival de Cerveceros Mercedinos &lt;\/p&gt;\n\" data-image-caption=\"&lt;p&gt;Se vivi\u00f3 un gran 7\u00b0 Festival de Cerveceros Mercedinos &lt;\/p&gt;\n\" data-large-file=\"https:\/\/www.hoymercedes.com.ar\/principal\/wp-content\/uploads\/2025\/10\/MHM_8917-1024x684.jpg\" src=\"https:\/\/www.hoymercedes.com.ar\/principal\/wp-content\/uploads\/2025\/10\/MHM_8917-1024x684.jpg\" alt=\"\" class=\"wp-image-188690\" srcset=\"https:\/\/www.hoymercedes.com.ar\/principal\/wp-content\/uploads\/2025\/10\/MHM_8917-1024x684.jpg 1024w, https:\/\/www.hoymercedes.com.ar\/principal\/wp-content\/uploads\/2025\/10\/MHM_8917-630x421.jpg 630w, https:\/\/www.hoymercedes.com.ar\/principal\/wp-content\/uploads\/2025\/10\/MHM_8917-150x100.jpg 150w, https:\/\/www.hoymercedes.com.ar\/principal\/wp-content\/uploads\/2025\/10\/MHM_8917.jpg 1316w\" sizes=\"auto, (max-width: 1024px) 100vw, 1024px\" \/><\/figure>\n\n\n\n<p><strong>Fiesta<\/strong><\/p>\n\n\n\n<p>Este a\u00f1o se hab\u00eda postergado el fin de semana pasado por el clima y este tambi\u00e9n amenaz\u00f3, pero al menos un d\u00eda entero y poco m\u00e1s de medio del otro pudieron disfrutarse. \u201cSabemos que todas y todos nos quedamos con ganas de seguir\u201d dijo Dinova, pero expres\u00f3 que \u201cde todos modos encontraremos pronto ocasi\u00f3n para que volvamos a vernos en alg\u00fan patio cervecero como tanto nos gusta a las y los mercedinos, por el trabajo, el esfuerzo realizado, la producci\u00f3n y especialmente para encontrarnos\u201d sostuvo el director de turismo.<\/p>\n\n\n\n<p><strong>Cultura<\/strong><\/p>\n\n\n\n<p>La directora de cultura, Jimera Rivas, coment\u00f3 que \u201cvolvimos a convocar al arte, la m\u00fasica, la cultura local\u201d con \u201cm\u00e1s de un escenario y sector que puso en primera escena el talento y la creatividad mercedina\u201d siendo \u201calgo que el intendente Ustarroz siempre impulsa, que es el apoyo de nuestros artistas\u201d remarcando que \u201cahora pronto se viene el Mercedes Rock donde nuevamente estaremos disfrutando y compartiendo excelentes momentos\u201d para exponer \u201cqueremos tambi\u00e9n agradecerles a todas y todos por el apoyo, el compromiso y las ganas de ser parte\u201d.<\/p>\n\n\n\n<figure class=\"wp-block-image size-large\"><img loading=\"lazy\" decoding=\"async\" width=\"1024\" height=\"684\" data-attachment-id=\"188691\" data-permalink=\"https:\/\/www.hoymercedes.com.ar\/principal\/2025\/10\/12\/se-vivio-un-gran-7-festival-de-cerveceros-mercedinos\/mhm_8760\/#main\" data-orig-file=\"https:\/\/www.hoymercedes.com.ar\/principal\/wp-content\/uploads\/2025\/10\/MHM_8760.jpg\" data-orig-size=\"1316,879\" data-comments-opened=\"0\" data-image-meta=\"{&quot;aperture&quot;:&quot;0&quot;,&quot;credit&quot;:&quot;&quot;,&quot;camera&quot;:&quot;&quot;,&quot;caption&quot;:&quot;&quot;,&quot;created_timestamp&quot;:&quot;0&quot;,&quot;copyright&quot;:&quot;&quot;,&quot;focal_length&quot;:&quot;0&quot;,&quot;iso&quot;:&quot;0&quot;,&quot;shutter_speed&quot;:&quot;0&quot;,&quot;title&quot;:&quot;&quot;,&quot;orientation&quot;:&quot;0&quot;}\" data-image-title=\"Se vivi\u00f3 un gran 7\u00b0 Festival de Cerveceros Mercedinos\" data-image-description=\"&lt;p&gt;Se vivi\u00f3 un gran 7\u00b0 Festival de Cerveceros Mercedinos &lt;\/p&gt;\n\" data-image-caption=\"&lt;p&gt;Se vivi\u00f3 un gran 7\u00b0 Festival de Cerveceros Mercedinos &lt;\/p&gt;\n\" data-large-file=\"https:\/\/www.hoymercedes.com.ar\/principal\/wp-content\/uploads\/2025\/10\/MHM_8760-1024x684.jpg\" src=\"https:\/\/www.hoymercedes.com.ar\/principal\/wp-content\/uploads\/2025\/10\/MHM_8760-1024x684.jpg\" alt=\"\" class=\"wp-image-188691\" srcset=\"https:\/\/www.hoymercedes.com.ar\/principal\/wp-content\/uploads\/2025\/10\/MHM_8760-1024x684.jpg 1024w, https:\/\/www.hoymercedes.com.ar\/principal\/wp-content\/uploads\/2025\/10\/MHM_8760-630x421.jpg 630w, https:\/\/www.hoymercedes.com.ar\/principal\/wp-content\/uploads\/2025\/10\/MHM_8760-150x100.jpg 150w, https:\/\/www.hoymercedes.com.ar\/principal\/wp-content\/uploads\/2025\/10\/MHM_8760.jpg 1316w\" sizes=\"auto, (max-width: 1024px) 100vw, 1024px\" \/><\/figure>\n\n\n\n<p><strong>Show<\/strong><\/p>\n\n\n\n<p>Se pudo vivir en los escenarios el viernes las presentaciones de Sora Gardenia, Mal Parados, y Navegante Perdido. Luego en el escenario central estuvo La Trastocada, Don Uste, Fog\u00f3n \u201cMurga, guarda que son flores\u201d, Se\u00f1orita Miel, La Copia, Menta y Lim\u00f3ny el cierre con DJ Teo Torres. El s\u00e1bado de Dhiez, seguido por Nuevo Ser y, cerrando esta primera parte, la banda Orugas y ChangoFoneros, para luego suspender el festival por el alerta de tormentas el\u00e9ctricas anunciadas por el Servicio Meteorol\u00f3gico Nacional y la lluvia que ya se hab\u00eda presentado.<\/p>\n\n\n\n<p><strong>Participaci\u00f3n<\/strong><\/p>\n\n\n\n<p>Hubo tambi\u00e9n exposici\u00f3n de emprendedores, artesanos y la b\u00fasqueda de potenciar el trabajo mercedino.<\/p>\n\n\n\n<p><strong>Sigue<\/strong><\/p>\n\n\n\n<p>La expresi\u00f3n \u201cEn Mercedes Siempre hay algo para Disfrutar\u201d tiene un fuerte correlato con la realidad. Este finde adem\u00e1s continu\u00f3 el mes del Grabado, el encuentro de Teatro Independiente, Estaci\u00f3n Juego, Festival de Blues, Pe\u00f1a Folcl\u00f3rica y ya se programa el Mercedes Rock y la Fiesta de la Tradici\u00f3n para las pr\u00f3ximas semanas.<\/p>\n","protected":false},"excerpt":{"rendered":"<p>El festival de Cerveceros Mercedinos volvi\u00f3 a convocar una multitud que colm\u00f3 las instalaciones. El viernes se vivi\u00f3 a pleno, &#8230; <a title=\"Se vivi\u00f3 un gran 7\u00b0 Festival de Cerveceros Mercedinos\" class=\"read-more\" href=\"https:\/\/www.hoymercedes.com.ar\/principal\/2025\/10\/12\/se-vivio-un-gran-7-festival-de-cerveceros-mercedinos\/\" aria-label=\"Leer m\u00e1s sobre Se vivi\u00f3 un gran 7\u00b0 Festival de Cerveceros Mercedinos\">Leer m\u00e1s<\/a><\/p>\n","protected":false},"author":1,"featured_media":188689,"comment_status":"closed","ping_status":"open","sticky":false,"template":"","format":"standard","meta":{"_monsterinsights_skip_tracking":false,"_monsterinsights_sitenote_active":false,"_monsterinsights_sitenote_note":"","_monsterinsights_sitenote_category":0,"jetpack_post_was_ever_published":false,"_jetpack_newsletter_access":"","_jetpack_dont_email_post_to_subs":false,"_jetpack_newsletter_tier_id":0,"_jetpack_memberships_contains_paywalled_content":false,"_jetpack_memberships_contains_paid_content":false,"footnotes":"","jetpack_publicize_message":"","jetpack_publicize_feature_enabled":true,"jetpack_social_post_already_shared":false,"jetpack_social_options":{"image_generator_settings":{"template":"highway","default_image_id":0,"font":"","enabled":false},"version":2},"_wpas_customize_per_network":false},"categories":[8],"tags":[13871,20760],"class_list":["post-188687","post","type-post","status-publish","format-standard","has-post-thumbnail","hentry","category-sociedad","tag-festival-de-cerveceros-mercedinos","tag-se-vivio-un-gran-7-festival-de-cerveceros-mercedinos","generate-columns","tablet-grid-50","mobile-grid-100","grid-parent","grid-50"],"jetpack_publicize_connections":[],"jetpack_featured_media_url":"https:\/\/www.hoymercedes.com.ar\/principal\/wp-content\/uploads\/2025\/10\/DSC08103.jpg","wps_subtitle":"Fiestas Populares","jetpack_sharing_enabled":true,"_links":{"self":[{"href":"https:\/\/www.hoymercedes.com.ar\/principal\/wp-json\/wp\/v2\/posts\/188687","targetHints":{"allow":["GET"]}}],"collection":[{"href":"https:\/\/www.hoymercedes.com.ar\/principal\/wp-json\/wp\/v2\/posts"}],"about":[{"href":"https:\/\/www.hoymercedes.com.ar\/principal\/wp-json\/wp\/v2\/types\/post"}],"author":[{"embeddable":true,"href":"https:\/\/www.hoymercedes.com.ar\/principal\/wp-json\/wp\/v2\/users\/1"}],"replies":[{"embeddable":true,"href":"https:\/\/www.hoymercedes.com.ar\/principal\/wp-json\/wp\/v2\/comments?post=188687"}],"version-history":[{"count":3,"href":"https:\/\/www.hoymercedes.com.ar\/principal\/wp-json\/wp\/v2\/posts\/188687\/revisions"}],"predecessor-version":[{"id":188694,"href":"https:\/\/www.hoymercedes.com.ar\/principal\/wp-json\/wp\/v2\/posts\/188687\/revisions\/188694"}],"wp:featuredmedia":[{"embeddable":true,"href":"https:\/\/www.hoymercedes.com.ar\/principal\/wp-json\/wp\/v2\/media\/188689"}],"wp:attachment":[{"href":"https:\/\/www.hoymercedes.com.ar\/principal\/wp-json\/wp\/v2\/media?parent=188687"}],"wp:term":[{"taxonomy":"category","embeddable":true,"href":"https:\/\/www.hoymercedes.com.ar\/principal\/wp-json\/wp\/v2\/categories?post=188687"},{"taxonomy":"post_tag","embeddable":true,"href":"https:\/\/www.hoymercedes.com.ar\/principal\/wp-json\/wp\/v2\/tags?post=188687"}],"curies":[{"name":"wp","href":"https:\/\/api.w.org\/{rel}","templated":true}]}}