{"id":188695,"date":"2025-10-12T18:41:25","date_gmt":"2025-10-12T21:41:25","guid":{"rendered":"https:\/\/www.hoymercedes.com.ar\/principal\/?p=188695"},"modified":"2025-10-12T18:41:26","modified_gmt":"2025-10-12T21:41:26","slug":"wado-de-pedro-impulso-reconocimiento-nacional-a-escuela-industrial","status":"publish","type":"post","link":"https:\/\/www.hoymercedes.com.ar\/principal\/2025\/10\/12\/wado-de-pedro-impulso-reconocimiento-nacional-a-escuela-industrial\/","title":{"rendered":"Wado de Pedro impuls\u00f3 reconocimiento nacional a Escuela Industrial"},"content":{"rendered":"\n<figure class=\"wp-block-image size-large\"><img loading=\"lazy\" decoding=\"async\" width=\"1024\" height=\"683\" data-attachment-id=\"188696\" data-permalink=\"https:\/\/www.hoymercedes.com.ar\/principal\/2025\/10\/12\/wado-de-pedro-impulso-reconocimiento-nacional-a-escuela-industrial\/luciano-ingaramo-comunicaci%c2%97n-institucional-senado\/#main\" data-orig-file=\"https:\/\/www.hoymercedes.com.ar\/principal\/wp-content\/uploads\/2025\/10\/20251007LI__075_20_LEY_EDUCACION_TECNICO_PROFESIONAL-scaled.jpg\" data-orig-size=\"2560,1707\" data-comments-opened=\"0\" data-image-meta=\"{&quot;aperture&quot;:&quot;4&quot;,&quot;credit&quot;:&quot;Luciano Ingaramo \/ Comunicaci\\u0097n Institucional Senado.-&quot;,&quot;camera&quot;:&quot;NIKON D5&quot;,&quot;caption&quot;:&quot;Sesi\\u0097n ordinaria del Senado de la Naci\\u0097n, el 02 de Octubre del 2025, en Buenos Aires; Argentina. Foto: Luciano Ingaramo \/ Comunicaci\\u0097n Institucional Senado.-&quot;,&quot;created_timestamp&quot;:&quot;1759873925&quot;,&quot;copyright&quot;:&quot;&quot;,&quot;focal_length&quot;:&quot;24&quot;,&quot;iso&quot;:&quot;3200&quot;,&quot;shutter_speed&quot;:&quot;0.00625&quot;,&quot;title&quot;:&quot;Luciano Ingaramo \/ Comunicaci\\u0097n Institucional Senado.-&quot;,&quot;orientation&quot;:&quot;1&quot;}\" data-image-title=\"Wado de Pedro, escuela industrial\" data-image-description=\"&lt;p&gt;Wado de Pedro, escuela industrial&lt;\/p&gt;\n\" data-image-caption=\"&lt;p&gt;Sesi\u0097n ordinaria del Senado de la Naci\u0097n, el 02 de Octubre del 2025, en Buenos Aires; Argentina. Foto: Luciano Ingaramo \/ Comunicaci\u0097n Institucional Senado.-&lt;\/p&gt;\n\" data-large-file=\"https:\/\/www.hoymercedes.com.ar\/principal\/wp-content\/uploads\/2025\/10\/20251007LI__075_20_LEY_EDUCACION_TECNICO_PROFESIONAL-1024x683.jpg\" src=\"https:\/\/www.hoymercedes.com.ar\/principal\/wp-content\/uploads\/2025\/10\/20251007LI__075_20_LEY_EDUCACION_TECNICO_PROFESIONAL-1024x683.jpg\" alt=\"\" class=\"wp-image-188696\" srcset=\"https:\/\/www.hoymercedes.com.ar\/principal\/wp-content\/uploads\/2025\/10\/20251007LI__075_20_LEY_EDUCACION_TECNICO_PROFESIONAL-1024x683.jpg 1024w, https:\/\/www.hoymercedes.com.ar\/principal\/wp-content\/uploads\/2025\/10\/20251007LI__075_20_LEY_EDUCACION_TECNICO_PROFESIONAL-630x420.jpg 630w, https:\/\/www.hoymercedes.com.ar\/principal\/wp-content\/uploads\/2025\/10\/20251007LI__075_20_LEY_EDUCACION_TECNICO_PROFESIONAL-150x100.jpg 150w, https:\/\/www.hoymercedes.com.ar\/principal\/wp-content\/uploads\/2025\/10\/20251007LI__075_20_LEY_EDUCACION_TECNICO_PROFESIONAL-1536x1024.jpg 1536w, https:\/\/www.hoymercedes.com.ar\/principal\/wp-content\/uploads\/2025\/10\/20251007LI__075_20_LEY_EDUCACION_TECNICO_PROFESIONAL-2048x1365.jpg 2048w\" sizes=\"auto, (max-width: 1024px) 100vw, 1024px\" \/><figcaption class=\"wp-element-caption\">Sesi\u0097n ordinaria del Senado de la Naci\u0097n, el 02 de Octubre del 2025, en Buenos Aires; Argentina. Foto: Luciano Ingaramo \/ Comunicaci\u0097n Institucional Senado.-<\/figcaption><\/figure>\n\n\n\n<p><strong>Wado de Pedro: \u201cNunca m\u00e1s a gobiernos que destruyan el empleo, la industria nacional y la educaci\u00f3n argentina\u201d<\/strong><\/p>\n\n\n\n<p><strong><em>El senador nacional Wado de Pedro, presidente de la Comisi\u00f3n de Educaci\u00f3n y Cultura, encabez\u00f3 la jornada \u201cRepensar la Educaci\u00f3n T\u00e9cnico Profesional en tiempos de revoluci\u00f3n tecnol\u00f3gica\u201d All\u00ed fueron reconocidas instituciones ejemplares del pa\u00eds, entre ellas, la querida Escuela Industrial de Mercedes. Estudiantes y su directora estuvieron presentes en Capital Federal para el merecido homenaje.<\/em><\/strong><\/p>\n\n\n\n<p>Con una amplia participaci\u00f3n de referentes del sistema educativo, del sector productivo, del sindicalismo y del \u00e1mbito cient\u00edfico-tecnol\u00f3gico, se desarroll\u00f3 hoy en el Sal\u00f3n Azul del Senado de la Naci\u00f3n la jornada \u201cRepensar la Educaci\u00f3n T\u00e9cnico Profesional en tiempos de revoluci\u00f3n tecnol\u00f3gica\u201d, organizada por el senador nacional Wado de Pedro, en su car\u00e1cter de presidente de la Comisi\u00f3n de Educaci\u00f3n y Cultura.<\/p>\n\n\n\n<figure class=\"wp-block-image size-large\"><img loading=\"lazy\" decoding=\"async\" width=\"1024\" height=\"683\" data-attachment-id=\"188697\" data-permalink=\"https:\/\/www.hoymercedes.com.ar\/principal\/2025\/10\/12\/wado-de-pedro-impulso-reconocimiento-nacional-a-escuela-industrial\/luciano-ingaramo-comunicaci%c2%97n-institucional-senado-2\/#main\" data-orig-file=\"https:\/\/www.hoymercedes.com.ar\/principal\/wp-content\/uploads\/2025\/10\/20251007LI__076_20_LEY_EDUCACION_TECNICO_PROFESIONAL-scaled.jpg\" data-orig-size=\"2560,1707\" data-comments-opened=\"0\" data-image-meta=\"{&quot;aperture&quot;:&quot;4&quot;,&quot;credit&quot;:&quot;Luciano Ingaramo \/ Comunicaci\\u0097n Institucional Senado.-&quot;,&quot;camera&quot;:&quot;NIKON D5&quot;,&quot;caption&quot;:&quot;Sesi\\u0097n ordinaria del Senado de la Naci\\u0097n, el 02 de Octubre del 2025, en Buenos Aires; Argentina. Foto: Luciano Ingaramo \/ Comunicaci\\u0097n Institucional Senado.-&quot;,&quot;created_timestamp&quot;:&quot;1759873964&quot;,&quot;copyright&quot;:&quot;&quot;,&quot;focal_length&quot;:&quot;24&quot;,&quot;iso&quot;:&quot;3200&quot;,&quot;shutter_speed&quot;:&quot;0.00625&quot;,&quot;title&quot;:&quot;Luciano Ingaramo \/ Comunicaci\\u0097n Institucional Senado.-&quot;,&quot;orientation&quot;:&quot;1&quot;}\" data-image-title=\"Luciano Ingaramo \/ Comunicaci\u0097n Institucional Senado.-\" data-image-description=\"\" data-image-caption=\"&lt;p&gt;Sesi\u0097n ordinaria del Senado de la Naci\u0097n, el 02 de Octubre del 2025, en Buenos Aires; Argentina. Foto: Luciano Ingaramo \/ Comunicaci\u0097n Institucional Senado.-&lt;\/p&gt;\n\" data-large-file=\"https:\/\/www.hoymercedes.com.ar\/principal\/wp-content\/uploads\/2025\/10\/20251007LI__076_20_LEY_EDUCACION_TECNICO_PROFESIONAL-1024x683.jpg\" src=\"https:\/\/www.hoymercedes.com.ar\/principal\/wp-content\/uploads\/2025\/10\/20251007LI__076_20_LEY_EDUCACION_TECNICO_PROFESIONAL-1024x683.jpg\" alt=\"\" class=\"wp-image-188697\" srcset=\"https:\/\/www.hoymercedes.com.ar\/principal\/wp-content\/uploads\/2025\/10\/20251007LI__076_20_LEY_EDUCACION_TECNICO_PROFESIONAL-1024x683.jpg 1024w, https:\/\/www.hoymercedes.com.ar\/principal\/wp-content\/uploads\/2025\/10\/20251007LI__076_20_LEY_EDUCACION_TECNICO_PROFESIONAL-630x420.jpg 630w, https:\/\/www.hoymercedes.com.ar\/principal\/wp-content\/uploads\/2025\/10\/20251007LI__076_20_LEY_EDUCACION_TECNICO_PROFESIONAL-150x100.jpg 150w, https:\/\/www.hoymercedes.com.ar\/principal\/wp-content\/uploads\/2025\/10\/20251007LI__076_20_LEY_EDUCACION_TECNICO_PROFESIONAL-1536x1024.jpg 1536w, https:\/\/www.hoymercedes.com.ar\/principal\/wp-content\/uploads\/2025\/10\/20251007LI__076_20_LEY_EDUCACION_TECNICO_PROFESIONAL-2048x1365.jpg 2048w\" sizes=\"auto, (max-width: 1024px) 100vw, 1024px\" \/><figcaption class=\"wp-element-caption\">Sesi\u0097n ordinaria del Senado de la Naci\u0097n, el 02 de Octubre del 2025, en Buenos Aires; Argentina. Foto: Luciano Ingaramo \/ Comunicaci\u0097n Institucional Senado.-<\/figcaption><\/figure>\n\n\n\n<p>El encuentro tuvo lugar en el marco de los 20 a\u00f1os de la Ley de Educaci\u00f3n T\u00e9cnico Profesional (26.058), promulgada durante el gobierno de N\u00e9stor Kirchner, y propuso abrir un espacio de reflexi\u00f3n y debate participativo y federal sobre los desaf\u00edos de la educaci\u00f3n t\u00e9cnica frente a los cambios del mundo del trabajo, la digitalizaci\u00f3n y la inteligencia artificial.<\/p>\n\n\n\n<p>En su exposici\u00f3n, Wado de Pedro destac\u00f3 la importancia de fortalecer la educaci\u00f3n t\u00e9cnica como pol\u00edtica de Estado y su rol estrat\u00e9gico en el desarrollo productivo del pa\u00eds. \u201cEsta ley recuper\u00f3 una tradici\u00f3n muy valiosa de la Argentina: la de vincular el trabajo con la educaci\u00f3n, el conocimiento con la producci\u00f3n, y la escuela con un modelo de desarrollo nacional. Es una ley que dio resultados concretos: 1,9 millones de argentinos y argentinas pudieron formarse, obtener un t\u00edtulo y acceder a un empleo digno\u201d, se\u00f1al\u00f3.<\/p>\n\n\n\n<p>En ese sentido, subray\u00f3 que \u201cprimero que nada tenemos que defender esa excelente ley que tenemos hoy y que est\u00e1 vigente, y defender a la educaci\u00f3n t\u00e9cnica profesional y agraria, porque el presidente de la Naci\u00f3n mand\u00f3 un presupuesto para 2026 sin los fondos para que los pibes y las pibas puedan seguir form\u00e1ndose\u201d.<\/p>\n\n\n\n<figure class=\"wp-block-image size-large\"><img loading=\"lazy\" decoding=\"async\" width=\"1024\" height=\"683\" data-attachment-id=\"188698\" data-permalink=\"https:\/\/www.hoymercedes.com.ar\/principal\/2025\/10\/12\/wado-de-pedro-impulso-reconocimiento-nacional-a-escuela-industrial\/luciano-ingaramo-comunicaci%c2%97n-institucional-senado-3\/#main\" data-orig-file=\"https:\/\/www.hoymercedes.com.ar\/principal\/wp-content\/uploads\/2025\/10\/20251007LI__077_20_LEY_EDUCACION_TECNICO_PROFESIONAL-scaled.jpg\" data-orig-size=\"2560,1707\" data-comments-opened=\"0\" data-image-meta=\"{&quot;aperture&quot;:&quot;4&quot;,&quot;credit&quot;:&quot;Luciano Ingaramo \/ Comunicaci\\u0097n Institucional Senado.-&quot;,&quot;camera&quot;:&quot;NIKON D5&quot;,&quot;caption&quot;:&quot;Sesi\\u0097n ordinaria del Senado de la Naci\\u0097n, el 02 de Octubre del 2025, en Buenos Aires; Argentina. Foto: Luciano Ingaramo \/ Comunicaci\\u0097n Institucional Senado.-&quot;,&quot;created_timestamp&quot;:&quot;1759873975&quot;,&quot;copyright&quot;:&quot;&quot;,&quot;focal_length&quot;:&quot;36&quot;,&quot;iso&quot;:&quot;3200&quot;,&quot;shutter_speed&quot;:&quot;0.00625&quot;,&quot;title&quot;:&quot;Luciano Ingaramo \/ Comunicaci\\u0097n Institucional Senado.-&quot;,&quot;orientation&quot;:&quot;1&quot;}\" data-image-title=\"Luciano Ingaramo \/ Comunicaci\u0097n Institucional Senado.-\" data-image-description=\"\" data-image-caption=\"&lt;p&gt;Sesi\u0097n ordinaria del Senado de la Naci\u0097n, el 02 de Octubre del 2025, en Buenos Aires; Argentina. Foto: Luciano Ingaramo \/ Comunicaci\u0097n Institucional Senado.-&lt;\/p&gt;\n\" data-large-file=\"https:\/\/www.hoymercedes.com.ar\/principal\/wp-content\/uploads\/2025\/10\/20251007LI__077_20_LEY_EDUCACION_TECNICO_PROFESIONAL-1024x683.jpg\" src=\"https:\/\/www.hoymercedes.com.ar\/principal\/wp-content\/uploads\/2025\/10\/20251007LI__077_20_LEY_EDUCACION_TECNICO_PROFESIONAL-1024x683.jpg\" alt=\"\" class=\"wp-image-188698\" srcset=\"https:\/\/www.hoymercedes.com.ar\/principal\/wp-content\/uploads\/2025\/10\/20251007LI__077_20_LEY_EDUCACION_TECNICO_PROFESIONAL-1024x683.jpg 1024w, https:\/\/www.hoymercedes.com.ar\/principal\/wp-content\/uploads\/2025\/10\/20251007LI__077_20_LEY_EDUCACION_TECNICO_PROFESIONAL-630x420.jpg 630w, https:\/\/www.hoymercedes.com.ar\/principal\/wp-content\/uploads\/2025\/10\/20251007LI__077_20_LEY_EDUCACION_TECNICO_PROFESIONAL-150x100.jpg 150w, https:\/\/www.hoymercedes.com.ar\/principal\/wp-content\/uploads\/2025\/10\/20251007LI__077_20_LEY_EDUCACION_TECNICO_PROFESIONAL-1536x1024.jpg 1536w, https:\/\/www.hoymercedes.com.ar\/principal\/wp-content\/uploads\/2025\/10\/20251007LI__077_20_LEY_EDUCACION_TECNICO_PROFESIONAL-2048x1365.jpg 2048w\" sizes=\"auto, (max-width: 1024px) 100vw, 1024px\" \/><figcaption class=\"wp-element-caption\">Sesi\u0097n ordinaria del Senado de la Naci\u0097n, el 02 de Octubre del 2025, en Buenos Aires; Argentina. Foto: Luciano Ingaramo \/ Comunicaci\u0097n Institucional Senado.-<\/figcaption><\/figure>\n\n\n\n<p>Respecto a nuestra ciudad, expres\u00f3 que \u201cha sido una hermosa jornada, repleta de emoci\u00f3n y alegr\u00eda, pero sin duda tiene un condimento especial haber tambi\u00e9n reconocido a nuestra respetada y querida Escuela Industrial, donde las y los mercedinos reconocemos su compromiso con la comunidad, con proyectos solidarios, comprometidos y una educaci\u00f3n de excelencia y calidad que durante sus cien a\u00f1os ha formado generaciones\u201d expreso entre otros conceptos.<\/p>\n\n\n\n<figure class=\"wp-block-image size-large\"><img loading=\"lazy\" decoding=\"async\" width=\"1024\" height=\"683\" data-attachment-id=\"188699\" data-permalink=\"https:\/\/www.hoymercedes.com.ar\/principal\/2025\/10\/12\/wado-de-pedro-impulso-reconocimiento-nacional-a-escuela-industrial\/luciano-ingaramo-comunicaci%c2%97n-institucional-senado-4\/#main\" data-orig-file=\"https:\/\/www.hoymercedes.com.ar\/principal\/wp-content\/uploads\/2025\/10\/20251007LI__074_20_LEY_EDUCACION_TECNICO_PROFESIONAL-scaled.jpg\" data-orig-size=\"2560,1707\" data-comments-opened=\"0\" data-image-meta=\"{&quot;aperture&quot;:&quot;4&quot;,&quot;credit&quot;:&quot;Luciano Ingaramo \/ Comunicaci\\u0097n Institucional Senado.-&quot;,&quot;camera&quot;:&quot;NIKON D5&quot;,&quot;caption&quot;:&quot;Sesi\\u0097n ordinaria del Senado de la Naci\\u0097n, el 02 de Octubre del 2025, en Buenos Aires; Argentina. Foto: Luciano Ingaramo \/ Comunicaci\\u0097n Institucional Senado.-&quot;,&quot;created_timestamp&quot;:&quot;1759873901&quot;,&quot;copyright&quot;:&quot;&quot;,&quot;focal_length&quot;:&quot;50&quot;,&quot;iso&quot;:&quot;3200&quot;,&quot;shutter_speed&quot;:&quot;0.00625&quot;,&quot;title&quot;:&quot;Luciano Ingaramo \/ Comunicaci\\u0097n Institucional Senado.-&quot;,&quot;orientation&quot;:&quot;1&quot;}\" data-image-title=\"Luciano Ingaramo \/ Comunicaci\u0097n Institucional Senado.-\" data-image-description=\"\" data-image-caption=\"&lt;p&gt;Sesi\u0097n ordinaria del Senado de la Naci\u0097n, el 02 de Octubre del 2025, en Buenos Aires; Argentina. Foto: Luciano Ingaramo \/ Comunicaci\u0097n Institucional Senado.-&lt;\/p&gt;\n\" data-large-file=\"https:\/\/www.hoymercedes.com.ar\/principal\/wp-content\/uploads\/2025\/10\/20251007LI__074_20_LEY_EDUCACION_TECNICO_PROFESIONAL-1024x683.jpg\" src=\"https:\/\/www.hoymercedes.com.ar\/principal\/wp-content\/uploads\/2025\/10\/20251007LI__074_20_LEY_EDUCACION_TECNICO_PROFESIONAL-1024x683.jpg\" alt=\"\" class=\"wp-image-188699\" srcset=\"https:\/\/www.hoymercedes.com.ar\/principal\/wp-content\/uploads\/2025\/10\/20251007LI__074_20_LEY_EDUCACION_TECNICO_PROFESIONAL-1024x683.jpg 1024w, https:\/\/www.hoymercedes.com.ar\/principal\/wp-content\/uploads\/2025\/10\/20251007LI__074_20_LEY_EDUCACION_TECNICO_PROFESIONAL-630x420.jpg 630w, https:\/\/www.hoymercedes.com.ar\/principal\/wp-content\/uploads\/2025\/10\/20251007LI__074_20_LEY_EDUCACION_TECNICO_PROFESIONAL-150x100.jpg 150w, https:\/\/www.hoymercedes.com.ar\/principal\/wp-content\/uploads\/2025\/10\/20251007LI__074_20_LEY_EDUCACION_TECNICO_PROFESIONAL-1536x1024.jpg 1536w, https:\/\/www.hoymercedes.com.ar\/principal\/wp-content\/uploads\/2025\/10\/20251007LI__074_20_LEY_EDUCACION_TECNICO_PROFESIONAL-2048x1365.jpg 2048w\" sizes=\"auto, (max-width: 1024px) 100vw, 1024px\" \/><figcaption class=\"wp-element-caption\">Sesi\u0097n ordinaria del Senado de la Naci\u0097n, el 02 de Octubre del 2025, en Buenos Aires; Argentina. Foto: Luciano Ingaramo \/ Comunicaci\u0097n Institucional Senado.-<\/figcaption><\/figure>\n\n\n\n<p>Estuvieron presentes el secretario de educaci\u00f3n, Jos\u00e9 Lu\u00eds Pisano, el vicepresidente del Consejo Escolar, Walter Taramasco, la directora de la instituci\u00f3n, Daniela Dasdore y muy especialmente las y los estudiantes de la centenaria instituci\u00f3n.<\/p>\n","protected":false},"excerpt":{"rendered":"<p>Wado de Pedro: \u201cNunca m\u00e1s a gobiernos que destruyan el empleo, la industria nacional y la educaci\u00f3n argentina\u201d El senador &#8230; <a title=\"Wado de Pedro impuls\u00f3 reconocimiento nacional a Escuela Industrial\" class=\"read-more\" href=\"https:\/\/www.hoymercedes.com.ar\/principal\/2025\/10\/12\/wado-de-pedro-impulso-reconocimiento-nacional-a-escuela-industrial\/\" aria-label=\"Leer m\u00e1s sobre Wado de Pedro impuls\u00f3 reconocimiento nacional a Escuela Industrial\">Leer m\u00e1s<\/a><\/p>\n","protected":false},"author":1,"featured_media":188696,"comment_status":"closed","ping_status":"open","sticky":false,"template":"","format":"standard","meta":{"_monsterinsights_skip_tracking":false,"_monsterinsights_sitenote_active":false,"_monsterinsights_sitenote_note":"","_monsterinsights_sitenote_category":0,"jetpack_post_was_ever_published":false,"_jetpack_newsletter_access":"","_jetpack_dont_email_post_to_subs":false,"_jetpack_newsletter_tier_id":0,"_jetpack_memberships_contains_paywalled_content":false,"_jetpack_memberships_contains_paid_content":false,"footnotes":"","jetpack_publicize_message":"","jetpack_publicize_feature_enabled":true,"jetpack_social_post_already_shared":false,"jetpack_social_options":{"image_generator_settings":{"template":"highway","default_image_id":0,"font":"","enabled":false},"version":2},"_wpas_customize_per_network":false},"categories":[23],"tags":[20762,2724,20761,281],"class_list":["post-188695","post","type-post","status-publish","format-standard","has-post-thumbnail","hentry","category-educacion","tag-daniela-dasdore","tag-escuela-industrial","tag-reconicimiento-escuela-industrial","tag-wado-de-pedro","generate-columns","tablet-grid-50","mobile-grid-100","grid-parent","grid-50"],"jetpack_publicize_connections":[],"jetpack_featured_media_url":"https:\/\/www.hoymercedes.com.ar\/principal\/wp-content\/uploads\/2025\/10\/20251007LI__075_20_LEY_EDUCACION_TECNICO_PROFESIONAL-scaled.jpg","wps_subtitle":"Senado de la Naci\u00f3n","jetpack_sharing_enabled":true,"_links":{"self":[{"href":"https:\/\/www.hoymercedes.com.ar\/principal\/wp-json\/wp\/v2\/posts\/188695","targetHints":{"allow":["GET"]}}],"collection":[{"href":"https:\/\/www.hoymercedes.com.ar\/principal\/wp-json\/wp\/v2\/posts"}],"about":[{"href":"https:\/\/www.hoymercedes.com.ar\/principal\/wp-json\/wp\/v2\/types\/post"}],"author":[{"embeddable":true,"href":"https:\/\/www.hoymercedes.com.ar\/principal\/wp-json\/wp\/v2\/users\/1"}],"replies":[{"embeddable":true,"href":"https:\/\/www.hoymercedes.com.ar\/principal\/wp-json\/wp\/v2\/comments?post=188695"}],"version-history":[{"count":2,"href":"https:\/\/www.hoymercedes.com.ar\/principal\/wp-json\/wp\/v2\/posts\/188695\/revisions"}],"predecessor-version":[{"id":188701,"href":"https:\/\/www.hoymercedes.com.ar\/principal\/wp-json\/wp\/v2\/posts\/188695\/revisions\/188701"}],"wp:featuredmedia":[{"embeddable":true,"href":"https:\/\/www.hoymercedes.com.ar\/principal\/wp-json\/wp\/v2\/media\/188696"}],"wp:attachment":[{"href":"https:\/\/www.hoymercedes.com.ar\/principal\/wp-json\/wp\/v2\/media?parent=188695"}],"wp:term":[{"taxonomy":"category","embeddable":true,"href":"https:\/\/www.hoymercedes.com.ar\/principal\/wp-json\/wp\/v2\/categories?post=188695"},{"taxonomy":"post_tag","embeddable":true,"href":"https:\/\/www.hoymercedes.com.ar\/principal\/wp-json\/wp\/v2\/tags?post=188695"}],"curies":[{"name":"wp","href":"https:\/\/api.w.org\/{rel}","templated":true}]}}