{"id":18882,"date":"2012-12-19T03:24:14","date_gmt":"2012-12-19T03:24:14","guid":{"rendered":"http:\/\/www.hoymercedes.com.ar\/principal\/?p=18882"},"modified":"2012-12-19T03:24:36","modified_gmt":"2012-12-19T03:24:36","slug":"selva-en-casa-rosada-junto-a-cristina-fernandez-de-kirchner-recibio-importante-subsidio","status":"publish","type":"post","link":"https:\/\/www.hoymercedes.com.ar\/principal\/2012\/12\/19\/selva-en-casa-rosada-junto-a-cristina-fernandez-de-kirchner-recibio-importante-subsidio\/","title":{"rendered":"Selva en Casa Rosada junto a Cristina Fern\u00e1ndez de Kirchner. Recibi\u00f3 importante subsidio"},"content":{"rendered":"<figure id=\"attachment_18884\" aria-describedby=\"caption-attachment-18884\" style=\"width: 608px\" class=\"wp-caption aligncenter\"><a href=\"https:\/\/www.hoymercedes.com.ar\/principal\/wp-content\/uploads\/2012\/12\/Selva-CFK.jpg\"><img loading=\"lazy\" decoding=\"async\" data-attachment-id=\"18884\" data-permalink=\"https:\/\/www.hoymercedes.com.ar\/principal\/2012\/12\/19\/selva-en-casa-rosada-junto-a-cristina-fernandez-de-kirchner-recibio-importante-subsidio\/selva-cfk\/#main\" data-orig-file=\"https:\/\/www.hoymercedes.com.ar\/principal\/wp-content\/uploads\/2012\/12\/Selva-CFK.jpg\" data-orig-size=\"618,430\" data-comments-opened=\"1\" data-image-meta=\"{&quot;aperture&quot;:&quot;5.6&quot;,&quot;credit&quot;:&quot;&quot;,&quot;camera&quot;:&quot;NIKON D700&quot;,&quot;caption&quot;:&quot;&quot;,&quot;created_timestamp&quot;:&quot;1263772048&quot;,&quot;copyright&quot;:&quot;&quot;,&quot;focal_length&quot;:&quot;24&quot;,&quot;iso&quot;:&quot;6400&quot;,&quot;shutter_speed&quot;:&quot;0.008&quot;,&quot;title&quot;:&quot;&quot;}\" data-image-title=\"Selva-CFK\" data-image-description=\"&lt;p&gt;Carlos Selva junto a Cristina Fern\u00e1ndez de Kirchner&lt;\/p&gt;\n\" data-image-caption=\"&lt;p&gt;Carlos Selva junto a Cristina Fern\u00e1ndez de Kirchner&lt;\/p&gt;\n\" data-large-file=\"https:\/\/www.hoymercedes.com.ar\/principal\/wp-content\/uploads\/2012\/12\/Selva-CFK.jpg\" class=\"size-full wp-image-18884\" alt=\"Carlos Selva junto a Cristina Fern\u00e1ndez de Kirchner\" src=\"https:\/\/www.hoymercedes.com.ar\/principal\/wp-content\/uploads\/2012\/12\/Selva-CFK.jpg\" width=\"618\" height=\"430\" \/><\/a><figcaption id=\"caption-attachment-18884\" class=\"wp-caption-text\">Carlos Selva junto a Cristina Fern\u00e1ndez de Kirchner<\/figcaption><\/figure>\n<p>Luego de mucho tiempo se volvi\u00f3 a ver al primer mandatario junto a la Presidenta de la Naci\u00f3n en un acto en la Casa Rosada. Las im\u00e1genes de gran\u00a0simbolismo\u00a0pol\u00edtico dieron vuelta la ciudad y el pa\u00eds ya que al estar ubicado en las primeras filas las c\u00e1maras de televisi\u00f3n abierta no dejaban de retratarlo. Selva estuvo porque la presidenta efectu\u00f3 entrega de subsidios de 600 mil pesos para invertir en el sector industrial planificado.<\/p>\n<p>El intendente Carlos Selva fue parte de un acto en la Casa Rosada junto a la presidenta Cristina Kirchner, en donde recibi\u00f3\u00a0un subsidio no reintegrable de 600 mil pesos para invertir en el Sector Industrial Planificado.<\/p>\n<p>El primer mandatario local estuvo sentado en primera fila, ya que la Municipalidad de Mercedes fue uno de los 13 municipios del pa\u00eds (7 de la provincia de Buenos Aires) que recibi\u00f3\u00a0este importante\u00a0subsidio\u00a0econ\u00f3mico para el SIP. Tambi\u00e9n estuvo presente el gobernador Daniel Scioli. La comitiva mercedina adem\u00e1s estuvo integrada por el presidente del Concejo Deliberante Marcelo Den\u00e1pole, el director de Producci\u00f3n Fernando Zapata y por el presidente del Consorcio del Parque Industrial Miguel Esp\u00edndola.<\/p>\n<p>El subsidio recibido por el municipio de Mercedes es de 600 mil pesos, que ser\u00e1n invertidos en la construcci\u00f3n de un SUM en el espacio municipal\u00a0 que tiene el Sector Industrial Planificado. Todo esto se pudo concretar gracias a intensas gestiones que realiz\u00f3 el intendente durante estos meses y a la capacidad operativa creciente que tiene la industria en la ciudad.<\/p>\n<p>La presidenta Cristina encabez\u00f3 el acto de entrega de Aportes Reintegrables para Parques Industriales y Lanzamiento de L\u00ednea de Cr\u00e9dito a Tasa Subsidiada para Maquinaria Agr\u00edcola, en el Sal\u00f3n de las Mujeres de Casa de Gobierno. En compa\u00f1\u00eda del vicepresidente Amado Boudou; el jefe de Gabinete, Juan Manuel Abal Medina y la Ministra de Industria, D\u00e9bora Giorgi, estableci\u00f3 un contacto mediante videoconferencias con funcionarios de Malargue, Gaiman y Coronel Su\u00e1rez. En el inicio del acto, Cristina anunci\u00f3 la entrega de 13 Aportes del Gobierno Nacional para el inicio de infraestructura interna en provincias y municipios del interior del pa\u00eds. Tambi\u00e9n el lanzamiento de la ampliaci\u00f3n de l\u00edneas de cr\u00e9dito para maquinaria agr\u00edcola y la firma de un convenio para el dragado integral del banco de arena que obstaculiza el ingreso por el canal principal al Puerto de Mar del Plata.<\/p>\n<p>&nbsp;<\/p>\n","protected":false},"excerpt":{"rendered":"<p>Luego de mucho tiempo se volvi\u00f3 a ver al primer mandatario junto a la Presidenta de la Naci\u00f3n en un &#8230; <a title=\"Selva en Casa Rosada junto a Cristina Fern\u00e1ndez de Kirchner. Recibi\u00f3 importante subsidio\" class=\"read-more\" href=\"https:\/\/www.hoymercedes.com.ar\/principal\/2012\/12\/19\/selva-en-casa-rosada-junto-a-cristina-fernandez-de-kirchner-recibio-importante-subsidio\/\" aria-label=\"Leer m\u00e1s sobre Selva en Casa Rosada junto a Cristina Fern\u00e1ndez de Kirchner. Recibi\u00f3 importante subsidio\">Leer m\u00e1s<\/a><\/p>\n","protected":false},"author":1,"featured_media":0,"comment_status":"open","ping_status":"open","sticky":false,"template":"","format":"standard","meta":{"_monsterinsights_skip_tracking":false,"_monsterinsights_sitenote_active":false,"_monsterinsights_sitenote_note":"","_monsterinsights_sitenote_category":0,"jetpack_post_was_ever_published":false,"_jetpack_newsletter_access":"","_jetpack_dont_email_post_to_subs":false,"_jetpack_newsletter_tier_id":0,"_jetpack_memberships_contains_paywalled_content":false,"_jetpack_memberships_contains_paid_content":false,"footnotes":"","jetpack_publicize_message":"","jetpack_publicize_feature_enabled":true,"jetpack_social_post_already_shared":false,"jetpack_social_options":{"image_generator_settings":{"template":"highway","default_image_id":0,"font":"","enabled":false},"version":2},"_wpas_customize_per_network":false},"categories":[5],"tags":[39,349,1157],"class_list":["post-18882","post","type-post","status-publish","format-standard","hentry","category-politica","tag-carlos-selva","tag-cfk","tag-cristina-fernandez-de-kirchner","generate-columns","tablet-grid-50","mobile-grid-100","grid-parent","grid-50"],"jetpack_publicize_connections":[],"jetpack_featured_media_url":"","wps_subtitle":"","jetpack_sharing_enabled":true,"_links":{"self":[{"href":"https:\/\/www.hoymercedes.com.ar\/principal\/wp-json\/wp\/v2\/posts\/18882","targetHints":{"allow":["GET"]}}],"collection":[{"href":"https:\/\/www.hoymercedes.com.ar\/principal\/wp-json\/wp\/v2\/posts"}],"about":[{"href":"https:\/\/www.hoymercedes.com.ar\/principal\/wp-json\/wp\/v2\/types\/post"}],"author":[{"embeddable":true,"href":"https:\/\/www.hoymercedes.com.ar\/principal\/wp-json\/wp\/v2\/users\/1"}],"replies":[{"embeddable":true,"href":"https:\/\/www.hoymercedes.com.ar\/principal\/wp-json\/wp\/v2\/comments?post=18882"}],"version-history":[{"count":0,"href":"https:\/\/www.hoymercedes.com.ar\/principal\/wp-json\/wp\/v2\/posts\/18882\/revisions"}],"wp:attachment":[{"href":"https:\/\/www.hoymercedes.com.ar\/principal\/wp-json\/wp\/v2\/media?parent=18882"}],"wp:term":[{"taxonomy":"category","embeddable":true,"href":"https:\/\/www.hoymercedes.com.ar\/principal\/wp-json\/wp\/v2\/categories?post=18882"},{"taxonomy":"post_tag","embeddable":true,"href":"https:\/\/www.hoymercedes.com.ar\/principal\/wp-json\/wp\/v2\/tags?post=18882"}],"curies":[{"name":"wp","href":"https:\/\/api.w.org\/{rel}","templated":true}]}}