{"id":18908,"date":"2012-12-20T03:38:23","date_gmt":"2012-12-20T03:38:23","guid":{"rendered":"http:\/\/www.hoymercedes.com.ar\/principal\/?p=18908"},"modified":"2012-12-20T03:40:44","modified_gmt":"2012-12-20T03:40:44","slug":"rompen-cabana-turistica-de-tomas-jofre","status":"publish","type":"post","link":"https:\/\/www.hoymercedes.com.ar\/principal\/2012\/12\/20\/rompen-cabana-turistica-de-tomas-jofre\/","title":{"rendered":"Rompen caba\u00f1a de informaci\u00f3n tur\u00edstica de Tom\u00e1s Jofr\u00e9"},"content":{"rendered":"<p><img loading=\"lazy\" decoding=\"async\" data-attachment-id=\"18911\" data-permalink=\"https:\/\/www.hoymercedes.com.ar\/principal\/2012\/12\/20\/rompen-cabana-turistica-de-tomas-jofre\/jofre-roturas-ii\/#main\" data-orig-file=\"https:\/\/www.hoymercedes.com.ar\/principal\/wp-content\/uploads\/2012\/12\/Jofre.roturas.II_.jpg\" data-orig-size=\"618,464\" data-comments-opened=\"1\" data-image-meta=\"{&quot;aperture&quot;:&quot;2.6&quot;,&quot;credit&quot;:&quot;&quot;,&quot;camera&quot;:&quot;GT-B5510L&quot;,&quot;caption&quot;:&quot;&quot;,&quot;created_timestamp&quot;:&quot;1355914419&quot;,&quot;copyright&quot;:&quot;&quot;,&quot;focal_length&quot;:&quot;2.79&quot;,&quot;iso&quot;:&quot;50&quot;,&quot;shutter_speed&quot;:&quot;0.0006131207847946&quot;,&quot;title&quot;:&quot;&quot;}\" data-image-title=\"Jofre.roturas.II\" data-image-description=\"\" data-image-caption=\"\" data-large-file=\"https:\/\/www.hoymercedes.com.ar\/principal\/wp-content\/uploads\/2012\/12\/Jofre.roturas.II_.jpg\" class=\"aligncenter size-full wp-image-18911\" alt=\"Jofre.roturas.II\" src=\"https:\/\/www.hoymercedes.com.ar\/principal\/wp-content\/uploads\/2012\/12\/Jofre.roturas.II_.jpg\" width=\"618\" height=\"464\" \/><\/p>\n<p>Durante el fin de semana la caba\u00f1a de informaci\u00f3n tur\u00edstica que se encuentra en el ingreso de Tom\u00e1s Jofr\u00e9 recibi\u00f3 una serie de roturas a manos de al menos una joven que estar\u00eda acompa\u00f1ada por\u00a0alguien\u00a0que la acompa\u00f1aba en la \u00abdiversi\u00f3n\u00bb, seg\u00fan narraron testigos.<\/p>\n<p>La caba\u00f1a funciona durante los fines de semana y feriados todo el a\u00f1o para dar orientaci\u00f3n tur\u00edstica a los miles de visitantes que s\u00e1bados y domingos arriban el polo gastron\u00f3mico.<\/p>\n<p>Durante la madrugada del domingo, cerca de las siete de la ma\u00f1ana, seg\u00fan informaci\u00f3n recolectada por personal municipal, una joven agredi\u00f3, por diversi\u00f3n sospechan, la caba\u00f1a, espacio de trabajo \u00a0y difusi\u00f3n cultural de la ciudad.<\/p>\n<figure id=\"attachment_18910\" aria-describedby=\"caption-attachment-18910\" style=\"width: 608px\" class=\"wp-caption aligncenter\"><a href=\"https:\/\/www.hoymercedes.com.ar\/principal\/wp-content\/uploads\/2012\/12\/Jofre.roturas.I.jpg\"><img loading=\"lazy\" decoding=\"async\" data-attachment-id=\"18910\" data-permalink=\"https:\/\/www.hoymercedes.com.ar\/principal\/2012\/12\/20\/rompen-cabana-turistica-de-tomas-jofre\/jofre-roturas-i\/#main\" data-orig-file=\"https:\/\/www.hoymercedes.com.ar\/principal\/wp-content\/uploads\/2012\/12\/Jofre.roturas.I.jpg\" data-orig-size=\"618,464\" data-comments-opened=\"1\" data-image-meta=\"{&quot;aperture&quot;:&quot;2.6&quot;,&quot;credit&quot;:&quot;&quot;,&quot;camera&quot;:&quot;GT-B5510L&quot;,&quot;caption&quot;:&quot;&quot;,&quot;created_timestamp&quot;:&quot;1355914470&quot;,&quot;copyright&quot;:&quot;&quot;,&quot;focal_length&quot;:&quot;2.79&quot;,&quot;iso&quot;:&quot;50&quot;,&quot;shutter_speed&quot;:&quot;0.0046082949308756&quot;,&quot;title&quot;:&quot;&quot;}\" data-image-title=\"Jofre.roturas.I\" data-image-description=\"\" data-image-caption=\"&lt;p&gt;Roturas en Tom\u00e1s Jofr\u00e9&lt;\/p&gt;\n\" data-large-file=\"https:\/\/www.hoymercedes.com.ar\/principal\/wp-content\/uploads\/2012\/12\/Jofre.roturas.I.jpg\" class=\"size-full wp-image-18910\" alt=\"Roturas en Tom\u00e1s Jofr\u00e9\" src=\"https:\/\/www.hoymercedes.com.ar\/principal\/wp-content\/uploads\/2012\/12\/Jofre.roturas.I.jpg\" width=\"618\" height=\"464\" srcset=\"https:\/\/www.hoymercedes.com.ar\/principal\/wp-content\/uploads\/2012\/12\/Jofre.roturas.I.jpg 618w, https:\/\/www.hoymercedes.com.ar\/principal\/wp-content\/uploads\/2012\/12\/Jofre.roturas.I-300x225.jpg 300w\" sizes=\"auto, (max-width: 618px) 100vw, 618px\" \/><\/a><figcaption id=\"caption-attachment-18910\" class=\"wp-caption-text\">Roturas en Tom\u00e1s Jofr\u00e9<\/figcaption><\/figure>\n<p>El fin de semana fue muy importante para los restaurantes del lugar dada la cantidad de despedidas de a\u00f1o que se est\u00e1n desarrollando. La caba\u00f1a es pieza fundamental pues permite orientar, guiar y apoyar las actividades comerciales que all\u00ed se desarrollan.<\/p>\n<p>Las reparaciones se realizar\u00e1n en los d\u00edas que corren. Las roturas son en un vidrio al lado de la puerta, cerca del picaporte, en una baranda que permite cercar el ingreso a la caba\u00f1a, en un cartel de bienvenida gigante colocado y en otro m\u00e1s peque\u00f1o en la caba\u00f1a en s\u00ed.<\/p>\n<p>&nbsp;<\/p>\n<p><a href=\"https:\/\/www.hoymercedes.com.ar\/principal\/wp-content\/uploads\/2012\/12\/Jofre.roturas.III_.jpg\"><img loading=\"lazy\" decoding=\"async\" data-attachment-id=\"18912\" data-permalink=\"https:\/\/www.hoymercedes.com.ar\/principal\/2012\/12\/20\/rompen-cabana-turistica-de-tomas-jofre\/jofre-roturas-iii\/#main\" data-orig-file=\"https:\/\/www.hoymercedes.com.ar\/principal\/wp-content\/uploads\/2012\/12\/Jofre.roturas.III_.jpg\" data-orig-size=\"618,824\" data-comments-opened=\"1\" data-image-meta=\"{&quot;aperture&quot;:&quot;2.6&quot;,&quot;credit&quot;:&quot;&quot;,&quot;camera&quot;:&quot;GT-B5510L&quot;,&quot;caption&quot;:&quot;&quot;,&quot;created_timestamp&quot;:&quot;1355914380&quot;,&quot;copyright&quot;:&quot;&quot;,&quot;focal_length&quot;:&quot;2.79&quot;,&quot;iso&quot;:&quot;64&quot;,&quot;shutter_speed&quot;:&quot;0.00065402223675605&quot;,&quot;title&quot;:&quot;&quot;}\" data-image-title=\"Jofre.roturas.III\" data-image-description=\"\" data-image-caption=\"\" data-large-file=\"https:\/\/www.hoymercedes.com.ar\/principal\/wp-content\/uploads\/2012\/12\/Jofre.roturas.III_.jpg\" class=\"aligncenter size-full wp-image-18912\" alt=\"Jofre.roturas.III\" src=\"https:\/\/www.hoymercedes.com.ar\/principal\/wp-content\/uploads\/2012\/12\/Jofre.roturas.III_.jpg\" width=\"618\" height=\"824\" srcset=\"https:\/\/www.hoymercedes.com.ar\/principal\/wp-content\/uploads\/2012\/12\/Jofre.roturas.III_.jpg 618w, https:\/\/www.hoymercedes.com.ar\/principal\/wp-content\/uploads\/2012\/12\/Jofre.roturas.III_-225x300.jpg 225w\" sizes=\"auto, (max-width: 618px) 100vw, 618px\" \/><\/a><\/p>\n","protected":false},"excerpt":{"rendered":"<p>Durante el fin de semana la caba\u00f1a de informaci\u00f3n tur\u00edstica que se encuentra en el ingreso de Tom\u00e1s Jofr\u00e9 recibi\u00f3 &#8230; <a title=\"Rompen caba\u00f1a de informaci\u00f3n tur\u00edstica de Tom\u00e1s Jofr\u00e9\" class=\"read-more\" href=\"https:\/\/www.hoymercedes.com.ar\/principal\/2012\/12\/20\/rompen-cabana-turistica-de-tomas-jofre\/\" aria-label=\"Leer m\u00e1s sobre Rompen caba\u00f1a de informaci\u00f3n tur\u00edstica de Tom\u00e1s Jofr\u00e9\">Leer m\u00e1s<\/a><\/p>\n","protected":false},"author":1,"featured_media":0,"comment_status":"open","ping_status":"open","sticky":false,"template":"","format":"standard","meta":{"_monsterinsights_skip_tracking":false,"_monsterinsights_sitenote_active":false,"_monsterinsights_sitenote_note":"","_monsterinsights_sitenote_category":0,"jetpack_post_was_ever_published":false,"_jetpack_newsletter_access":"","_jetpack_dont_email_post_to_subs":false,"_jetpack_newsletter_tier_id":0,"_jetpack_memberships_contains_paywalled_content":false,"_jetpack_memberships_contains_paid_content":false,"footnotes":"","jetpack_publicize_message":"","jetpack_publicize_feature_enabled":true,"jetpack_social_post_already_shared":false,"jetpack_social_options":{"image_generator_settings":{"template":"highway","default_image_id":0,"font":"","enabled":false},"version":2},"_wpas_customize_per_network":false},"categories":[8],"tags":[892,594],"class_list":["post-18908","post","type-post","status-publish","format-standard","hentry","category-sociedad","tag-direccion-de-turismo-mercedes","tag-tomas-jofre","generate-columns","tablet-grid-50","mobile-grid-100","grid-parent","grid-50"],"jetpack_publicize_connections":[],"jetpack_featured_media_url":"","wps_subtitle":"","jetpack_sharing_enabled":true,"_links":{"self":[{"href":"https:\/\/www.hoymercedes.com.ar\/principal\/wp-json\/wp\/v2\/posts\/18908","targetHints":{"allow":["GET"]}}],"collection":[{"href":"https:\/\/www.hoymercedes.com.ar\/principal\/wp-json\/wp\/v2\/posts"}],"about":[{"href":"https:\/\/www.hoymercedes.com.ar\/principal\/wp-json\/wp\/v2\/types\/post"}],"author":[{"embeddable":true,"href":"https:\/\/www.hoymercedes.com.ar\/principal\/wp-json\/wp\/v2\/users\/1"}],"replies":[{"embeddable":true,"href":"https:\/\/www.hoymercedes.com.ar\/principal\/wp-json\/wp\/v2\/comments?post=18908"}],"version-history":[{"count":0,"href":"https:\/\/www.hoymercedes.com.ar\/principal\/wp-json\/wp\/v2\/posts\/18908\/revisions"}],"wp:attachment":[{"href":"https:\/\/www.hoymercedes.com.ar\/principal\/wp-json\/wp\/v2\/media?parent=18908"}],"wp:term":[{"taxonomy":"category","embeddable":true,"href":"https:\/\/www.hoymercedes.com.ar\/principal\/wp-json\/wp\/v2\/categories?post=18908"},{"taxonomy":"post_tag","embeddable":true,"href":"https:\/\/www.hoymercedes.com.ar\/principal\/wp-json\/wp\/v2\/tags?post=18908"}],"curies":[{"name":"wp","href":"https:\/\/api.w.org\/{rel}","templated":true}]}}