{"id":189089,"date":"2025-10-24T12:06:02","date_gmt":"2025-10-24T15:06:02","guid":{"rendered":"https:\/\/www.hoymercedes.com.ar\/principal\/?p=189089"},"modified":"2025-10-24T12:06:10","modified_gmt":"2025-10-24T15:06:10","slug":"cuatro-mujeres-empresarias-mercedinas-postuladas-al-premio-mefeba","status":"publish","type":"post","link":"https:\/\/www.hoymercedes.com.ar\/principal\/2025\/10\/24\/cuatro-mujeres-empresarias-mercedinas-postuladas-al-premio-mefeba\/","title":{"rendered":"Cuatro mujeres empresarias mercedinas postuladas al Premio MEFEBA"},"content":{"rendered":"\n<p><em>Andrea Pietrobelli, Fabiana y Andrea Panella, y Sandra Dimaro fueron seleccionadas por la CEM para representar a la ciudad en las categor\u00edas de Comercio Local, Liderazgo Empresarial y Responsabilidad Social Empresarial.<\/em><\/p>\n\n\n\n<figure class=\"wp-block-image size-large\"><img loading=\"lazy\" decoding=\"async\" width=\"1024\" height=\"595\" data-attachment-id=\"189091\" data-permalink=\"https:\/\/www.hoymercedes.com.ar\/principal\/2025\/10\/24\/cuatro-mujeres-empresarias-mercedinas-postuladas-al-premio-mefeba\/img-20251024-wa0001\/#main\" data-orig-file=\"https:\/\/www.hoymercedes.com.ar\/principal\/wp-content\/uploads\/2025\/10\/IMG-20251024-WA0001.jpg\" data-orig-size=\"1278,743\" data-comments-opened=\"0\" data-image-meta=\"{&quot;aperture&quot;:&quot;0&quot;,&quot;credit&quot;:&quot;&quot;,&quot;camera&quot;:&quot;&quot;,&quot;caption&quot;:&quot;&quot;,&quot;created_timestamp&quot;:&quot;0&quot;,&quot;copyright&quot;:&quot;&quot;,&quot;focal_length&quot;:&quot;0&quot;,&quot;iso&quot;:&quot;0&quot;,&quot;shutter_speed&quot;:&quot;0&quot;,&quot;title&quot;:&quot;&quot;,&quot;orientation&quot;:&quot;0&quot;}\" data-image-title=\"IMG-20251024-WA0001\" data-image-description=\"\" data-image-caption=\"\" data-large-file=\"https:\/\/www.hoymercedes.com.ar\/principal\/wp-content\/uploads\/2025\/10\/IMG-20251024-WA0001-1024x595.jpg\" src=\"https:\/\/www.hoymercedes.com.ar\/principal\/wp-content\/uploads\/2025\/10\/IMG-20251024-WA0001-1024x595.jpg\" alt=\"\" class=\"wp-image-189091\" srcset=\"https:\/\/www.hoymercedes.com.ar\/principal\/wp-content\/uploads\/2025\/10\/IMG-20251024-WA0001-1024x595.jpg 1024w, https:\/\/www.hoymercedes.com.ar\/principal\/wp-content\/uploads\/2025\/10\/IMG-20251024-WA0001-630x366.jpg 630w, https:\/\/www.hoymercedes.com.ar\/principal\/wp-content\/uploads\/2025\/10\/IMG-20251024-WA0001-150x87.jpg 150w, https:\/\/www.hoymercedes.com.ar\/principal\/wp-content\/uploads\/2025\/10\/IMG-20251024-WA0001.jpg 1278w\" sizes=\"auto, (max-width: 1024px) 100vw, 1024px\" \/><\/figure>\n\n\n\n<p>La C\u00e1mara Econ\u00f3mica Mercedina (CEM), a trav\u00e9s de su Comisi\u00f3n de Mujeres Empresarias (cuya coordinadora es Flor Pittaro), confirm\u00f3 la postulaci\u00f3n de cuatro destacadas referentes locales para la 10\u00aa Edici\u00f3n del Premio Mujer Empresaria Bonaerense, un galard\u00f3n organizado por la Federaci\u00f3n Econ\u00f3mica de la Provincia de Buenos Aires (MEFEBA).<\/p>\n\n\n\n<p>Las empresarias mercedinas que buscar\u00e1n destacarse a nivel provincial son:<\/p>\n\n\n\n<ul class=\"wp-block-list\">\n<li>Andrea K. Pietrobelli (de Kontiki), nominada en la categor\u00eda Comercio Local.<\/li>\n\n\n\n<li>Fabiana y Andrea Panella (de Transporte Panella), postuladas en Liderazgo Empresarial.<\/li>\n\n\n\n<li>Sandra Dimaro (de Oxi-Mercedes), nominada por su trayectoria en Responsabilidad Social Empresarial.<\/li>\n<\/ul>\n\n\n\n<figure class=\"wp-block-image size-full\"><img loading=\"lazy\" decoding=\"async\" width=\"1021\" height=\"670\" data-attachment-id=\"189090\" data-permalink=\"https:\/\/www.hoymercedes.com.ar\/principal\/2025\/10\/24\/cuatro-mujeres-empresarias-mercedinas-postuladas-al-premio-mefeba\/img-20251024-wa0002\/#main\" data-orig-file=\"https:\/\/www.hoymercedes.com.ar\/principal\/wp-content\/uploads\/2025\/10\/IMG-20251024-WA0002.jpg\" data-orig-size=\"1021,670\" data-comments-opened=\"0\" data-image-meta=\"{&quot;aperture&quot;:&quot;0&quot;,&quot;credit&quot;:&quot;&quot;,&quot;camera&quot;:&quot;&quot;,&quot;caption&quot;:&quot;&quot;,&quot;created_timestamp&quot;:&quot;0&quot;,&quot;copyright&quot;:&quot;&quot;,&quot;focal_length&quot;:&quot;0&quot;,&quot;iso&quot;:&quot;0&quot;,&quot;shutter_speed&quot;:&quot;0&quot;,&quot;title&quot;:&quot;&quot;,&quot;orientation&quot;:&quot;0&quot;}\" data-image-title=\"IMG-20251024-WA0002\" data-image-description=\"\" data-image-caption=\"\" data-large-file=\"https:\/\/www.hoymercedes.com.ar\/principal\/wp-content\/uploads\/2025\/10\/IMG-20251024-WA0002.jpg\" src=\"https:\/\/www.hoymercedes.com.ar\/principal\/wp-content\/uploads\/2025\/10\/IMG-20251024-WA0002.jpg\" alt=\"\" class=\"wp-image-189090\" srcset=\"https:\/\/www.hoymercedes.com.ar\/principal\/wp-content\/uploads\/2025\/10\/IMG-20251024-WA0002.jpg 1021w, https:\/\/www.hoymercedes.com.ar\/principal\/wp-content\/uploads\/2025\/10\/IMG-20251024-WA0002-630x413.jpg 630w, https:\/\/www.hoymercedes.com.ar\/principal\/wp-content\/uploads\/2025\/10\/IMG-20251024-WA0002-150x98.jpg 150w\" sizes=\"auto, (max-width: 1021px) 100vw, 1021px\" \/><\/figure>\n\n\n\n<p>Este reconocimiento provincial tiene como objetivo visibilizar el trabajo de mujeres empresarias consolidadas y aquellas que inician sus proyectos. La CEM pudo presentar a sus postulantes, logrando tres representantes en esta etapa.<\/p>\n\n\n\n<p>Seg\u00fan lo informado por la Comisi\u00f3n de Mujeres CEM, un jurado de excelencia de MEFEBA se reunir\u00e1 durante la \u00faltima semana de octubre para seleccionar a las finalistas de cada categor\u00eda a nivel provincial.<\/p>\n\n\n\n<p>El punto culminante ser\u00e1 la Gala de Premiaci\u00f3n, programada para el 27 de noviembre en Tango Porte\u00f1o, CABA. La ganadora de cada categor\u00eda en este premio bonaerense tendr\u00e1 el honor de competir posteriormente representando a la Provincia en el prestigioso Premio Mujeres CAME 2026.<\/p>\n\n\n\n<p>El premio MEFEBA busca reconocer aquellas trayectorias que han impactado significativamente en el desarrollo econ\u00f3mico, incluyendo categor\u00edas como Innovaci\u00f3n Tecnol\u00f3gica y Nuevo Emprendimiento, adem\u00e1s de las reconocidas en esta edici\u00f3n por Mercedes.<\/p>\n","protected":false},"excerpt":{"rendered":"<p>Andrea Pietrobelli, Fabiana y Andrea Panella, y Sandra Dimaro fueron seleccionadas por la CEM para representar a la ciudad en &#8230; <a title=\"Cuatro mujeres empresarias mercedinas postuladas al Premio MEFEBA\" class=\"read-more\" href=\"https:\/\/www.hoymercedes.com.ar\/principal\/2025\/10\/24\/cuatro-mujeres-empresarias-mercedinas-postuladas-al-premio-mefeba\/\" aria-label=\"Leer m\u00e1s sobre Cuatro mujeres empresarias mercedinas postuladas al Premio MEFEBA\">Leer m\u00e1s<\/a><\/p>\n","protected":false},"author":1,"featured_media":189090,"comment_status":"closed","ping_status":"open","sticky":false,"template":"","format":"standard","meta":{"_monsterinsights_skip_tracking":false,"_monsterinsights_sitenote_active":false,"_monsterinsights_sitenote_note":"","_monsterinsights_sitenote_category":0,"jetpack_post_was_ever_published":false,"_jetpack_newsletter_access":"","_jetpack_dont_email_post_to_subs":false,"_jetpack_newsletter_tier_id":0,"_jetpack_memberships_contains_paywalled_content":false,"_jetpack_memberships_contains_paid_content":false,"footnotes":"","jetpack_publicize_message":"","jetpack_publicize_feature_enabled":true,"jetpack_social_post_already_shared":true,"jetpack_social_options":{"image_generator_settings":{"template":"highway","default_image_id":0,"font":"","enabled":false},"version":2},"_wpas_customize_per_network":false},"categories":[8],"tags":[],"class_list":["post-189089","post","type-post","status-publish","format-standard","has-post-thumbnail","hentry","category-sociedad","generate-columns","tablet-grid-50","mobile-grid-100","grid-parent","grid-50"],"jetpack_publicize_connections":[],"jetpack_featured_media_url":"https:\/\/www.hoymercedes.com.ar\/principal\/wp-content\/uploads\/2025\/10\/IMG-20251024-WA0002.jpg","wps_subtitle":"","jetpack_sharing_enabled":true,"_links":{"self":[{"href":"https:\/\/www.hoymercedes.com.ar\/principal\/wp-json\/wp\/v2\/posts\/189089","targetHints":{"allow":["GET"]}}],"collection":[{"href":"https:\/\/www.hoymercedes.com.ar\/principal\/wp-json\/wp\/v2\/posts"}],"about":[{"href":"https:\/\/www.hoymercedes.com.ar\/principal\/wp-json\/wp\/v2\/types\/post"}],"author":[{"embeddable":true,"href":"https:\/\/www.hoymercedes.com.ar\/principal\/wp-json\/wp\/v2\/users\/1"}],"replies":[{"embeddable":true,"href":"https:\/\/www.hoymercedes.com.ar\/principal\/wp-json\/wp\/v2\/comments?post=189089"}],"version-history":[{"count":1,"href":"https:\/\/www.hoymercedes.com.ar\/principal\/wp-json\/wp\/v2\/posts\/189089\/revisions"}],"predecessor-version":[{"id":189092,"href":"https:\/\/www.hoymercedes.com.ar\/principal\/wp-json\/wp\/v2\/posts\/189089\/revisions\/189092"}],"wp:featuredmedia":[{"embeddable":true,"href":"https:\/\/www.hoymercedes.com.ar\/principal\/wp-json\/wp\/v2\/media\/189090"}],"wp:attachment":[{"href":"https:\/\/www.hoymercedes.com.ar\/principal\/wp-json\/wp\/v2\/media?parent=189089"}],"wp:term":[{"taxonomy":"category","embeddable":true,"href":"https:\/\/www.hoymercedes.com.ar\/principal\/wp-json\/wp\/v2\/categories?post=189089"},{"taxonomy":"post_tag","embeddable":true,"href":"https:\/\/www.hoymercedes.com.ar\/principal\/wp-json\/wp\/v2\/tags?post=189089"}],"curies":[{"name":"wp","href":"https:\/\/api.w.org\/{rel}","templated":true}]}}