{"id":18923,"date":"2012-12-20T22:42:31","date_gmt":"2012-12-20T22:42:31","guid":{"rendered":"http:\/\/www.hoymercedes.com.ar\/principal\/?p=18923"},"modified":"2012-12-20T22:44:31","modified_gmt":"2012-12-20T22:44:31","slug":"juventud-17-de-octubre-en-la-plata-en-acto-de-jovenes-x-scioli","status":"publish","type":"post","link":"https:\/\/www.hoymercedes.com.ar\/principal\/2012\/12\/20\/juventud-17-de-octubre-en-la-plata-en-acto-de-jovenes-x-scioli\/","title":{"rendered":"Juventud 17 de Octubre en La Plata en acto de \u00abJ\u00f3venes X Scioli\u00bb"},"content":{"rendered":"<p><a href=\"https:\/\/www.hoymercedes.com.ar\/principal\/wp-content\/uploads\/2012\/12\/Juventud-Selvismo.jpg\"><img loading=\"lazy\" decoding=\"async\" data-attachment-id=\"18925\" data-permalink=\"https:\/\/www.hoymercedes.com.ar\/principal\/2012\/12\/20\/juventud-17-de-octubre-en-la-plata-en-acto-de-jovenes-x-scioli\/juventud-selvismo\/#main\" data-orig-file=\"https:\/\/www.hoymercedes.com.ar\/principal\/wp-content\/uploads\/2012\/12\/Juventud-Selvismo.jpg\" data-orig-size=\"618,464\" data-comments-opened=\"1\" data-image-meta=\"{&quot;aperture&quot;:&quot;2.7&quot;,&quot;credit&quot;:&quot;&quot;,&quot;camera&quot;:&quot;COOLPIX S5100&quot;,&quot;caption&quot;:&quot;&quot;,&quot;created_timestamp&quot;:&quot;-62169984000&quot;,&quot;copyright&quot;:&quot;&quot;,&quot;focal_length&quot;:&quot;5&quot;,&quot;iso&quot;:&quot;100&quot;,&quot;shutter_speed&quot;:&quot;0.004&quot;,&quot;title&quot;:&quot;&quot;}\" data-image-title=\"Juventud-Selvismo\" data-image-description=\"\" data-image-caption=\"\" data-large-file=\"https:\/\/www.hoymercedes.com.ar\/principal\/wp-content\/uploads\/2012\/12\/Juventud-Selvismo.jpg\" class=\"aligncenter size-full wp-image-18925\" alt=\"Juventud-Selvismo\" src=\"https:\/\/www.hoymercedes.com.ar\/principal\/wp-content\/uploads\/2012\/12\/Juventud-Selvismo.jpg\" width=\"618\" height=\"464\" \/><\/a><\/p>\n<p>Integrantes de la Juventud Peronista de la Agrupaci\u00f3n 17 de Octubre participaron el pasado 19 de diciembre de una mesa de gesti\u00f3n convocada por la l\u00ednea \u201cJ\u00f3venes X Scioli\u201d que se llev\u00f3 a cabo en el Sal\u00f3n de Usos M\u00faltiples de la Casa de Gobierno de La Plata.<\/p>\n<p>\u201cDe la convocatoria participaron j\u00f3venes representando a los 135 distritos de la provincia, marcando una clara intenci\u00f3n de reforzar el apoyo a nuestro Gobernador, demarcando l\u00edneas de trabajo y acciones a seguir de cara a las elecciones del a\u00f1o que viene\u201d, sostuvo Sabrina Selva, una de las concurrentes al evento.<\/p>\n<p>Del encuentro participaron el Ministro de Desarrollo Social Mart\u00edn Ferr\u00e9, el Senador Daniel De Fassio, la representante del Consejo Provincial de la Mujer Claudia Prince y el mismo Gobernador Daniel Scioli, quien hizo alusi\u00f3n a la necesidad de trabajar fuertemente con los municipios coordinando pol\u00edticas sociales en beneficio de toda la provincia, recalcando para dicho proceso el rol de los j\u00f3venes como principales motores del mismo.<\/p>\n<p>&nbsp;<\/p>\n<p>&nbsp;<\/p>\n","protected":false},"excerpt":{"rendered":"<p>Integrantes de la Juventud Peronista de la Agrupaci\u00f3n 17 de Octubre participaron el pasado 19 de diciembre de una mesa &#8230; <a title=\"Juventud 17 de Octubre en La Plata en acto de \u00abJ\u00f3venes X Scioli\u00bb\" class=\"read-more\" href=\"https:\/\/www.hoymercedes.com.ar\/principal\/2012\/12\/20\/juventud-17-de-octubre-en-la-plata-en-acto-de-jovenes-x-scioli\/\" aria-label=\"Leer m\u00e1s sobre Juventud 17 de Octubre en La Plata en acto de \u00abJ\u00f3venes X Scioli\u00bb\">Leer m\u00e1s<\/a><\/p>\n","protected":false},"author":1,"featured_media":0,"comment_status":"open","ping_status":"open","sticky":false,"template":"","format":"standard","meta":{"_monsterinsights_skip_tracking":false,"_monsterinsights_sitenote_active":false,"_monsterinsights_sitenote_note":"","_monsterinsights_sitenote_category":0,"jetpack_post_was_ever_published":false,"_jetpack_newsletter_access":"","_jetpack_dont_email_post_to_subs":false,"_jetpack_newsletter_tier_id":0,"_jetpack_memberships_contains_paywalled_content":false,"_jetpack_memberships_contains_paid_content":false,"footnotes":"","jetpack_publicize_message":"","jetpack_publicize_feature_enabled":true,"jetpack_social_post_already_shared":false,"jetpack_social_options":{"image_generator_settings":{"template":"highway","default_image_id":0,"font":"","enabled":false},"version":2},"_wpas_customize_per_network":false},"categories":[5],"tags":[751],"class_list":["post-18923","post","type-post","status-publish","format-standard","hentry","category-politica","tag-juventud-17-de-octubre","generate-columns","tablet-grid-50","mobile-grid-100","grid-parent","grid-50"],"jetpack_publicize_connections":[],"jetpack_featured_media_url":"","wps_subtitle":"","jetpack_sharing_enabled":true,"_links":{"self":[{"href":"https:\/\/www.hoymercedes.com.ar\/principal\/wp-json\/wp\/v2\/posts\/18923","targetHints":{"allow":["GET"]}}],"collection":[{"href":"https:\/\/www.hoymercedes.com.ar\/principal\/wp-json\/wp\/v2\/posts"}],"about":[{"href":"https:\/\/www.hoymercedes.com.ar\/principal\/wp-json\/wp\/v2\/types\/post"}],"author":[{"embeddable":true,"href":"https:\/\/www.hoymercedes.com.ar\/principal\/wp-json\/wp\/v2\/users\/1"}],"replies":[{"embeddable":true,"href":"https:\/\/www.hoymercedes.com.ar\/principal\/wp-json\/wp\/v2\/comments?post=18923"}],"version-history":[{"count":0,"href":"https:\/\/www.hoymercedes.com.ar\/principal\/wp-json\/wp\/v2\/posts\/18923\/revisions"}],"wp:attachment":[{"href":"https:\/\/www.hoymercedes.com.ar\/principal\/wp-json\/wp\/v2\/media?parent=18923"}],"wp:term":[{"taxonomy":"category","embeddable":true,"href":"https:\/\/www.hoymercedes.com.ar\/principal\/wp-json\/wp\/v2\/categories?post=18923"},{"taxonomy":"post_tag","embeddable":true,"href":"https:\/\/www.hoymercedes.com.ar\/principal\/wp-json\/wp\/v2\/tags?post=18923"}],"curies":[{"name":"wp","href":"https:\/\/api.w.org\/{rel}","templated":true}]}}