{"id":189299,"date":"2025-11-01T07:02:00","date_gmt":"2025-11-01T10:02:00","guid":{"rendered":"https:\/\/www.hoymercedes.com.ar\/principal\/?p=189299"},"modified":"2025-10-31T23:06:34","modified_gmt":"2025-11-01T02:06:34","slug":"el-cambio-climatico-en-argentina","status":"publish","type":"post","link":"https:\/\/www.hoymercedes.com.ar\/principal\/2025\/11\/01\/el-cambio-climatico-en-argentina\/","title":{"rendered":"El cambio clim\u00e1tico en Argentina"},"content":{"rendered":"\n<p>Por Cristi\u00e1n Frers* &#8211; El cambio clim\u00e1tico en el 2025\u00a0se caracteriza por temperaturas r\u00e9cord y la intensificaci\u00f3n de fen\u00f3menos extremos, aunque las predicciones para el per\u00edodo 2025-2029 indican que las temperaturas podr\u00edan ser m\u00e1s altas.\u00a0Se espera que al menos un a\u00f1o entre 2025 y 2029 supere al 2024 como el m\u00e1s c\u00e1lido registrado, y la probabilidad de que al menos un a\u00f1o sobrepase el umbral de 1,5 \u00b0C de calentamiento preindustrial es del 86%.\u00a0<\/p>\n\n\n\n<p>Del 10 al 21 de noviembre se llevar\u00e1 enBel\u00e9m do Par\u00e1, en el coraz\u00f3n de la Amazonia de Brasil, la&nbsp;COP 30,&nbsp;Conferencia de Naciones Unidas sobre el Cambio Climatico. A tres d\u00e9cadas de la primera Cumbre del Clima y a 10 a\u00f1os de haberse firmado el Acuerdo de Par\u00eds, este encuentro pondr\u00e1 el foco en el&nbsp;financiamiento clim\u00e1tico y el rol de Am\u00e9rica Latina, la adaptaci\u00f3n al cambio clim\u00e1tico, la transici\u00f3n energ\u00e9tica y una nueva geopol\u00edtica del clima.<\/p>\n\n\n\n<p>En este marco, la delegaci\u00f3n Argentina, que protagonizara un&nbsp;<a href=\"https:\/\/www.canal26.com\/politica\/2024\/11\/14\/milei-retiro-a-su-delegacion-de-la-cumbre-del-clima-cop29-en-azerbaiyan\/\" target=\"_blank\" rel=\"noreferrer noopener\">antol\u00f3gico papel\u00f3n en la anterior cumbre<\/a>&nbsp;clim\u00e1tica cuando el presidente Javier&nbsp;Milei orden\u00f3 retirar a la delegaci\u00f3n oficial, plantea una verdadera inc\u00f3gnita.<\/p>\n\n\n\n<p>Sin una postura definida, \u201cArgentina llega a esta cumbre con m\u00e1s interrogantes que certezas sobre su rumbo clim\u00e1tico\u201d, analiz\u00f3&nbsp;Camila Mercure, coordinadora del \u00e1rea de Pol\u00edtica Clim\u00e1tica de la Fundaci\u00f3n Ambiente y Recursos Naturales (FARN).<\/p>\n\n\n\n<p>Si bien el pa\u00eds mantiene compromisos internacionales como el Acuerdo de Par\u00eds y sus Contribuciones Nacionalmente Determinadas,&nbsp;la implementaci\u00f3n de sus metas muestra un fuerte retroceso.<\/p>\n\n\n\n<p>\u201cDesde diciembre de 2023, el gobierno nacional implement\u00f3&nbsp;recortes presupuestarios de hasta un 80% en \u00e1reas ambientales; paraliz\u00f3 programas clave, interrumpi\u00f3 las acciones de adaptaci\u00f3n e impuso un&nbsp;discurso negacionista de la crisis clim\u00e1tica, debilitando la credibilidad internacional del pa\u00eds\u201d, sostuvo Mercure.<\/p>\n\n\n\n<p>M\u00e1s del&nbsp;70% de los objetivos clim\u00e1ticos asumidos por la Argentina al 2030 est\u00e1n lejos de cumplirse. Se evaluaron m\u00e1s de 100 objetivos clim\u00e1ticos, el cual mostro que hay un 11% sin informaci\u00f3n, 17% son imposibles de cumplir en el plazo establecido,&nbsp;20% no registraron avances en los \u00faltimos cinco a\u00f1os, 36% muestran un avance leve, 10% un avance moderado, y solo 6% est\u00e1n en v\u00edas de cumplirse en los pr\u00f3ximos cuatro a\u00f1os.<\/p>\n\n\n\n<p>\u201cEl retraso en las medidas de adaptaci\u00f3n agrava las p\u00e9rdidas por eventos extremos, los da\u00f1os a la infraestructura y a las cadenas de suministro,&nbsp;eleva costos de seguros, afecta la salud y la productividad, y tensiona la seguridad h\u00eddrica y alimentaria\u201d, expreso Mariano Villares, cofundador de Sustentabilidad Sin Fronteras (SSF).<\/p>\n\n\n\n<p>Este a\u00f1o, el cambio clim\u00e1tico en Argentina se ha manifestado con temperaturas medias m\u00e1s altas de lo normal, especialmente en el centro y sur del pa\u00eds, y con fen\u00f3menos meteorol\u00f3gicos extremos como el calor intenso y las inundaciones. Si bien el calentamiento en Argentina ha sido hist\u00f3ricamente menor que el promedio global debido a su geograf\u00eda, el aumento de 1,13\u00b0C respecto a 1940-1969 es significativo para los ecosistemas, la agricultura y la vida cotidiana. Adem\u00e1s, el pa\u00eds ha experimentado eventos extremos como el temporal en Bah\u00eda Blanca y el fen\u00f3meno de calor en C\u00f3rdoba, que son consistentes con las proyecciones del calentamiento global.&nbsp;<\/p>\n\n\n\n<p>Para minimizar el cambio clim\u00e1tico en el pa\u00eds, es imprescindible que se&nbsp;<em>adopten decisiones pol\u00edticas y t\u00e9cnicas<\/em>, lo m\u00e1s r\u00e1pido posible, para disminuir los \u00edndices de contaminaci\u00f3n, se debe&nbsp;impulsar una transici\u00f3n energ\u00e9tica hacia fuentes renovables, mejorar la eficiencia energ\u00e9tica en todos los sectores, promover transportes sostenibles y proteger\/restaurar ecosistemas como los bosques y humedales.&nbsp;A nivel individual, es crucial reducir el consumo, reciclar, y tomar decisiones que impliquen menor huella de carbono, como una dieta m\u00e1s vegetal y optimizar el uso de recursos como el agua y la energ\u00eda.&nbsp;<\/p>\n\n\n\n<p>Luchar contra el cambio clim\u00e1tico nos permitir\u00e1 poner por delante el bienestar de las personas al garantizar el derecho a un ambiente saludable. A su vez esto nos dar\u00e1 la oportunidad de mejorar los derechos posibilitando el acceso de m\u00e1s personas a recursos energ\u00e9ticos m\u00e1s limpios y m\u00e1s baratos y crear&nbsp;<strong>oportunidades de empleo<\/strong>&nbsp;en sectores nuevos.<\/p>\n\n\n\n<p>Si la Tierra est\u00e1 molesta, cada vez m\u00e1s enojada, es por culpa de todos. Cada vez le hacemos m\u00e1s da\u00f1o. Y cuando la culpa es de todos, no significa que ella no sea de nadie en particular. Es de cada uno, seg\u00fan su grado de responsabilidad.<\/p>\n\n\n\n<p>*Cristi\u00e1n Frers \u2013 T\u00e9cnico Superior en Gesti\u00f3n Ambiental y T\u00e9cnico Superior en Comunicaci\u00f3n Social (Periodista).<\/p>\n","protected":false},"excerpt":{"rendered":"<p>Por Cristi\u00e1n Frers* &#8211; El cambio clim\u00e1tico en el 2025\u00a0se caracteriza por temperaturas r\u00e9cord y la intensificaci\u00f3n de fen\u00f3menos extremos, &#8230; <a title=\"El cambio clim\u00e1tico en Argentina\" class=\"read-more\" href=\"https:\/\/www.hoymercedes.com.ar\/principal\/2025\/11\/01\/el-cambio-climatico-en-argentina\/\" aria-label=\"Leer m\u00e1s sobre El cambio clim\u00e1tico en Argentina\">Leer m\u00e1s<\/a><\/p>\n","protected":false},"author":1,"featured_media":143935,"comment_status":"closed","ping_status":"open","sticky":false,"template":"","format":"standard","meta":{"_monsterinsights_skip_tracking":false,"_monsterinsights_sitenote_active":false,"_monsterinsights_sitenote_note":"","_monsterinsights_sitenote_category":0,"jetpack_post_was_ever_published":false,"_jetpack_newsletter_access":"","_jetpack_dont_email_post_to_subs":false,"_jetpack_newsletter_tier_id":0,"_jetpack_memberships_contains_paywalled_content":false,"_jetpack_memberships_contains_paid_content":false,"footnotes":"","jetpack_publicize_message":"","jetpack_publicize_feature_enabled":true,"jetpack_social_post_already_shared":true,"jetpack_social_options":{"image_generator_settings":{"template":"highway","default_image_id":0,"font":"","enabled":false},"version":2},"_wpas_customize_per_network":false},"categories":[8],"tags":[],"class_list":["post-189299","post","type-post","status-publish","format-standard","has-post-thumbnail","hentry","category-sociedad","generate-columns","tablet-grid-50","mobile-grid-100","grid-parent","grid-50"],"jetpack_publicize_connections":[],"jetpack_featured_media_url":"https:\/\/www.hoymercedes.com.ar\/principal\/wp-content\/uploads\/2022\/02\/ambiente-cambio-climatico.jpg","wps_subtitle":"","jetpack_sharing_enabled":true,"_links":{"self":[{"href":"https:\/\/www.hoymercedes.com.ar\/principal\/wp-json\/wp\/v2\/posts\/189299","targetHints":{"allow":["GET"]}}],"collection":[{"href":"https:\/\/www.hoymercedes.com.ar\/principal\/wp-json\/wp\/v2\/posts"}],"about":[{"href":"https:\/\/www.hoymercedes.com.ar\/principal\/wp-json\/wp\/v2\/types\/post"}],"author":[{"embeddable":true,"href":"https:\/\/www.hoymercedes.com.ar\/principal\/wp-json\/wp\/v2\/users\/1"}],"replies":[{"embeddable":true,"href":"https:\/\/www.hoymercedes.com.ar\/principal\/wp-json\/wp\/v2\/comments?post=189299"}],"version-history":[{"count":1,"href":"https:\/\/www.hoymercedes.com.ar\/principal\/wp-json\/wp\/v2\/posts\/189299\/revisions"}],"predecessor-version":[{"id":189300,"href":"https:\/\/www.hoymercedes.com.ar\/principal\/wp-json\/wp\/v2\/posts\/189299\/revisions\/189300"}],"wp:featuredmedia":[{"embeddable":true,"href":"https:\/\/www.hoymercedes.com.ar\/principal\/wp-json\/wp\/v2\/media\/143935"}],"wp:attachment":[{"href":"https:\/\/www.hoymercedes.com.ar\/principal\/wp-json\/wp\/v2\/media?parent=189299"}],"wp:term":[{"taxonomy":"category","embeddable":true,"href":"https:\/\/www.hoymercedes.com.ar\/principal\/wp-json\/wp\/v2\/categories?post=189299"},{"taxonomy":"post_tag","embeddable":true,"href":"https:\/\/www.hoymercedes.com.ar\/principal\/wp-json\/wp\/v2\/tags?post=189299"}],"curies":[{"name":"wp","href":"https:\/\/api.w.org\/{rel}","templated":true}]}}