{"id":189301,"date":"2025-10-31T22:45:41","date_gmt":"2025-11-01T01:45:41","guid":{"rendered":"https:\/\/www.hoymercedes.com.ar\/principal\/?p=189301"},"modified":"2025-10-31T22:46:48","modified_gmt":"2025-11-01T01:46:48","slug":"fallecio-el-director-teatral-eduardo-de-laudano","status":"publish","type":"post","link":"https:\/\/www.hoymercedes.com.ar\/principal\/2025\/10\/31\/fallecio-el-director-teatral-eduardo-de-laudano\/","title":{"rendered":"Falleci\u00f3 el director teatral Eduardo De Laudano"},"content":{"rendered":"\n<p>Este viernes el teatro mercedino se enlut\u00f3 a partir de la confirmaci\u00f3n del fallecimiento del actor, director teatral, maestro de actores y creador de grupos teatrales de la ciudad. Eduardo de Laudano, es, fue y ser\u00e1 un referente del teatro mercedino. Los actores y actrices que compartieron las tablas con \u00e9l y quienes fueron dirigidos por \u00e9l en las distintas puestas en escena, lo recordaron en redes lamentando su p\u00e9rdida. <\/p>\n\n\n\n<p>En una nota period\u00edstica realizada por Susana Spano en Radio F\u00e9nix Mercedes en el a\u00f1o 2011, el mismo Eduardo de Laudano contaba sobre llegada a Mercedes y sus inicios en el teatro en el a\u00f1o 1961 bajo la direcci\u00f3n de la a\u00f1orada referente cultural Ida Z\u00f3ccola de Milesi en el Teatro Tal\u00eda y el estreno e inicio del grupo teatral con \u00abEl Juez de los Divorcios\u00bb, el entrem\u00e9s de Cervantes. <\/p>\n\n\n\n<p>Luego, se sumar\u00eda al grupo La Barca que encabezaba otro recordado director Julio \u00abYiyo\u00bb Celeri. Su primer trabajo en el grupo La Barca fue \u00abLos de la Mesa Diez\u00bb  de Osvaldo Drag\u00fan, y posteriormente \u201cEl Zoo de Cristal\u201d, de Tennessee Williams. Papeles aclamados por su interpretaci\u00f3n en la cr\u00edtica de la \u00e9poca. Poco tiempo despu\u00e9s, Eduardo comienza el camino de la direcci\u00f3n teatral con \u201cDo\u00f1a Rosita, la Soltera\u201d de Garc\u00eda Lorca; despu\u00e9s siguieron \u201cSoledad para Cuatro\u201d de Ricardo Halac; \u201cComedia Negra de Peter Shaffer; y \u201cEl Organito\u201d de Armando Disc\u00e9polo. As\u00ed despu\u00e9s, su rol de actor qued\u00f3 a un lado para abocarse a la direcci\u00f3n. <\/p>\n\n\n\n<p>Por los a\u00f1os &#8217;80, Eduardo fue el Director de la Comedia Municipal, a\u00f1os en el que el Teatro Municipal &#8211; hoy Teatro Argeninto \u00abJulio C. Gioscio\u00bb &#8211; hab\u00eda sido adquirido por el municipio y restaruado para estrenar las obras del director De Laudano. Luego, otra obra dirigida por \u00e9l, inaugurar\u00eda la sala de la planta baja. <\/p>\n\n\n\n<p>El 10 de octubre pasado se realiz\u00f3 en el Sal\u00f3n de Actos del Colegio Nacional un homenaje a Eduardo en el marco del Festival Internacional de Teatro \u00abOlmedo Vive\u00bb (FITOV). Incluso, la quinta edici\u00f3n del Festival llev\u00f3 su nombre con el fin de celebrar su vida y el legado que dej\u00f3 en la cultura local. <\/p>\n\n\n\n<p>En alguna nota escrita por Gerardo \u00abPiqui\u00bb Caballero, nuestro colega y tambi\u00e9n actor de teatro, dec\u00eda: \u00abEduardo es director y maestro, vecino y querido por todos y dej\u00f3 marcado a fuego su legado cultural puesto al servicio de los mercedinos desde siempre\u00bb. <\/p>\n\n\n\n<p><\/p>\n","protected":false},"excerpt":{"rendered":"<p>Este viernes el teatro mercedino se enlut\u00f3 a partir de la confirmaci\u00f3n del fallecimiento del actor, director teatral, maestro de &#8230; <a title=\"Falleci\u00f3 el director teatral Eduardo De Laudano\" class=\"read-more\" href=\"https:\/\/www.hoymercedes.com.ar\/principal\/2025\/10\/31\/fallecio-el-director-teatral-eduardo-de-laudano\/\" aria-label=\"Leer m\u00e1s sobre Falleci\u00f3 el director teatral Eduardo De Laudano\">Leer m\u00e1s<\/a><\/p>\n","protected":false},"author":1,"featured_media":65652,"comment_status":"closed","ping_status":"open","sticky":false,"template":"","format":"standard","meta":{"_monsterinsights_skip_tracking":false,"_monsterinsights_sitenote_active":false,"_monsterinsights_sitenote_note":"","_monsterinsights_sitenote_category":0,"jetpack_post_was_ever_published":false,"_jetpack_newsletter_access":"","_jetpack_dont_email_post_to_subs":false,"_jetpack_newsletter_tier_id":0,"_jetpack_memberships_contains_paywalled_content":false,"_jetpack_memberships_contains_paid_content":false,"footnotes":"","jetpack_publicize_message":"","jetpack_publicize_feature_enabled":true,"jetpack_social_post_already_shared":true,"jetpack_social_options":{"image_generator_settings":{"template":"highway","default_image_id":0,"font":"","enabled":false},"version":2},"_wpas_customize_per_network":false},"categories":[8],"tags":[],"class_list":["post-189301","post","type-post","status-publish","format-standard","has-post-thumbnail","hentry","category-sociedad","generate-columns","tablet-grid-50","mobile-grid-100","grid-parent","grid-50"],"jetpack_publicize_connections":[],"jetpack_featured_media_url":"https:\/\/www.hoymercedes.com.ar\/principal\/wp-content\/uploads\/2017\/08\/05-Eduardo-De-laudano.jpg","wps_subtitle":"","jetpack_sharing_enabled":true,"_links":{"self":[{"href":"https:\/\/www.hoymercedes.com.ar\/principal\/wp-json\/wp\/v2\/posts\/189301","targetHints":{"allow":["GET"]}}],"collection":[{"href":"https:\/\/www.hoymercedes.com.ar\/principal\/wp-json\/wp\/v2\/posts"}],"about":[{"href":"https:\/\/www.hoymercedes.com.ar\/principal\/wp-json\/wp\/v2\/types\/post"}],"author":[{"embeddable":true,"href":"https:\/\/www.hoymercedes.com.ar\/principal\/wp-json\/wp\/v2\/users\/1"}],"replies":[{"embeddable":true,"href":"https:\/\/www.hoymercedes.com.ar\/principal\/wp-json\/wp\/v2\/comments?post=189301"}],"version-history":[{"count":2,"href":"https:\/\/www.hoymercedes.com.ar\/principal\/wp-json\/wp\/v2\/posts\/189301\/revisions"}],"predecessor-version":[{"id":189303,"href":"https:\/\/www.hoymercedes.com.ar\/principal\/wp-json\/wp\/v2\/posts\/189301\/revisions\/189303"}],"wp:featuredmedia":[{"embeddable":true,"href":"https:\/\/www.hoymercedes.com.ar\/principal\/wp-json\/wp\/v2\/media\/65652"}],"wp:attachment":[{"href":"https:\/\/www.hoymercedes.com.ar\/principal\/wp-json\/wp\/v2\/media?parent=189301"}],"wp:term":[{"taxonomy":"category","embeddable":true,"href":"https:\/\/www.hoymercedes.com.ar\/principal\/wp-json\/wp\/v2\/categories?post=189301"},{"taxonomy":"post_tag","embeddable":true,"href":"https:\/\/www.hoymercedes.com.ar\/principal\/wp-json\/wp\/v2\/tags?post=189301"}],"curies":[{"name":"wp","href":"https:\/\/api.w.org\/{rel}","templated":true}]}}