{"id":189458,"date":"2025-11-08T20:08:41","date_gmt":"2025-11-08T23:08:41","guid":{"rendered":"https:\/\/www.hoymercedes.com.ar\/principal\/?p=189458"},"modified":"2025-11-08T20:08:44","modified_gmt":"2025-11-08T23:08:44","slug":"las-formulas-panessi-nunez-y-craig-giorgi-compiten-por-el-rectorado-de-la-unlu","status":"publish","type":"post","link":"https:\/\/www.hoymercedes.com.ar\/principal\/2025\/11\/08\/las-formulas-panessi-nunez-y-craig-giorgi-compiten-por-el-rectorado-de-la-unlu\/","title":{"rendered":"Las f\u00f3rmulas Panessi \u2013 N\u00fa\u00f1ez y Craig \u2013 Giorgi compiten por el Rectorado de la UNLu"},"content":{"rendered":"\n<figure class=\"wp-block-image size-full is-resized\"><img loading=\"lazy\" decoding=\"async\" width=\"640\" height=\"480\" data-attachment-id=\"189459\" data-permalink=\"https:\/\/www.hoymercedes.com.ar\/principal\/2025\/11\/08\/las-formulas-panessi-nunez-y-craig-giorgi-compiten-por-el-rectorado-de-la-unlu\/panessi-nunezcraig-giorgi\/#main\" data-orig-file=\"https:\/\/www.hoymercedes.com.ar\/principal\/wp-content\/uploads\/2025\/11\/Panessi-NunezCraig-Giorgi.png\" data-orig-size=\"640,480\" data-comments-opened=\"0\" data-image-meta=\"{&quot;aperture&quot;:&quot;0&quot;,&quot;credit&quot;:&quot;&quot;,&quot;camera&quot;:&quot;&quot;,&quot;caption&quot;:&quot;&quot;,&quot;created_timestamp&quot;:&quot;0&quot;,&quot;copyright&quot;:&quot;&quot;,&quot;focal_length&quot;:&quot;0&quot;,&quot;iso&quot;:&quot;0&quot;,&quot;shutter_speed&quot;:&quot;0&quot;,&quot;title&quot;:&quot;&quot;,&quot;orientation&quot;:&quot;0&quot;}\" data-image-title=\"Panessi-Nunez+Craig-Giorgi\" data-image-description=\"&lt;p&gt;Las f\u00f3rmulas Panessi \u2013 N\u00fa\u00f1ez y Craig \u2013 Giorgi compiten por el Rectorado de la UNLu&lt;\/p&gt;\n\" data-image-caption=\"&lt;p&gt;Las f\u00f3rmulas Panessi \u2013 N\u00fa\u00f1ez y Craig \u2013 Giorgi compiten por el Rectorado de la UNLu&lt;\/p&gt;\n\" data-large-file=\"https:\/\/www.hoymercedes.com.ar\/principal\/wp-content\/uploads\/2025\/11\/Panessi-NunezCraig-Giorgi.png\" src=\"https:\/\/www.hoymercedes.com.ar\/principal\/wp-content\/uploads\/2025\/11\/Panessi-NunezCraig-Giorgi.png\" alt=\"\" class=\"wp-image-189459\" style=\"width:960px;height:auto\" srcset=\"https:\/\/www.hoymercedes.com.ar\/principal\/wp-content\/uploads\/2025\/11\/Panessi-NunezCraig-Giorgi.png 640w, https:\/\/www.hoymercedes.com.ar\/principal\/wp-content\/uploads\/2025\/11\/Panessi-NunezCraig-Giorgi-630x473.png 630w, https:\/\/www.hoymercedes.com.ar\/principal\/wp-content\/uploads\/2025\/11\/Panessi-NunezCraig-Giorgi-150x113.png 150w\" sizes=\"auto, (max-width: 640px) 100vw, 640px\" \/><\/figure>\n\n\n\n<p>Las f\u00f3rmulas Walter Panessi \u2013 Miguel N\u00fa\u00f1ez y Elena Craig \u2013 Adonis Giorgi competir\u00e1n por el Rectorado de la Universidad Nacional de Luj\u00e1n en las elecciones generales de la UNLu, que se realizar\u00e1n el mi\u00e9rcoles 12 de noviembre.<\/p>\n\n\n\n<p>Panessi, licenciado en Sistemas de Informaci\u00f3n, es el actual Rector de la Universidad y va por su reelecci\u00f3n; N\u00fa\u00f1ez, por su parte es licenciado en Administraci\u00f3n, y est\u00e1 finalizando su mandato como Director Decano del Departamento de Ciencias Sociales.<\/p>\n\n\n\n<p>En tanto, la ingeniera agr\u00f3noma Craig es la actual directora decana del Departamento de Tecnolog\u00eda, mientras que Giorgi, licenciado en Ciencias Biol\u00f3gicas, integra el Consejo Departamental de Ciencias B\u00e1sicas.<\/p>\n\n\n\n<p>Los integrantes de ambas f\u00f3rmulas participaron este semana de sendas entrevistas, a cargo de la periodista Betina Abalos, en el programa matutino <em>\u201cEstudio Abierto\u201d<\/em> de Radio UNLu.<\/p>\n\n\n\n<p>El mi\u00e9rcoles 5, <a href=\"https:\/\/soundcloud.com\/radiounlu-647543511\/walter-panessi-miguel-nunez-0511_01?si=9fd1ee85307e4768a6361cc82f9cbbcc&amp;utm_source=clipboard&amp;utm_medium=text&amp;utm_campaign=social_sharing\" target=\"_blank\" rel=\"noopener\">Panessi y N\u00fa\u00f1ez sintetizaron los ejes de su propuesta en los estudios de la 88.9<\/a>: hicieron referencia a la ejecuci\u00f3n del Proyecto de Desarrollo Institucional (PDI) como norte para la Universidad; a la implementaci\u00f3n del Sistema Institucional de Aseguramiento de la Calidad y del Sistema de Cr\u00e9ditos Acad\u00e9micos. Tambi\u00e9n se\u00f1alaron la necesidad de Reforma del Estatuto.<\/p>\n\n\n\n<p>En la entrevista, Panessi destac\u00f3 que <em>\u201chemos tenido un Rectorado de puertas abiertas, poniendo siempre a la UNLu primero, por eso es nuestro lema\u201d. \u201cLa verdad es que hemos trabajado muy bien con todos, la oposici\u00f3n incluida\u201d<\/em>, afirm\u00f3.<\/p>\n\n\n\n<p><em>\u201cCon mucho trabajo y compromiso, en estos 4 a\u00f1os hemos sabido establecer un rumbo, nuestro espacio expresa ese proyecto colectivo con presencia en todas las sedes y una convicci\u00f3n com\u00fan: seguir construyendo una universidad p\u00fablica, inclusiva, federal, de calidad, y no arancelada\u201d,<\/em> asever\u00f3 el Rector, candidato a la reelecci\u00f3n.<br>\u00a0Por su parte, <a href=\"https:\/\/soundcloud.com\/radiounlu-647543511\/elena-craig-adonis-giorgi?si=7b00f08b1fcf401aa7bbd7a15e1e131a&amp;utm_source=clipboard&amp;utm_medium=text&amp;utm_campaign=social_sharing\" target=\"_blank\" rel=\"noopener\">Craig y Giorgi resumieron su proyecto en Radio UNLu el jueves 6<\/a>: \u201c<em>Queremos cambiar c\u00f3mo se gestiona la Universidad, nosotros tenemos una forma diferente\u201d<\/em>, indic\u00f3 la candidata a Rectora y puntualiz\u00f3 que \u201c<em>trabajamos en equipo con estudiantes, con graduados, con auxiliares y con profes<\/em>\u201d.<\/p>\n\n\n\n<p><em>\u201cTodos opinamos sobre el plan de gesti\u00f3n, nuestro lema es que hay que escuchar, abrazar y transformar\u201d<\/em>, dijo Craig y expuso la intenci\u00f3n de crear un Consejo Social en el que \u201c<em>participe toda la comunidad, las empresas, las instituciones y los municipios de la regi\u00f3n\u201d<\/em>.<\/p>\n\n\n\n<p><em>\u201cQueremos que la Universidad vuele alto, yo considero que est\u00e1 haciendo un vuelo rasante ahora\u201d,<\/em> consider\u00f3 Craig y Giorgi complet\u00f3 la idea: \u201c<em>Tenemos que hacer que Luj\u00e1n sea la m\u00e1s prestigiosa de las universidades peque\u00f1as\u201d.<\/em><\/p>\n","protected":false},"excerpt":{"rendered":"<p>Las f\u00f3rmulas Walter Panessi \u2013 Miguel N\u00fa\u00f1ez y Elena Craig \u2013 Adonis Giorgi competir\u00e1n por el Rectorado de la Universidad &#8230; <a title=\"Las f\u00f3rmulas Panessi \u2013 N\u00fa\u00f1ez y Craig \u2013 Giorgi compiten por el Rectorado de la UNLu\" class=\"read-more\" href=\"https:\/\/www.hoymercedes.com.ar\/principal\/2025\/11\/08\/las-formulas-panessi-nunez-y-craig-giorgi-compiten-por-el-rectorado-de-la-unlu\/\" aria-label=\"Leer m\u00e1s sobre Las f\u00f3rmulas Panessi \u2013 N\u00fa\u00f1ez y Craig \u2013 Giorgi compiten por el Rectorado de la UNLu\">Leer m\u00e1s<\/a><\/p>\n","protected":false},"author":1,"featured_media":189459,"comment_status":"closed","ping_status":"open","sticky":false,"template":"","format":"standard","meta":{"_monsterinsights_skip_tracking":false,"_monsterinsights_sitenote_active":false,"_monsterinsights_sitenote_note":"","_monsterinsights_sitenote_category":0,"jetpack_post_was_ever_published":false,"_jetpack_newsletter_access":"","_jetpack_dont_email_post_to_subs":false,"_jetpack_newsletter_tier_id":0,"_jetpack_memberships_contains_paywalled_content":false,"_jetpack_memberships_contains_paid_content":false,"footnotes":"","jetpack_publicize_message":"","jetpack_publicize_feature_enabled":true,"jetpack_social_post_already_shared":true,"jetpack_social_options":{"image_generator_settings":{"template":"highway","default_image_id":0,"font":"","enabled":false},"version":2},"_wpas_customize_per_network":false},"categories":[23],"tags":[2119,20822,20821,18580],"class_list":["post-189458","post","type-post","status-publish","format-standard","has-post-thumbnail","hentry","category-educacion","tag-adonis-giorgi","tag-elecciones-unlu-2025","tag-elena-craig","tag-walter-panessi","generate-columns","tablet-grid-50","mobile-grid-100","grid-parent","grid-50"],"jetpack_publicize_connections":[],"jetpack_featured_media_url":"https:\/\/www.hoymercedes.com.ar\/principal\/wp-content\/uploads\/2025\/11\/Panessi-NunezCraig-Giorgi.png","wps_subtitle":"Democracia institucional","jetpack_sharing_enabled":true,"_links":{"self":[{"href":"https:\/\/www.hoymercedes.com.ar\/principal\/wp-json\/wp\/v2\/posts\/189458","targetHints":{"allow":["GET"]}}],"collection":[{"href":"https:\/\/www.hoymercedes.com.ar\/principal\/wp-json\/wp\/v2\/posts"}],"about":[{"href":"https:\/\/www.hoymercedes.com.ar\/principal\/wp-json\/wp\/v2\/types\/post"}],"author":[{"embeddable":true,"href":"https:\/\/www.hoymercedes.com.ar\/principal\/wp-json\/wp\/v2\/users\/1"}],"replies":[{"embeddable":true,"href":"https:\/\/www.hoymercedes.com.ar\/principal\/wp-json\/wp\/v2\/comments?post=189458"}],"version-history":[{"count":2,"href":"https:\/\/www.hoymercedes.com.ar\/principal\/wp-json\/wp\/v2\/posts\/189458\/revisions"}],"predecessor-version":[{"id":189461,"href":"https:\/\/www.hoymercedes.com.ar\/principal\/wp-json\/wp\/v2\/posts\/189458\/revisions\/189461"}],"wp:featuredmedia":[{"embeddable":true,"href":"https:\/\/www.hoymercedes.com.ar\/principal\/wp-json\/wp\/v2\/media\/189459"}],"wp:attachment":[{"href":"https:\/\/www.hoymercedes.com.ar\/principal\/wp-json\/wp\/v2\/media?parent=189458"}],"wp:term":[{"taxonomy":"category","embeddable":true,"href":"https:\/\/www.hoymercedes.com.ar\/principal\/wp-json\/wp\/v2\/categories?post=189458"},{"taxonomy":"post_tag","embeddable":true,"href":"https:\/\/www.hoymercedes.com.ar\/principal\/wp-json\/wp\/v2\/tags?post=189458"}],"curies":[{"name":"wp","href":"https:\/\/api.w.org\/{rel}","templated":true}]}}