{"id":189463,"date":"2025-11-08T21:57:10","date_gmt":"2025-11-09T00:57:10","guid":{"rendered":"https:\/\/www.hoymercedes.com.ar\/principal\/?p=189463"},"modified":"2025-11-08T21:57:13","modified_gmt":"2025-11-09T00:57:13","slug":"detenidos-y-allanamiento-por-robo-de-un-camion","status":"publish","type":"post","link":"https:\/\/www.hoymercedes.com.ar\/principal\/2025\/11\/08\/detenidos-y-allanamiento-por-robo-de-un-camion\/","title":{"rendered":"Detenidos y allanamiento por robo de un cami\u00f3n"},"content":{"rendered":"\n<p>El Ministerio P\u00fablico Fiscal del <strong>Departamento Judicial Mercedes<\/strong> logr\u00f3 desarticular una peligrosa banda dedicada a la <strong>\u201cpirater\u00eda del asfalto\u201d <\/strong>con la detenci\u00f3n de tres hombres, acusados de un violento robo ocurrido el pasado 2 de octubre. Las capturas se concretaron tras un operativo de la DDI Luj\u00e1n que incluy\u00f3 <strong>cinco allanamientos<\/strong> simult\u00e1neos en distintas localidades del conurbano bonaerense.<\/p>\n\n\n\n<p>El hecho investigado, a cargo del fiscal Germ\u00e1n Pettoello de la UFI 10, tuvo como v\u00edctima a un camionero que detuvo su marcha en la estaci\u00f3n de servicio YPF, ubicada en la intersecci\u00f3n de la Autov\u00eda 6 y la Ruta Provincial 34.<\/p>\n\n\n\n<p>Seg\u00fan la reconstrucci\u00f3n de la causa, el chofer de un cami\u00f3n Scania G340 (con semirremolque sin carga) fue sorprendido dentro de la cabina por tres sujetos, quienes lo redujeron y golpearon para apoderarse de la unidad, su documentaci\u00f3n y pertenencias personales.<\/p>\n\n\n\n<p><strong>Secuestro<\/strong><\/p>\n\n\n\n<p>Tras el ataque, los delincuentes desengancharon el acoplado y huyeron en el cami\u00f3n, mientras que uno de ellos escap\u00f3 en un autom\u00f3vil Volkswagen Gol Trend, presuntamente utilizado como veh\u00edculo de apoyo.<\/p>\n\n\n\n<p>El camionero fue mantenido cautivo durante varias horas y finalmente fue liberado en el Partido de Tigre, ileso.<\/p>\n\n\n\n<p>El fiscal Pettoello, con la colaboraci\u00f3n de la Sub DDI Luj\u00e1n, dispuso tareas de investigaci\u00f3n que incluyeron el an\u00e1lisis de c\u00e1maras de seguridad y seguimientos, logrando identificar a los presuntos autores. Con estas pruebas, solicit\u00f3 al Juzgado de Garant\u00edas 3, a cargo del Dr. Patricio Arrieta, las \u00f3rdenes de detenci\u00f3n y allanamiento.<\/p>\n\n\n\n<p><strong>Capturas<\/strong><\/p>\n\n\n\n<p>Los procedimientos se llevaron a cabo durante la madrugada de este viernes en cinco domicilios: dos en Moreno, dos en Pilar y uno en Los Polvorines. Los detenidos son tres hombres de 57, 69 y 49 a\u00f1os, respectivamente, domiciliados en esas localidades.<\/p>\n\n\n\n<p>Adem\u00e1s de las detenciones, se secuestr\u00f3 el autom\u00f3vil Gol Trend utilizado en el robo y otros elementos de inter\u00e9s para la causa.<\/p>\n\n\n\n<p>Los tres imputados fueron trasladados a sede judicial y en el transcurso del d\u00eda de la fecha comparecer\u00e1n ante el fiscal Pettoello para prestar declaraci\u00f3n indagatoria.<\/p>\n\n\n\n<p>Se les imputa el grave delito de <strong>\u201cRobo agravado por su comisi\u00f3n en poblado y en banda, y por el uso de armas\u201d.<\/strong><\/p>\n","protected":false},"excerpt":{"rendered":"<p>El Ministerio P\u00fablico Fiscal del Departamento Judicial Mercedes logr\u00f3 desarticular una peligrosa banda dedicada a la \u201cpirater\u00eda del asfalto\u201d con &#8230; <a title=\"Detenidos y allanamiento por robo de un cami\u00f3n\" class=\"read-more\" href=\"https:\/\/www.hoymercedes.com.ar\/principal\/2025\/11\/08\/detenidos-y-allanamiento-por-robo-de-un-camion\/\" aria-label=\"Leer m\u00e1s sobre Detenidos y allanamiento por robo de un cami\u00f3n\">Leer m\u00e1s<\/a><\/p>\n","protected":false},"author":1,"featured_media":189464,"comment_status":"closed","ping_status":"open","sticky":false,"template":"","format":"standard","meta":{"_monsterinsights_skip_tracking":false,"_monsterinsights_sitenote_active":false,"_monsterinsights_sitenote_note":"","_monsterinsights_sitenote_category":0,"jetpack_post_was_ever_published":false,"_jetpack_newsletter_access":"","_jetpack_dont_email_post_to_subs":false,"_jetpack_newsletter_tier_id":0,"_jetpack_memberships_contains_paywalled_content":false,"_jetpack_memberships_contains_paid_content":false,"footnotes":"","jetpack_publicize_message":"","jetpack_publicize_feature_enabled":true,"jetpack_social_post_already_shared":true,"jetpack_social_options":{"image_generator_settings":{"template":"highway","default_image_id":0,"font":"","enabled":false},"version":2},"_wpas_customize_per_network":false},"categories":[85],"tags":[26,11236,20823],"class_list":["post-189463","post","type-post","status-publish","format-standard","has-post-thumbnail","hentry","category-policial","tag-detenidos","tag-piratas-del-asfalto","tag-robo-camion","generate-columns","tablet-grid-50","mobile-grid-100","grid-parent","grid-50"],"jetpack_publicize_connections":[],"jetpack_featured_media_url":"https:\/\/www.hoymercedes.com.ar\/principal\/wp-content\/uploads\/2025\/11\/620__300__topscale__71439.jpg","wps_subtitle":"Piratas del asfalto","jetpack_sharing_enabled":true,"_links":{"self":[{"href":"https:\/\/www.hoymercedes.com.ar\/principal\/wp-json\/wp\/v2\/posts\/189463","targetHints":{"allow":["GET"]}}],"collection":[{"href":"https:\/\/www.hoymercedes.com.ar\/principal\/wp-json\/wp\/v2\/posts"}],"about":[{"href":"https:\/\/www.hoymercedes.com.ar\/principal\/wp-json\/wp\/v2\/types\/post"}],"author":[{"embeddable":true,"href":"https:\/\/www.hoymercedes.com.ar\/principal\/wp-json\/wp\/v2\/users\/1"}],"replies":[{"embeddable":true,"href":"https:\/\/www.hoymercedes.com.ar\/principal\/wp-json\/wp\/v2\/comments?post=189463"}],"version-history":[{"count":2,"href":"https:\/\/www.hoymercedes.com.ar\/principal\/wp-json\/wp\/v2\/posts\/189463\/revisions"}],"predecessor-version":[{"id":189466,"href":"https:\/\/www.hoymercedes.com.ar\/principal\/wp-json\/wp\/v2\/posts\/189463\/revisions\/189466"}],"wp:featuredmedia":[{"embeddable":true,"href":"https:\/\/www.hoymercedes.com.ar\/principal\/wp-json\/wp\/v2\/media\/189464"}],"wp:attachment":[{"href":"https:\/\/www.hoymercedes.com.ar\/principal\/wp-json\/wp\/v2\/media?parent=189463"}],"wp:term":[{"taxonomy":"category","embeddable":true,"href":"https:\/\/www.hoymercedes.com.ar\/principal\/wp-json\/wp\/v2\/categories?post=189463"},{"taxonomy":"post_tag","embeddable":true,"href":"https:\/\/www.hoymercedes.com.ar\/principal\/wp-json\/wp\/v2\/tags?post=189463"}],"curies":[{"name":"wp","href":"https:\/\/api.w.org\/{rel}","templated":true}]}}