{"id":189499,"date":"2025-11-11T21:04:32","date_gmt":"2025-11-12T00:04:32","guid":{"rendered":"https:\/\/www.hoymercedes.com.ar\/principal\/?p=189499"},"modified":"2025-11-11T21:04:34","modified_gmt":"2025-11-12T00:04:34","slug":"la-pulperia-de-cacho-di-catarina-festeja-su-195-aniversario","status":"publish","type":"post","link":"https:\/\/www.hoymercedes.com.ar\/principal\/2025\/11\/11\/la-pulperia-de-cacho-di-catarina-festeja-su-195-aniversario\/","title":{"rendered":"La Pulper\u00eda de \u00abCacho\u00bb Di Catarina Festeja su 195\u00b0 Aniversario"},"content":{"rendered":"\n<p>Este 14 habr\u00e1 festejo en la Pulper\u00eda. La historia y el folclore se dan cita en un lugar emblem\u00e1tico: <strong>La Pulper\u00eda de \u00abCacho\u00bb Di Catarina<\/strong>. Este ic\u00f3nico establecimiento, fundado en 1830 y reconocido como <strong>Patrimonio Cultural y Monumento Hist\u00f3rico Provincial<\/strong>, se prepara para un festejo de gran significancia al celebrar su <strong>195\u00b0 Aniversario<\/strong>.<\/p>\n\n\n\n<p>La Pulper\u00eda es una aut\u00e9ntica c\u00e1psula del tiempo a orillas del R\u00edo Luj\u00e1n, que ha sido testigo y custodio de la tradici\u00f3n gaucha y la cultura argentina a lo largo de casi dos siglos. Manteniendo su fisonom\u00eda original y el esp\u00edritu que atrajo a gauchos, payadores y vecinos, el lugar se consolida como un pilar fundamental en la identidad de Mercedes.<\/p>\n\n\n\n<h3 class=\"wp-block-heading\">Un Festejo con Ra\u00edces Criollas<\/h3>\n\n\n\n<p>El aniversario ser\u00e1 celebrado con una gran <strong>Pe\u00f1a Pulpera<\/strong> el pr\u00f3ximo <strong>14 de noviembre a las 20:30 hs.<\/strong>, con <strong>entrada libre y gratuita<\/strong>. La convocatoria promete una noche de profundo sentimiento criollo y arte popular, destacando el valor de un espacio que resiste al paso del tiempo.<\/p>\n\n\n\n<p>El cartel de artistas invitados subraya la importancia cultural del evento:<\/p>\n\n\n\n<ul class=\"wp-block-list\">\n<li><strong>Los L\u00f3pez Heredia<\/strong> (M\u00fasica Folcl\u00f3rica)<\/li>\n\n\n\n<li><strong>Bandone\u00f3n por Carla Pugliese y Jos\u00e9 \u00abSoco\u00bb Larralde<\/strong><\/li>\n\n\n\n<li><strong>Ballet Santa Cecilia<\/strong><\/li>\n\n\n\n<li><strong>Escuela Municipal de TANGO<\/strong><\/li>\n<\/ul>\n\n\n\n<p>Los asistentes podr\u00e1n disfrutar de las actuaciones mientras aprovechan el tradicional <strong>servicio de cantina<\/strong>, manteniendo viva la esencia de los antiguos encuentros de campo.<\/p>\n\n\n\n<h3 class=\"wp-block-heading\">La \u00daltima Pulper\u00eda, Un Legado que Perdura<\/h3>\n\n\n\n<p>La Pulper\u00eda de Di Catarina es considerada \u00abla \u00faltima pulper\u00eda de Mercedes\u00bb y una de las m\u00e1s antiguas del pa\u00eds. Su larga historia, iniciada antes de la organizaci\u00f3n nacional, la convierte en un documento vivo de las costumbres de nuestro pueblo.<\/p>\n\n\n\n<p>El evento del 14 de noviembre es una invitaci\u00f3n a la comunidad y a los turistas a sumergirse en un pedazo tangible de la historia argentina y a celebrar la pervivencia de un patrimonio que es orgullo de la provincia.<\/p>\n","protected":false},"excerpt":{"rendered":"<p>Este 14 habr\u00e1 festejo en la Pulper\u00eda. La historia y el folclore se dan cita en un lugar emblem\u00e1tico: La &#8230; <a title=\"La Pulper\u00eda de \u00abCacho\u00bb Di Catarina Festeja su 195\u00b0 Aniversario\" class=\"read-more\" href=\"https:\/\/www.hoymercedes.com.ar\/principal\/2025\/11\/11\/la-pulperia-de-cacho-di-catarina-festeja-su-195-aniversario\/\" aria-label=\"Leer m\u00e1s sobre La Pulper\u00eda de \u00abCacho\u00bb Di Catarina Festeja su 195\u00b0 Aniversario\">Leer m\u00e1s<\/a><\/p>\n","protected":false},"author":1,"featured_media":64113,"comment_status":"closed","ping_status":"open","sticky":false,"template":"","format":"standard","meta":{"_monsterinsights_skip_tracking":false,"_monsterinsights_sitenote_active":false,"_monsterinsights_sitenote_note":"","_monsterinsights_sitenote_category":0,"jetpack_post_was_ever_published":false,"_jetpack_newsletter_access":"","_jetpack_dont_email_post_to_subs":false,"_jetpack_newsletter_tier_id":0,"_jetpack_memberships_contains_paywalled_content":false,"_jetpack_memberships_contains_paid_content":false,"footnotes":"","jetpack_publicize_message":"","jetpack_publicize_feature_enabled":true,"jetpack_social_post_already_shared":true,"jetpack_social_options":{"image_generator_settings":{"template":"highway","default_image_id":0,"font":"","enabled":false},"version":2},"_wpas_customize_per_network":false},"categories":[104],"tags":[20827,20828,20826],"class_list":["post-189499","post","type-post","status-publish","format-standard","has-post-thumbnail","hentry","category-cultura","tag-195-anos-de-la-pulperia","tag-celebracion-en-la-pulperia","tag-pulperia-de-cacho-dicatarina-2","generate-columns","tablet-grid-50","mobile-grid-100","grid-parent","grid-50"],"jetpack_publicize_connections":[],"jetpack_featured_media_url":"https:\/\/www.hoymercedes.com.ar\/principal\/wp-content\/uploads\/2017\/06\/24-Pulper\u00eda-Cacho-3.jpg","wps_subtitle":"Fiestas Populares","jetpack_sharing_enabled":true,"_links":{"self":[{"href":"https:\/\/www.hoymercedes.com.ar\/principal\/wp-json\/wp\/v2\/posts\/189499","targetHints":{"allow":["GET"]}}],"collection":[{"href":"https:\/\/www.hoymercedes.com.ar\/principal\/wp-json\/wp\/v2\/posts"}],"about":[{"href":"https:\/\/www.hoymercedes.com.ar\/principal\/wp-json\/wp\/v2\/types\/post"}],"author":[{"embeddable":true,"href":"https:\/\/www.hoymercedes.com.ar\/principal\/wp-json\/wp\/v2\/users\/1"}],"replies":[{"embeddable":true,"href":"https:\/\/www.hoymercedes.com.ar\/principal\/wp-json\/wp\/v2\/comments?post=189499"}],"version-history":[{"count":2,"href":"https:\/\/www.hoymercedes.com.ar\/principal\/wp-json\/wp\/v2\/posts\/189499\/revisions"}],"predecessor-version":[{"id":189501,"href":"https:\/\/www.hoymercedes.com.ar\/principal\/wp-json\/wp\/v2\/posts\/189499\/revisions\/189501"}],"wp:featuredmedia":[{"embeddable":true,"href":"https:\/\/www.hoymercedes.com.ar\/principal\/wp-json\/wp\/v2\/media\/64113"}],"wp:attachment":[{"href":"https:\/\/www.hoymercedes.com.ar\/principal\/wp-json\/wp\/v2\/media?parent=189499"}],"wp:term":[{"taxonomy":"category","embeddable":true,"href":"https:\/\/www.hoymercedes.com.ar\/principal\/wp-json\/wp\/v2\/categories?post=189499"},{"taxonomy":"post_tag","embeddable":true,"href":"https:\/\/www.hoymercedes.com.ar\/principal\/wp-json\/wp\/v2\/tags?post=189499"}],"curies":[{"name":"wp","href":"https:\/\/api.w.org\/{rel}","templated":true}]}}