{"id":189506,"date":"2025-11-11T22:39:00","date_gmt":"2025-11-12T01:39:00","guid":{"rendered":"https:\/\/www.hoymercedes.com.ar\/principal\/?p=189506"},"modified":"2025-11-11T22:39:03","modified_gmt":"2025-11-12T01:39:03","slug":"la-justicia-decreto-la-quiebra-de-la-suipachense-140-familias-sin-trabajo-y-una-deuda-millonaria","status":"publish","type":"post","link":"https:\/\/www.hoymercedes.com.ar\/principal\/2025\/11\/11\/la-justicia-decreto-la-quiebra-de-la-suipachense-140-familias-sin-trabajo-y-una-deuda-millonaria\/","title":{"rendered":"La Justicia decret\u00f3 la quiebra de La Suipachense: 140 familias sin trabajo y una deuda millonaria"},"content":{"rendered":"\n<p><strong>El Juzgado en lo Civil y Comercial de Mercedes sentenci\u00f3 el final de L\u00e1cteos Conosur SA (La Suipachense). La planta, ya paralizada, ser\u00e1 liquidada, dejando a 140 trabajadores sin empleo. La empresa acumulaba m\u00e1s de mil cheques rechazados y una deuda de $8.500 millones.<\/strong><\/p>\n\n\n\n<p>La crisis que ahogaba a la hist\u00f3rica empresa l\u00e1ctea <strong>La Suipachense<\/strong>, ubicada en el partido bonaerense del mismo nombre, ha llegado a su peor final. La Justicia decret\u00f3 la quiebra de la compa\u00f1\u00eda, poniendo fin a meses de incertidumbre y angustia para sus 140 empleados.<\/p>\n\n\n\n<p>La planta, que llevaba meses sin funcionar y, seg\u00fan el juzgado, \u00abcarec\u00eda de toda generaci\u00f3n de ingresos\u00bb, ser\u00e1 ahora liquidada junto con el resto de los bienes de la empresa.<\/p>\n\n\n\n<p>La situaci\u00f3n se torn\u00f3 irreversible debido a un colapso financiero. Seg\u00fan registros del Banco Central de la Rep\u00fablica Argentina (BCRA), la firma L\u00e1cteos Conosur SA acumulaba un r\u00e9cord de m\u00e1s de mil cheques rechazados, por un monto total que asciende a los $8.500 millones.<\/p>\n\n\n\n<p>El Juzgado en lo Civil y Comercial de Mercedes, que lleva la causa, no solo dispuso la liquidaci\u00f3n completa de los activos, sino que tambi\u00e9n tom\u00f3 medidas contra la c\u00fapula directiva: le prohibi\u00f3 la salida del pa\u00eds a su presidente, Jorge Luis Borges Le\u00f3n.<\/p>\n\n\n\n<p>La propietaria de la compa\u00f1\u00eda, la firma venezolana Maralac, se hab\u00eda retirado de la gesti\u00f3n, dejando tras de s\u00ed un tendal de deudas, no solo con los trabajadores \u2014a quienes no se les pagaron salarios\u2014 sino tambi\u00e9n con sus proveedores, principalmente tamberos de la regi\u00f3n.<\/p>\n\n\n\n<h4 class=\"wp-block-heading\"><strong>Un colapso que arrastra a otras empresas<\/strong><\/h4>\n\n\n\n<p>La Suipachense no es la \u00fanica v\u00edctima del retiro de Maralac. Pocos d\u00edas antes, la Justicia tambi\u00e9n hab\u00eda declarado la quiebra de Alimentos Refrigerados SA (ARSA), otra compa\u00f1\u00eda controlada por el mismo grupo venezolano.<\/p>\n\n\n\n<p>ARSA, conocida por producir yogures y postres para la marca SanCor, presentaba un panorama financiero a\u00fan m\u00e1s grave: una deuda detectada de m\u00e1s de $49.000 millones y 540 cheques rechazados.<\/p>\n\n\n\n<p>El saldo combinado del colapso de ambas empresas es devastador: la retirada del grupo Maralac ha dejado, en total, a m\u00e1s de 600 trabajadores en la calle.<\/p>\n","protected":false},"excerpt":{"rendered":"<p>El Juzgado en lo Civil y Comercial de Mercedes sentenci\u00f3 el final de L\u00e1cteos Conosur SA (La Suipachense). La planta, &#8230; <a title=\"La Justicia decret\u00f3 la quiebra de La Suipachense: 140 familias sin trabajo y una deuda millonaria\" class=\"read-more\" href=\"https:\/\/www.hoymercedes.com.ar\/principal\/2025\/11\/11\/la-justicia-decreto-la-quiebra-de-la-suipachense-140-familias-sin-trabajo-y-una-deuda-millonaria\/\" aria-label=\"Leer m\u00e1s sobre La Justicia decret\u00f3 la quiebra de La Suipachense: 140 familias sin trabajo y una deuda millonaria\">Leer m\u00e1s<\/a><\/p>\n","protected":false},"author":1,"featured_media":188375,"comment_status":"closed","ping_status":"open","sticky":false,"template":"","format":"standard","meta":{"_monsterinsights_skip_tracking":false,"_monsterinsights_sitenote_active":false,"_monsterinsights_sitenote_note":"","_monsterinsights_sitenote_category":0,"jetpack_post_was_ever_published":false,"_jetpack_newsletter_access":"","_jetpack_dont_email_post_to_subs":false,"_jetpack_newsletter_tier_id":0,"_jetpack_memberships_contains_paywalled_content":false,"_jetpack_memberships_contains_paid_content":false,"footnotes":"","jetpack_publicize_message":"","jetpack_publicize_feature_enabled":true,"jetpack_social_post_already_shared":true,"jetpack_social_options":{"image_generator_settings":{"template":"highway","default_image_id":0,"font":"","enabled":false},"version":2},"_wpas_customize_per_network":false},"categories":[5501],"tags":[20831,20646,12474,20830],"class_list":["post-189506","post","type-post","status-publish","format-standard","has-post-thumbnail","hentry","category-region","tag-cierra-la-suipachense","tag-crisis-la-suipachense","tag-justicia-de-mercedes","tag-quiebra-de-la-suipachense","generate-columns","tablet-grid-50","mobile-grid-100","grid-parent","grid-50"],"jetpack_publicize_connections":[],"jetpack_featured_media_url":"https:\/\/www.hoymercedes.com.ar\/principal\/wp-content\/uploads\/2025\/10\/Protesta-LaSuipachense.jpg","wps_subtitle":"El peor escenario","jetpack_sharing_enabled":true,"_links":{"self":[{"href":"https:\/\/www.hoymercedes.com.ar\/principal\/wp-json\/wp\/v2\/posts\/189506","targetHints":{"allow":["GET"]}}],"collection":[{"href":"https:\/\/www.hoymercedes.com.ar\/principal\/wp-json\/wp\/v2\/posts"}],"about":[{"href":"https:\/\/www.hoymercedes.com.ar\/principal\/wp-json\/wp\/v2\/types\/post"}],"author":[{"embeddable":true,"href":"https:\/\/www.hoymercedes.com.ar\/principal\/wp-json\/wp\/v2\/users\/1"}],"replies":[{"embeddable":true,"href":"https:\/\/www.hoymercedes.com.ar\/principal\/wp-json\/wp\/v2\/comments?post=189506"}],"version-history":[{"count":2,"href":"https:\/\/www.hoymercedes.com.ar\/principal\/wp-json\/wp\/v2\/posts\/189506\/revisions"}],"predecessor-version":[{"id":189508,"href":"https:\/\/www.hoymercedes.com.ar\/principal\/wp-json\/wp\/v2\/posts\/189506\/revisions\/189508"}],"wp:featuredmedia":[{"embeddable":true,"href":"https:\/\/www.hoymercedes.com.ar\/principal\/wp-json\/wp\/v2\/media\/188375"}],"wp:attachment":[{"href":"https:\/\/www.hoymercedes.com.ar\/principal\/wp-json\/wp\/v2\/media?parent=189506"}],"wp:term":[{"taxonomy":"category","embeddable":true,"href":"https:\/\/www.hoymercedes.com.ar\/principal\/wp-json\/wp\/v2\/categories?post=189506"},{"taxonomy":"post_tag","embeddable":true,"href":"https:\/\/www.hoymercedes.com.ar\/principal\/wp-json\/wp\/v2\/tags?post=189506"}],"curies":[{"name":"wp","href":"https:\/\/api.w.org\/{rel}","templated":true}]}}