{"id":189527,"date":"2025-11-12T20:31:19","date_gmt":"2025-11-12T23:31:19","guid":{"rendered":"https:\/\/www.hoymercedes.com.ar\/principal\/?p=189527"},"modified":"2025-11-12T20:31:20","modified_gmt":"2025-11-12T23:31:20","slug":"encuentro-con-estudiantes-que-realizan-practicas-laborales","status":"publish","type":"post","link":"https:\/\/www.hoymercedes.com.ar\/principal\/2025\/11\/12\/encuentro-con-estudiantes-que-realizan-practicas-laborales\/","title":{"rendered":"Encuentro con estudiantes que realizan pr\u00e1cticas laborales"},"content":{"rendered":"\n<figure class=\"wp-block-image size-large\"><img loading=\"lazy\" decoding=\"async\" width=\"1024\" height=\"577\" data-attachment-id=\"189528\" data-permalink=\"https:\/\/www.hoymercedes.com.ar\/principal\/2025\/11\/12\/encuentro-con-estudiantes-que-realizan-practicas-laborales\/dsc09536\/#main\" data-orig-file=\"https:\/\/www.hoymercedes.com.ar\/principal\/wp-content\/uploads\/2025\/11\/DSC09536.jpg\" data-orig-size=\"1561,879\" data-comments-opened=\"0\" data-image-meta=\"{&quot;aperture&quot;:&quot;0&quot;,&quot;credit&quot;:&quot;&quot;,&quot;camera&quot;:&quot;&quot;,&quot;caption&quot;:&quot;&quot;,&quot;created_timestamp&quot;:&quot;0&quot;,&quot;copyright&quot;:&quot;&quot;,&quot;focal_length&quot;:&quot;0&quot;,&quot;iso&quot;:&quot;0&quot;,&quot;shutter_speed&quot;:&quot;0&quot;,&quot;title&quot;:&quot;&quot;,&quot;orientation&quot;:&quot;0&quot;}\" data-image-title=\"Encuentro con estudiantes\" data-image-description=\"&lt;p&gt;Encuentro con estudiantes&lt;\/p&gt;\n\" data-image-caption=\"&lt;p&gt;Encuentro con estudiantes&lt;\/p&gt;\n\" data-large-file=\"https:\/\/www.hoymercedes.com.ar\/principal\/wp-content\/uploads\/2025\/11\/DSC09536-1024x577.jpg\" src=\"https:\/\/www.hoymercedes.com.ar\/principal\/wp-content\/uploads\/2025\/11\/DSC09536-1024x577.jpg\" alt=\"\" class=\"wp-image-189528\" srcset=\"https:\/\/www.hoymercedes.com.ar\/principal\/wp-content\/uploads\/2025\/11\/DSC09536-1024x577.jpg 1024w, https:\/\/www.hoymercedes.com.ar\/principal\/wp-content\/uploads\/2025\/11\/DSC09536-630x355.jpg 630w, https:\/\/www.hoymercedes.com.ar\/principal\/wp-content\/uploads\/2025\/11\/DSC09536-150x84.jpg 150w, https:\/\/www.hoymercedes.com.ar\/principal\/wp-content\/uploads\/2025\/11\/DSC09536-1536x865.jpg 1536w, https:\/\/www.hoymercedes.com.ar\/principal\/wp-content\/uploads\/2025\/11\/DSC09536.jpg 1561w\" sizes=\"auto, (max-width: 1024px) 100vw, 1024px\" \/><\/figure>\n\n\n\n<p>El intendente Juan I. Ustarroz encabez\u00f3 la reuni\u00f3n de agradecimiento y reconcomiendo a instituciones educativas de la ciudad que participaron de distintos procesos de ense\u00f1anza y aprendizaje con tareas concretas en distintas \u00e1reas municipales. En esta ocasi\u00f3n fueron <strong>San Patricio, Santa Mar\u00eda, Escuela T\u00e9cnica y San Antonio<\/strong>. Fue en La Trocha con m\u00e1s de medio centenar de asistentes.<\/p>\n\n\n\n<p>\u201cQueremos agradecerles por ser parte del programa Municipal de Pasant\u00edas Educativas 2025, promoviendo experiencias de trabajo en comunidad\u201d cont\u00f3 <strong>Jos\u00e9 Lu\u00eds Pisano<\/strong>, secretario de educaci\u00f3n.<\/p>\n\n\n\n<p>Destac\u00f3 el funcionario que \u201chan sido procesos de integraci\u00f3n muy ricos, tanto para las y los estudiantes como para nosotros como municipio, aprendiendo mutuamente, en tareas concretas y poniendo en pr\u00e1cticas saberes\u201d dijo.<\/p>\n\n\n\n<p>Por su parte, el intendente <strong>Juani Ustarroz,<\/strong> remarc\u00f3 que \u201cestamos muy agradecidos a las instituciones por confiar en nuestra gesti\u00f3n y a cada estudiantes, que han expuesto un enorme compromiso con los procesos de ense\u00f1anza y aprendizaje vinculados a \u00e1reas concretas de la gesti\u00f3n, de la vinculaci\u00f3n con la comunidad y de saberes profesionales\u201d coment\u00f3.<\/p>\n\n\n\n<p>Por su <strong>Mara Quiroga<\/strong>, coordinadora de educaci\u00f3n superior, coment\u00f3 que las y los j\u00f3venes se vincularon con \u00e1reas muy diversas, como \u201cobras, prensa, salud, legales, cultura, turismo, deportes\u201d es decir \u201csiempre vinculados a sus \u00e1reas de inter\u00e9s y b\u00fasqueda de aprendizaje.<\/p>\n\n\n\n<p>Las y los j\u00f3venes contaron sus experiencias y tareas realizadas, algunos incluso con propuestas que se hicieron p\u00fablicas en redes y medios.<\/p>\n","protected":false},"excerpt":{"rendered":"<p>El intendente Juan I. Ustarroz encabez\u00f3 la reuni\u00f3n de agradecimiento y reconcomiendo a instituciones educativas de la ciudad que participaron &#8230; <a title=\"Encuentro con estudiantes que realizan pr\u00e1cticas laborales\" class=\"read-more\" href=\"https:\/\/www.hoymercedes.com.ar\/principal\/2025\/11\/12\/encuentro-con-estudiantes-que-realizan-practicas-laborales\/\" aria-label=\"Leer m\u00e1s sobre Encuentro con estudiantes que realizan pr\u00e1cticas laborales\">Leer m\u00e1s<\/a><\/p>\n","protected":false},"author":1,"featured_media":189528,"comment_status":"closed","ping_status":"open","sticky":false,"template":"","format":"standard","meta":{"_monsterinsights_skip_tracking":false,"_monsterinsights_sitenote_active":false,"_monsterinsights_sitenote_note":"","_monsterinsights_sitenote_category":0,"jetpack_post_was_ever_published":false,"_jetpack_newsletter_access":"","_jetpack_dont_email_post_to_subs":false,"_jetpack_newsletter_tier_id":0,"_jetpack_memberships_contains_paywalled_content":false,"_jetpack_memberships_contains_paid_content":false,"footnotes":"","jetpack_publicize_message":"","jetpack_publicize_feature_enabled":true,"jetpack_social_post_already_shared":true,"jetpack_social_options":{"image_generator_settings":{"template":"highway","default_image_id":0,"font":"","enabled":false},"version":2},"_wpas_customize_per_network":false},"categories":[23],"tags":[20834,10529,17947],"class_list":["post-189527","post","type-post","status-publish","format-standard","has-post-thumbnail","hentry","category-educacion","tag-encuentro-de-pasantes","tag-formacion-laboral","tag-mercedes-aprende-unida","generate-columns","tablet-grid-50","mobile-grid-100","grid-parent","grid-50"],"jetpack_publicize_connections":[],"jetpack_featured_media_url":"https:\/\/www.hoymercedes.com.ar\/principal\/wp-content\/uploads\/2025\/11\/DSC09536.jpg","wps_subtitle":"Comunidad educativa","jetpack_sharing_enabled":true,"_links":{"self":[{"href":"https:\/\/www.hoymercedes.com.ar\/principal\/wp-json\/wp\/v2\/posts\/189527","targetHints":{"allow":["GET"]}}],"collection":[{"href":"https:\/\/www.hoymercedes.com.ar\/principal\/wp-json\/wp\/v2\/posts"}],"about":[{"href":"https:\/\/www.hoymercedes.com.ar\/principal\/wp-json\/wp\/v2\/types\/post"}],"author":[{"embeddable":true,"href":"https:\/\/www.hoymercedes.com.ar\/principal\/wp-json\/wp\/v2\/users\/1"}],"replies":[{"embeddable":true,"href":"https:\/\/www.hoymercedes.com.ar\/principal\/wp-json\/wp\/v2\/comments?post=189527"}],"version-history":[{"count":2,"href":"https:\/\/www.hoymercedes.com.ar\/principal\/wp-json\/wp\/v2\/posts\/189527\/revisions"}],"predecessor-version":[{"id":189530,"href":"https:\/\/www.hoymercedes.com.ar\/principal\/wp-json\/wp\/v2\/posts\/189527\/revisions\/189530"}],"wp:featuredmedia":[{"embeddable":true,"href":"https:\/\/www.hoymercedes.com.ar\/principal\/wp-json\/wp\/v2\/media\/189528"}],"wp:attachment":[{"href":"https:\/\/www.hoymercedes.com.ar\/principal\/wp-json\/wp\/v2\/media?parent=189527"}],"wp:term":[{"taxonomy":"category","embeddable":true,"href":"https:\/\/www.hoymercedes.com.ar\/principal\/wp-json\/wp\/v2\/categories?post=189527"},{"taxonomy":"post_tag","embeddable":true,"href":"https:\/\/www.hoymercedes.com.ar\/principal\/wp-json\/wp\/v2\/tags?post=189527"}],"curies":[{"name":"wp","href":"https:\/\/api.w.org\/{rel}","templated":true}]}}