{"id":189741,"date":"2025-11-24T15:06:50","date_gmt":"2025-11-24T18:06:50","guid":{"rendered":"https:\/\/www.hoymercedes.com.ar\/principal\/?p=189741"},"modified":"2025-11-24T15:06:52","modified_gmt":"2025-11-24T18:06:52","slug":"mas-de-un-centenar-de-empresas-participaron-de-la-ronda-de-negocios","status":"publish","type":"post","link":"https:\/\/www.hoymercedes.com.ar\/principal\/2025\/11\/24\/mas-de-un-centenar-de-empresas-participaron-de-la-ronda-de-negocios\/","title":{"rendered":"M\u00e1s de un centenar de empresas participaron de la ronda de negocios"},"content":{"rendered":"\n<figure class=\"wp-block-image size-large\"><img loading=\"lazy\" decoding=\"async\" width=\"1024\" height=\"682\" data-attachment-id=\"189742\" data-permalink=\"https:\/\/www.hoymercedes.com.ar\/principal\/2025\/11\/24\/mas-de-un-centenar-de-empresas-participaron-de-la-ronda-de-negocios\/dsc02662\/#main\" data-orig-file=\"https:\/\/www.hoymercedes.com.ar\/principal\/wp-content\/uploads\/2025\/11\/DSC02662.jpg\" data-orig-size=\"1319,879\" data-comments-opened=\"0\" data-image-meta=\"{&quot;aperture&quot;:&quot;0&quot;,&quot;credit&quot;:&quot;&quot;,&quot;camera&quot;:&quot;&quot;,&quot;caption&quot;:&quot;&quot;,&quot;created_timestamp&quot;:&quot;0&quot;,&quot;copyright&quot;:&quot;&quot;,&quot;focal_length&quot;:&quot;0&quot;,&quot;iso&quot;:&quot;0&quot;,&quot;shutter_speed&quot;:&quot;0&quot;,&quot;title&quot;:&quot;&quot;,&quot;orientation&quot;:&quot;0&quot;}\" data-image-title=\"M\u00e1s de un centenar de empresas participaron de la ronda de negocios\" data-image-description=\"&lt;p&gt;M\u00e1s de un centenar de empresas participaron de la ronda de negocios&lt;\/p&gt;\n\" data-image-caption=\"&lt;p&gt;M\u00e1s de un centenar de empresas participaron de la ronda de negocios&lt;\/p&gt;\n\" data-large-file=\"https:\/\/www.hoymercedes.com.ar\/principal\/wp-content\/uploads\/2025\/11\/DSC02662-1024x682.jpg\" src=\"https:\/\/www.hoymercedes.com.ar\/principal\/wp-content\/uploads\/2025\/11\/DSC02662-1024x682.jpg\" alt=\"\" class=\"wp-image-189742\" srcset=\"https:\/\/www.hoymercedes.com.ar\/principal\/wp-content\/uploads\/2025\/11\/DSC02662-1024x682.jpg 1024w, https:\/\/www.hoymercedes.com.ar\/principal\/wp-content\/uploads\/2025\/11\/DSC02662-630x420.jpg 630w, https:\/\/www.hoymercedes.com.ar\/principal\/wp-content\/uploads\/2025\/11\/DSC02662-150x100.jpg 150w, https:\/\/www.hoymercedes.com.ar\/principal\/wp-content\/uploads\/2025\/11\/DSC02662-700x465.jpg 700w, https:\/\/www.hoymercedes.com.ar\/principal\/wp-content\/uploads\/2025\/11\/DSC02662.jpg 1319w\" sizes=\"auto, (max-width: 1024px) 100vw, 1024px\" \/><\/figure>\n\n\n\n<p>Con un importante n\u00famero de empresas, industrial y comerciantes se llev\u00f3 adelante la ronda de negocios organizada por la C\u00e1mara Econ\u00f3mica, la CAME y la Municipalidad de Mercedes. Hubo 150 inscriptos. Se realiz\u00f3 con la presencia de distintas representaciones institucionales y el intendente Ustarroz.<\/p>\n\n\n\n<p><strong>Encuentro<\/strong><\/p>\n\n\n\n<p>\u201cEs muy importante lo vivido hoy en Mercedes\u201d dijo el intendente Juan I. Ustarroz y remarc\u00f3 \u201cla uni\u00f3n y encuentro de representantes de distintos sectores de la producci\u00f3n, el conocerse, en intercambiar experiencias y proyectos es muy importante\u201d y destac\u00f3 que \u201cesta propuesta, uniendo el esfuerzo del sector p\u00fablico y el privado es muy valioso como comunidad, por el empleo, la producci\u00f3n, por la ciudad\u201d sostuvo entre otros conceptos.<\/p>\n\n\n\n<p><strong>CEM<\/strong><\/p>\n\n\n\n<p>La C\u00e1mara Econ\u00f3mica tuvo un rol importante, representada por Federico Sirch, su presidente, y Ariel Pietrucha, su gerente, contando con un fuerte apoyo de la Confederaci\u00f3n Argentina de la Mediana Empresa, quien estuvo presente con distintos representantes.<\/p>\n\n\n\n<p><strong>Satisfacci\u00f3n<\/strong><br>Mart\u00edn Boragno, director de producci\u00f3n local, destac\u00f3 que \u201cfue una jornada muy positiva\u201d con un relevamiento posterior muy satisfactorio, donde se puede destacar que \u201cla Ronda de Negocios Mercedes 2025 cumpli\u00f3 ampliamente sus objetivos: alta participaci\u00f3n, gran dinamismo en entrevistas y un nivel de concreci\u00f3n de negocios superior al promedio nacional. Se consolid\u00f3 como un espacio estrat\u00e9gico para el desarrollo productivo y comercial de Mercedes, fortaleciendo v\u00ednculos entre empresas y potenciando oportunidades reales de crecimiento\u201d y dijo que \u201cindica que el 2026 debemos potencial este tipo de eventos y para ellos la Sociedad Rural, CEM y la municipalidad comenzar\u00e1n a dise\u00f1ar una gran exposici\u00f3n, ronda de negocios y encuentro de industrias\u201d narr\u00f3.<\/p>\n\n\n\n<p><strong>Datos<\/strong><\/p>\n\n\n\n<p>Hubo 150 empresas inscriptas, con 108 intercambiando activamente. Se cont\u00f3 con 42 mesas activas, permitiendo un flujo ordenado y permanente de reuniones, siendo 7 horas de jornada efectiva, maximizando el rendimiento comercial del d\u00eda. Adem\u00e1s 1.258 entrevistas realizadas durante la jornada, siendo 13,7 entrevistas promedio por empresa, un nivel muy alto de interacci\u00f3n que supera est\u00e1ndares habituales de rondas regionales, destac\u00f3 el relevamiento a posteriori efectuado por la organizaci\u00f3n de distintas instituciones.<\/p>\n","protected":false},"excerpt":{"rendered":"<p>Con un importante n\u00famero de empresas, industrial y comerciantes se llev\u00f3 adelante la ronda de negocios organizada por la C\u00e1mara &#8230; <a title=\"M\u00e1s de un centenar de empresas participaron de la ronda de negocios\" class=\"read-more\" href=\"https:\/\/www.hoymercedes.com.ar\/principal\/2025\/11\/24\/mas-de-un-centenar-de-empresas-participaron-de-la-ronda-de-negocios\/\" aria-label=\"Leer m\u00e1s sobre M\u00e1s de un centenar de empresas participaron de la ronda de negocios\">Leer m\u00e1s<\/a><\/p>\n","protected":false},"author":1,"featured_media":189742,"comment_status":"closed","ping_status":"open","sticky":false,"template":"","format":"standard","meta":{"_monsterinsights_skip_tracking":false,"_monsterinsights_sitenote_active":false,"_monsterinsights_sitenote_note":"","_monsterinsights_sitenote_category":0,"jetpack_post_was_ever_published":false,"_jetpack_newsletter_access":"","_jetpack_dont_email_post_to_subs":false,"_jetpack_newsletter_tier_id":0,"_jetpack_memberships_contains_paywalled_content":false,"_jetpack_memberships_contains_paid_content":false,"footnotes":"","jetpack_publicize_message":"","jetpack_publicize_feature_enabled":true,"jetpack_social_post_already_shared":true,"jetpack_social_options":{"image_generator_settings":{"template":"highway","default_image_id":0,"font":"","enabled":false},"version":2},"_wpas_customize_per_network":false},"categories":[8],"tags":[10009,20844,424],"class_list":["post-189741","post","type-post","status-publish","format-standard","has-post-thumbnail","hentry","category-sociedad","tag-boragno","tag-ronda-de-negocioas-mercedes","tag-ustarroz","generate-columns","tablet-grid-50","mobile-grid-100","grid-parent","grid-50"],"jetpack_publicize_connections":[],"jetpack_featured_media_url":"https:\/\/www.hoymercedes.com.ar\/principal\/wp-content\/uploads\/2025\/11\/DSC02662.jpg","wps_subtitle":"Encuentros productivos","jetpack_sharing_enabled":true,"_links":{"self":[{"href":"https:\/\/www.hoymercedes.com.ar\/principal\/wp-json\/wp\/v2\/posts\/189741","targetHints":{"allow":["GET"]}}],"collection":[{"href":"https:\/\/www.hoymercedes.com.ar\/principal\/wp-json\/wp\/v2\/posts"}],"about":[{"href":"https:\/\/www.hoymercedes.com.ar\/principal\/wp-json\/wp\/v2\/types\/post"}],"author":[{"embeddable":true,"href":"https:\/\/www.hoymercedes.com.ar\/principal\/wp-json\/wp\/v2\/users\/1"}],"replies":[{"embeddable":true,"href":"https:\/\/www.hoymercedes.com.ar\/principal\/wp-json\/wp\/v2\/comments?post=189741"}],"version-history":[{"count":2,"href":"https:\/\/www.hoymercedes.com.ar\/principal\/wp-json\/wp\/v2\/posts\/189741\/revisions"}],"predecessor-version":[{"id":189744,"href":"https:\/\/www.hoymercedes.com.ar\/principal\/wp-json\/wp\/v2\/posts\/189741\/revisions\/189744"}],"wp:featuredmedia":[{"embeddable":true,"href":"https:\/\/www.hoymercedes.com.ar\/principal\/wp-json\/wp\/v2\/media\/189742"}],"wp:attachment":[{"href":"https:\/\/www.hoymercedes.com.ar\/principal\/wp-json\/wp\/v2\/media?parent=189741"}],"wp:term":[{"taxonomy":"category","embeddable":true,"href":"https:\/\/www.hoymercedes.com.ar\/principal\/wp-json\/wp\/v2\/categories?post=189741"},{"taxonomy":"post_tag","embeddable":true,"href":"https:\/\/www.hoymercedes.com.ar\/principal\/wp-json\/wp\/v2\/tags?post=189741"}],"curies":[{"name":"wp","href":"https:\/\/api.w.org\/{rel}","templated":true}]}}