{"id":18989,"date":"2012-12-23T17:28:38","date_gmt":"2012-12-23T17:28:38","guid":{"rendered":"http:\/\/www.hoymercedes.com.ar\/principal\/?p=18989"},"modified":"2012-12-23T17:28:52","modified_gmt":"2012-12-23T17:28:52","slug":"santana-saluda-a-presidentes-recordando-tendra-elecciones-villa-industrial-este-el-2912","status":"publish","type":"post","link":"https:\/\/www.hoymercedes.com.ar\/principal\/2012\/12\/23\/santana-saluda-a-presidentes-recordando-tendra-elecciones-villa-industrial-este-el-2912\/","title":{"rendered":"Santana saluda a presidentes recordando tendr\u00e1 elecciones Villa Industrial Este el 29\/12"},"content":{"rendered":"<p>El pr\u00f3ximo 29 de diciembre se realizar\u00e1n las elecciones para renovar autoridades en la comisi\u00f3n conductora de la Sociedad de Fomento del barrio\u201dVilla Industrial Este\u201d. Tambi\u00e9n se vendr\u00e1 pronto la elecci\u00f3n en \u201cLos Duraznos\u201d donde se vieron suspendidas por un problema en la publicaci\u00f3n de la convocatoria<\/p>\n<p>Desde la Federaci\u00f3n de Sociedades de Fomento sostienen que son varios los barrios que est\u00e1n en condiciones de renovar o crear nuevas conducciones en el futuro cercano. Tambi\u00e9n manifestaron que es su gran reto para el pr\u00f3ximo a\u00f1o, el lograr mayor representaci\u00f3n barrial<\/p>\n<p>Alejandra Santana, Presidenta de la Federaci\u00f3n, aprovech\u00f3 la ocasi\u00f3n para \u201csaludar a todos los presidentes en este fin de a\u00f1o reforzando las fuerzas para seguir trabajando con la vocaci\u00f3n de acompa\u00f1ar al pr\u00f3jimo\u201d.<\/p>\n","protected":false},"excerpt":{"rendered":"<p>El pr\u00f3ximo 29 de diciembre se realizar\u00e1n las elecciones para renovar autoridades en la comisi\u00f3n conductora de la Sociedad de &#8230; <a title=\"Santana saluda a presidentes recordando tendr\u00e1 elecciones Villa Industrial Este el 29\/12\" class=\"read-more\" href=\"https:\/\/www.hoymercedes.com.ar\/principal\/2012\/12\/23\/santana-saluda-a-presidentes-recordando-tendra-elecciones-villa-industrial-este-el-2912\/\" aria-label=\"Leer m\u00e1s sobre Santana saluda a presidentes recordando tendr\u00e1 elecciones Villa Industrial Este el 29\/12\">Leer m\u00e1s<\/a><\/p>\n","protected":false},"author":1,"featured_media":0,"comment_status":"open","ping_status":"open","sticky":false,"template":"","format":"standard","meta":{"_monsterinsights_skip_tracking":false,"_monsterinsights_sitenote_active":false,"_monsterinsights_sitenote_note":"","_monsterinsights_sitenote_category":0,"jetpack_post_was_ever_published":false,"_jetpack_newsletter_access":"","_jetpack_dont_email_post_to_subs":false,"_jetpack_newsletter_tier_id":0,"_jetpack_memberships_contains_paywalled_content":false,"_jetpack_memberships_contains_paid_content":false,"footnotes":"","jetpack_publicize_message":"","jetpack_publicize_feature_enabled":true,"jetpack_social_post_already_shared":false,"jetpack_social_options":{"image_generator_settings":{"template":"highway","default_image_id":0,"font":"","enabled":false},"version":2},"_wpas_customize_per_network":false},"categories":[5],"tags":[1805],"class_list":["post-18989","post","type-post","status-publish","format-standard","hentry","category-politica","tag-alejandra-santana","generate-columns","tablet-grid-50","mobile-grid-100","grid-parent","grid-50"],"jetpack_publicize_connections":[],"jetpack_featured_media_url":"","wps_subtitle":"","jetpack_sharing_enabled":true,"_links":{"self":[{"href":"https:\/\/www.hoymercedes.com.ar\/principal\/wp-json\/wp\/v2\/posts\/18989","targetHints":{"allow":["GET"]}}],"collection":[{"href":"https:\/\/www.hoymercedes.com.ar\/principal\/wp-json\/wp\/v2\/posts"}],"about":[{"href":"https:\/\/www.hoymercedes.com.ar\/principal\/wp-json\/wp\/v2\/types\/post"}],"author":[{"embeddable":true,"href":"https:\/\/www.hoymercedes.com.ar\/principal\/wp-json\/wp\/v2\/users\/1"}],"replies":[{"embeddable":true,"href":"https:\/\/www.hoymercedes.com.ar\/principal\/wp-json\/wp\/v2\/comments?post=18989"}],"version-history":[{"count":0,"href":"https:\/\/www.hoymercedes.com.ar\/principal\/wp-json\/wp\/v2\/posts\/18989\/revisions"}],"wp:attachment":[{"href":"https:\/\/www.hoymercedes.com.ar\/principal\/wp-json\/wp\/v2\/media?parent=18989"}],"wp:term":[{"taxonomy":"category","embeddable":true,"href":"https:\/\/www.hoymercedes.com.ar\/principal\/wp-json\/wp\/v2\/categories?post=18989"},{"taxonomy":"post_tag","embeddable":true,"href":"https:\/\/www.hoymercedes.com.ar\/principal\/wp-json\/wp\/v2\/tags?post=18989"}],"curies":[{"name":"wp","href":"https:\/\/api.w.org\/{rel}","templated":true}]}}