{"id":189913,"date":"2025-12-01T20:59:53","date_gmt":"2025-12-01T23:59:53","guid":{"rendered":"https:\/\/www.hoymercedes.com.ar\/principal\/?p=189913"},"modified":"2025-12-02T16:16:35","modified_gmt":"2025-12-02T19:16:35","slug":"elecciones-en-el-sindicato-de-la-carne-dejan-fuerte-malestar-entre-afiliados","status":"publish","type":"post","link":"https:\/\/www.hoymercedes.com.ar\/principal\/2025\/12\/01\/elecciones-en-el-sindicato-de-la-carne-dejan-fuerte-malestar-entre-afiliados\/","title":{"rendered":"Elecciones en el Sindicato de la Carne dejan fuerte malestar entre afiliados"},"content":{"rendered":"\n<p>El proceso eleccionario desarrollado en el Sindicato de la Carne de Mercedes dej\u00f3 un fuerte malestar entre dirigentes y afiliados, muchos de los cuales acusan a la actual comisi\u00f3n de impedir la conformaci\u00f3n de una lista opositora, negar documentaci\u00f3n oficial ante la presencia de una escribana p\u00fablica e inclusive esconder informaci\u00f3n vinculada al manejo de la recaudaci\u00f3n de distintas actividades, entre otras cosas.<\/p>\n\n\n\n<figure class=\"wp-block-image size-large\"><img loading=\"lazy\" decoding=\"async\" width=\"1024\" height=\"537\" data-attachment-id=\"189914\" data-permalink=\"https:\/\/www.hoymercedes.com.ar\/principal\/2025\/12\/01\/elecciones-en-el-sindicato-de-la-carne-dejan-fuerte-malestar-entre-afiliados\/captura-de-pantalla-2025-12-01-205915\/#main\" data-orig-file=\"https:\/\/www.hoymercedes.com.ar\/principal\/wp-content\/uploads\/2025\/12\/Captura-de-pantalla-2025-12-01-205915.png\" data-orig-size=\"1151,604\" data-comments-opened=\"0\" data-image-meta=\"{&quot;aperture&quot;:&quot;0&quot;,&quot;credit&quot;:&quot;&quot;,&quot;camera&quot;:&quot;&quot;,&quot;caption&quot;:&quot;&quot;,&quot;created_timestamp&quot;:&quot;0&quot;,&quot;copyright&quot;:&quot;&quot;,&quot;focal_length&quot;:&quot;0&quot;,&quot;iso&quot;:&quot;0&quot;,&quot;shutter_speed&quot;:&quot;0&quot;,&quot;title&quot;:&quot;&quot;,&quot;orientation&quot;:&quot;0&quot;}\" data-image-title=\"Sindicato de la Carne\" data-image-description=\"&lt;p&gt;Sindicato de la Carne&lt;\/p&gt;\n\" data-image-caption=\"&lt;p&gt;Sindicato de la Carne&lt;\/p&gt;\n\" data-large-file=\"https:\/\/www.hoymercedes.com.ar\/principal\/wp-content\/uploads\/2025\/12\/Captura-de-pantalla-2025-12-01-205915-1024x537.png\" src=\"https:\/\/www.hoymercedes.com.ar\/principal\/wp-content\/uploads\/2025\/12\/Captura-de-pantalla-2025-12-01-205915-1024x537.png\" alt=\"Sindicato de la Carne\" class=\"wp-image-189914\" srcset=\"https:\/\/www.hoymercedes.com.ar\/principal\/wp-content\/uploads\/2025\/12\/Captura-de-pantalla-2025-12-01-205915-1024x537.png 1024w, https:\/\/www.hoymercedes.com.ar\/principal\/wp-content\/uploads\/2025\/12\/Captura-de-pantalla-2025-12-01-205915-630x331.png 630w, https:\/\/www.hoymercedes.com.ar\/principal\/wp-content\/uploads\/2025\/12\/Captura-de-pantalla-2025-12-01-205915-150x79.png 150w, https:\/\/www.hoymercedes.com.ar\/principal\/wp-content\/uploads\/2025\/12\/Captura-de-pantalla-2025-12-01-205915.png 1151w\" sizes=\"auto, (max-width: 1024px) 100vw, 1024px\" \/><figcaption class=\"wp-element-caption\">Sindicato de la Carne<\/figcaption><\/figure>\n\n\n\n<p>Las voces opositoras al actual secretario general, David Amaya, aseguran que en el Sindicato de la Carne \u201cno hay democracia, no hay transparencia y las elecciones que se hicieron la semana pasada, ante tantas irregularidades comprobadas, carecen de legitimidad\u201d.<\/p>\n\n\n\n<p>En principio, la oposici\u00f3n a Amaya cuestiona que el llamado a elecciones se hizo a trav\u00e9s de un diario nacional y no de los semanarios, diarios o webs locales, \u201ca los que los afiliados tienen un acceso m\u00e1s f\u00e1cil y sistem\u00e1tico por una cuesti\u00f3n l\u00f3gica de cercan\u00eda y de inter\u00e9s\u201d.<\/p>\n\n\n\n<p>A partir de esta decisi\u00f3n, muchos afiliados ignoraban la realizaci\u00f3n de las elecciones y reci\u00e9n se enteraron \u201cel d\u00eda de la votaci\u00f3n\u201d, raz\u00f3n que explica el ausentismo y la poca participaci\u00f3n.<\/p>\n\n\n\n<p>Durante el proceso eleccionario, y ante la iniciativa de armar una lista opositora \u201cpara enfrentar a la actual conducci\u00f3n\u201d, a los dirigentes opositores de les neg\u00f3 la documentaci\u00f3n oficial. \u201cSin ir m\u00e1s lejos, nunca nos entregaron el estatuto ni los libros de actas. Y de esto hay constancia fehaciente porque nos presentamos en la sede del Sindicato con la compa\u00f1\u00eda de una escribana p\u00fablica. Ni siquiera eso permiti\u00f3 darle transparencia a todo el proceso\u201d.<\/p>\n\n\n\n<p>\u201cY tampoco nos informan sobre el destino que le dan a dinero que es de todo el sindicato y sus afiliados\u201d, concluyeron.<\/p>\n","protected":false},"excerpt":{"rendered":"<p>El proceso eleccionario desarrollado en el Sindicato de la Carne de Mercedes dej\u00f3 un fuerte malestar entre dirigentes y afiliados, &#8230; <a title=\"Elecciones en el Sindicato de la Carne dejan fuerte malestar entre afiliados\" class=\"read-more\" href=\"https:\/\/www.hoymercedes.com.ar\/principal\/2025\/12\/01\/elecciones-en-el-sindicato-de-la-carne-dejan-fuerte-malestar-entre-afiliados\/\" aria-label=\"Leer m\u00e1s sobre Elecciones en el Sindicato de la Carne dejan fuerte malestar entre afiliados\">Leer m\u00e1s<\/a><\/p>\n","protected":false},"author":1,"featured_media":189914,"comment_status":"closed","ping_status":"open","sticky":false,"template":"","format":"standard","meta":{"_monsterinsights_skip_tracking":false,"_monsterinsights_sitenote_active":false,"_monsterinsights_sitenote_note":"","_monsterinsights_sitenote_category":0,"jetpack_post_was_ever_published":false,"_jetpack_newsletter_access":"","_jetpack_dont_email_post_to_subs":false,"_jetpack_newsletter_tier_id":0,"_jetpack_memberships_contains_paywalled_content":false,"_jetpack_memberships_contains_paid_content":false,"footnotes":"","jetpack_publicize_message":"","jetpack_publicize_feature_enabled":true,"jetpack_social_post_already_shared":true,"jetpack_social_options":{"image_generator_settings":{"template":"highway","default_image_id":0,"font":"","enabled":false},"version":2},"_wpas_customize_per_network":false},"categories":[10563],"tags":[1789],"class_list":["post-189913","post","type-post","status-publish","format-standard","has-post-thumbnail","hentry","category-gremios-sindicatos","tag-sindicato-de-la-carne","generate-columns","tablet-grid-50","mobile-grid-100","grid-parent","grid-50"],"jetpack_publicize_connections":[],"jetpack_featured_media_url":"https:\/\/www.hoymercedes.com.ar\/principal\/wp-content\/uploads\/2025\/12\/Captura-de-pantalla-2025-12-01-205915.png","wps_subtitle":"Gremiales","jetpack_sharing_enabled":true,"jetpack-related-posts":[{"id":75708,"url":"https:\/\/www.hoymercedes.com.ar\/principal\/2018\/05\/13\/curso-de-rcp-para-afiliados-del-sindicato-de-la-carne\/","url_meta":{"origin":189913,"position":0},"title":"Curso de RCP para afiliados del Sindicato de la Carne","author":"hoymercedes","date":"13 mayo, 2018","format":false,"excerpt":"Desde el Sindicato de la Carne de Mercedes, desde hace un tiempo hasta esta parte vienen desarrollando una nutrida agenda de actividades y capacitaciones para sus afiliados. Desde ese punto, articulan herramientas con otras entidades y profesionales para que los trabajadores de la industria de la carne obtengan m\u00e1s y\u2026","rel":"","context":"En \u00abGremios - Sindicatos\u00bb","block_context":{"text":"Gremios - Sindicatos","link":"https:\/\/www.hoymercedes.com.ar\/principal\/category\/gremios-sindicatos\/"},"img":{"alt_text":"","src":"https:\/\/i0.wp.com\/www.hoymercedes.com.ar\/principal\/wp-content\/uploads\/2018\/05\/13-sindicato-carne.jpeg?resize=350%2C200&ssl=1","width":350,"height":200,"srcset":"https:\/\/i0.wp.com\/www.hoymercedes.com.ar\/principal\/wp-content\/uploads\/2018\/05\/13-sindicato-carne.jpeg?resize=350%2C200&ssl=1 1x, https:\/\/i0.wp.com\/www.hoymercedes.com.ar\/principal\/wp-content\/uploads\/2018\/05\/13-sindicato-carne.jpeg?resize=525%2C300&ssl=1 1.5x, https:\/\/i0.wp.com\/www.hoymercedes.com.ar\/principal\/wp-content\/uploads\/2018\/05\/13-sindicato-carne.jpeg?resize=700%2C400&ssl=1 2x"},"classes":[]},{"id":72948,"url":"https:\/\/www.hoymercedes.com.ar\/principal\/2018\/02\/26\/el-sindicato-de-la-carne-entrego-kits-escolares-a-sus-afiliados\/","url_meta":{"origin":189913,"position":1},"title":"El Sindicato de la Carne entreg\u00f3 kits escolares a sus afiliados","author":"hoymercedes","date":"26 febrero, 2018","format":false,"excerpt":"\u00a0 La comisi\u00f3n directiva del Sindicato de la Carne Mercedes, que conduce David Amaya, acompa\u00f1a el inicio de clases de los hijos de sus afiliados con la entrega de \u00fatiles y elementos de suma utilidad pare el ciclo lectivo.\u00a0 Desde hace varios a\u00f1os, el Sindicato de la Carne de Mercedes,\u2026","rel":"","context":"En \u00abGremios - Sindicatos\u00bb","block_context":{"text":"Gremios - Sindicatos","link":"https:\/\/www.hoymercedes.com.ar\/principal\/category\/gremios-sindicatos\/"},"img":{"alt_text":"","src":"https:\/\/i0.wp.com\/www.hoymercedes.com.ar\/principal\/wp-content\/uploads\/2018\/02\/26-carne-utiles-1.jpeg?resize=350%2C200&ssl=1","width":350,"height":200,"srcset":"https:\/\/i0.wp.com\/www.hoymercedes.com.ar\/principal\/wp-content\/uploads\/2018\/02\/26-carne-utiles-1.jpeg?resize=350%2C200&ssl=1 1x, https:\/\/i0.wp.com\/www.hoymercedes.com.ar\/principal\/wp-content\/uploads\/2018\/02\/26-carne-utiles-1.jpeg?resize=525%2C300&ssl=1 1.5x, https:\/\/i0.wp.com\/www.hoymercedes.com.ar\/principal\/wp-content\/uploads\/2018\/02\/26-carne-utiles-1.jpeg?resize=700%2C400&ssl=1 2x"},"classes":[]},{"id":88489,"url":"https:\/\/www.hoymercedes.com.ar\/principal\/2019\/02\/20\/sindicato-de-la-carne-entrego-utiles-escolares-a-sus-afiliados\/","url_meta":{"origin":189913,"position":2},"title":"Sindicato de la Carne entreg\u00f3 \u00fatiles escolares a sus afiliados","author":"hoymercedes","date":"20 febrero, 2019","format":false,"excerpt":"El Sindicato de la Carne entrega \u00fatiles escolares para afiliados con hijos cursando el nivel primario sumando este a\u00f1o como beneficiarios los ni\u00f1os que concurren a jard\u00edn de infantes. El Secretario General del gremio de Mercedes, David Amaya, expres\u00f3 su orgullo al acompa\u00f1ar el comienzo de clases de los hijos\u2026","rel":"","context":"En \u00abGremios - Sindicatos\u00bb","block_context":{"text":"Gremios - Sindicatos","link":"https:\/\/www.hoymercedes.com.ar\/principal\/category\/gremios-sindicatos\/"},"img":{"alt_text":"","src":"https:\/\/i0.wp.com\/www.hoymercedes.com.ar\/principal\/wp-content\/uploads\/2019\/02\/21-sind-carne.jpg?resize=350%2C200&ssl=1","width":350,"height":200,"srcset":"https:\/\/i0.wp.com\/www.hoymercedes.com.ar\/principal\/wp-content\/uploads\/2019\/02\/21-sind-carne.jpg?resize=350%2C200&ssl=1 1x, https:\/\/i0.wp.com\/www.hoymercedes.com.ar\/principal\/wp-content\/uploads\/2019\/02\/21-sind-carne.jpg?resize=525%2C300&ssl=1 1.5x, https:\/\/i0.wp.com\/www.hoymercedes.com.ar\/principal\/wp-content\/uploads\/2019\/02\/21-sind-carne.jpg?resize=700%2C400&ssl=1 2x"},"classes":[]},{"id":77346,"url":"https:\/\/www.hoymercedes.com.ar\/principal\/2018\/06\/16\/el-sindicato-festejo-el-dia-del-trabajador-de-la-carne\/","url_meta":{"origin":189913,"position":3},"title":"El Sindicato festej\u00f3 el d\u00eda del trabajador de la carne","author":"hoymercedes","date":"16 junio, 2018","format":false,"excerpt":"Fue con motivo de conmemorar el d\u00eda del trabajador, el Sindicato de la Carne tuvo sus festejos con afiliados de Lujan, San Andr\u00e9s de Giles y Mercedes.\u00a0 El Sindicato de la Carne de Mercedes contin\u00faa con su tradici\u00f3n de celebrar a lo grande el 10 de junio de cada a\u00f1o,\u2026","rel":"","context":"En \u00abGremios - Sindicatos\u00bb","block_context":{"text":"Gremios - Sindicatos","link":"https:\/\/www.hoymercedes.com.ar\/principal\/category\/gremios-sindicatos\/"},"img":{"alt_text":"","src":"https:\/\/i0.wp.com\/www.hoymercedes.com.ar\/principal\/wp-content\/uploads\/2018\/06\/16-sind-carne.jpg?resize=350%2C200&ssl=1","width":350,"height":200,"srcset":"https:\/\/i0.wp.com\/www.hoymercedes.com.ar\/principal\/wp-content\/uploads\/2018\/06\/16-sind-carne.jpg?resize=350%2C200&ssl=1 1x, https:\/\/i0.wp.com\/www.hoymercedes.com.ar\/principal\/wp-content\/uploads\/2018\/06\/16-sind-carne.jpg?resize=525%2C300&ssl=1 1.5x, https:\/\/i0.wp.com\/www.hoymercedes.com.ar\/principal\/wp-content\/uploads\/2018\/06\/16-sind-carne.jpg?resize=700%2C400&ssl=1 2x"},"classes":[]},{"id":59589,"url":"https:\/\/www.hoymercedes.com.ar\/principal\/2017\/02\/07\/entregan-kits-escolares-para-hijos-de-afiliados\/","url_meta":{"origin":189913,"position":4},"title":"Entregan kits escolares para hijos de afiliados","author":"hoymercedes","date":"7 febrero, 2017","format":false,"excerpt":"El Sindicato de la Carne de Mercedes est\u00e1 entregando para sus afiliados con hijos en edad escolar \u00fatiles para el inicio de clases. Podr\u00e1n retirarlos en la sede, desde hasta el viernes 10 de febrero, los afiliados con hijos que cursen estudios primarios. El Sindicato de Obreros y Empleados de\u2026","rel":"","context":"En \u00abEducaci\u00f3n\u00bb","block_context":{"text":"Educaci\u00f3n","link":"https:\/\/www.hoymercedes.com.ar\/principal\/category\/educacion\/"},"img":{"alt_text":"","src":"https:\/\/i0.wp.com\/www.hoymercedes.com.ar\/principal\/wp-content\/uploads\/2017\/02\/07-sind-carne-utiles.jpg?resize=350%2C200&ssl=1","width":350,"height":200,"srcset":"https:\/\/i0.wp.com\/www.hoymercedes.com.ar\/principal\/wp-content\/uploads\/2017\/02\/07-sind-carne-utiles.jpg?resize=350%2C200&ssl=1 1x, https:\/\/i0.wp.com\/www.hoymercedes.com.ar\/principal\/wp-content\/uploads\/2017\/02\/07-sind-carne-utiles.jpg?resize=525%2C300&ssl=1 1.5x"},"classes":[]},{"id":66415,"url":"https:\/\/www.hoymercedes.com.ar\/principal\/2017\/08\/26\/el-sindicato-de-la-carne-celebro-el-dia-del-nino\/","url_meta":{"origin":189913,"position":5},"title":"El Sindicato de la Carne celebr\u00f3 el D\u00eda del Ni\u00f1o","author":"hoymercedes","date":"26 agosto, 2017","format":false,"excerpt":"Los hijos de los afiliados disfrutaron de su merecido festejo. M\u00e1s de un centenar de ni\u00f1os concurrieron a la celebraci\u00f3n. Juegos, diversi\u00f3n y regalos, adem\u00e1s de un gran show de payasos de \u201cLos hermanos Ropetruzky\u201d. La comisi\u00f3n directiva del Sindicato de la Carne de Mercedes organiz\u00f3 para el d\u00eda lunes\u2026","rel":"","context":"En \u00abGremios - Sindicatos\u00bb","block_context":{"text":"Gremios - Sindicatos","link":"https:\/\/www.hoymercedes.com.ar\/principal\/category\/gremios-sindicatos\/"},"img":{"alt_text":"","src":"https:\/\/i0.wp.com\/www.hoymercedes.com.ar\/principal\/wp-content\/uploads\/2017\/08\/26-sindicato-carne-ni%C3%B1os.jpg?resize=350%2C200&ssl=1","width":350,"height":200,"srcset":"https:\/\/i0.wp.com\/www.hoymercedes.com.ar\/principal\/wp-content\/uploads\/2017\/08\/26-sindicato-carne-ni%C3%B1os.jpg?resize=350%2C200&ssl=1 1x, https:\/\/i0.wp.com\/www.hoymercedes.com.ar\/principal\/wp-content\/uploads\/2017\/08\/26-sindicato-carne-ni%C3%B1os.jpg?resize=525%2C300&ssl=1 1.5x"},"classes":[]}],"_links":{"self":[{"href":"https:\/\/www.hoymercedes.com.ar\/principal\/wp-json\/wp\/v2\/posts\/189913","targetHints":{"allow":["GET"]}}],"collection":[{"href":"https:\/\/www.hoymercedes.com.ar\/principal\/wp-json\/wp\/v2\/posts"}],"about":[{"href":"https:\/\/www.hoymercedes.com.ar\/principal\/wp-json\/wp\/v2\/types\/post"}],"author":[{"embeddable":true,"href":"https:\/\/www.hoymercedes.com.ar\/principal\/wp-json\/wp\/v2\/users\/1"}],"replies":[{"embeddable":true,"href":"https:\/\/www.hoymercedes.com.ar\/principal\/wp-json\/wp\/v2\/comments?post=189913"}],"version-history":[{"count":4,"href":"https:\/\/www.hoymercedes.com.ar\/principal\/wp-json\/wp\/v2\/posts\/189913\/revisions"}],"predecessor-version":[{"id":189941,"href":"https:\/\/www.hoymercedes.com.ar\/principal\/wp-json\/wp\/v2\/posts\/189913\/revisions\/189941"}],"wp:featuredmedia":[{"embeddable":true,"href":"https:\/\/www.hoymercedes.com.ar\/principal\/wp-json\/wp\/v2\/media\/189914"}],"wp:attachment":[{"href":"https:\/\/www.hoymercedes.com.ar\/principal\/wp-json\/wp\/v2\/media?parent=189913"}],"wp:term":[{"taxonomy":"category","embeddable":true,"href":"https:\/\/www.hoymercedes.com.ar\/principal\/wp-json\/wp\/v2\/categories?post=189913"},{"taxonomy":"post_tag","embeddable":true,"href":"https:\/\/www.hoymercedes.com.ar\/principal\/wp-json\/wp\/v2\/tags?post=189913"}],"curies":[{"name":"wp","href":"https:\/\/api.w.org\/{rel}","templated":true}]}}