{"id":18993,"date":"2012-12-23T17:30:27","date_gmt":"2012-12-23T17:30:27","guid":{"rendered":"http:\/\/www.hoymercedes.com.ar\/principal\/?p=18993"},"modified":"2012-12-23T17:30:36","modified_gmt":"2012-12-23T17:30:36","slug":"daniel-lucero-es-el-flamante-presidente-del-barrio-3-de-octubre","status":"publish","type":"post","link":"https:\/\/www.hoymercedes.com.ar\/principal\/2012\/12\/23\/daniel-lucero-es-el-flamante-presidente-del-barrio-3-de-octubre\/","title":{"rendered":"Daniel Lucero es el flamante presidente del barrio \u201c3 de Octubre\u201d"},"content":{"rendered":"<figure id=\"attachment_18995\" aria-describedby=\"caption-attachment-18995\" style=\"width: 608px\" class=\"wp-caption aligncenter\"><a href=\"https:\/\/www.hoymercedes.com.ar\/principal\/wp-content\/uploads\/2012\/12\/3deFebrero.jpg\"><img loading=\"lazy\" decoding=\"async\" data-attachment-id=\"18995\" data-permalink=\"https:\/\/www.hoymercedes.com.ar\/principal\/2012\/12\/23\/daniel-lucero-es-el-flamante-presidente-del-barrio-3-de-octubre\/attachment\/18995\/#main\" data-orig-file=\"https:\/\/www.hoymercedes.com.ar\/principal\/wp-content\/uploads\/2012\/12\/3deFebrero.jpg\" data-orig-size=\"618,464\" data-comments-opened=\"1\" data-image-meta=\"{&quot;aperture&quot;:&quot;2.8&quot;,&quot;credit&quot;:&quot;&quot;,&quot;camera&quot;:&quot;SAMSUNG ES10 \/ VLUU ES10&quot;,&quot;caption&quot;:&quot;&quot;,&quot;created_timestamp&quot;:&quot;1354188928&quot;,&quot;copyright&quot;:&quot;COPYRIGHT, 2009&quot;,&quot;focal_length&quot;:&quot;6.3&quot;,&quot;iso&quot;:&quot;160&quot;,&quot;shutter_speed&quot;:&quot;0.022222222222222&quot;,&quot;title&quot;:&quot;&lt;SAMSUNG DIGITAL CAMERA&gt;&quot;}\" data-image-title=\"Barrio 3 de Octubre &amp;#8211; Daniel Lucero Presidente\" data-image-description=\"&lt;p&gt;Barrio 3 de Octubre &amp;#8211; Daniel Lucero Presidente&lt;\/p&gt;\n\" data-image-caption=\"&lt;p&gt;Barrio 3 de Octubre &amp;#8211; Daniel Lucero Presidente&lt;\/p&gt;\n\" data-large-file=\"https:\/\/www.hoymercedes.com.ar\/principal\/wp-content\/uploads\/2012\/12\/3deFebrero.jpg\" class=\"size-full wp-image-18995\" alt=\"Barrio 3 de Octubre - Daniel Lucero Presidente\" src=\"https:\/\/www.hoymercedes.com.ar\/principal\/wp-content\/uploads\/2012\/12\/3deFebrero.jpg\" width=\"618\" height=\"464\" \/><\/a><figcaption id=\"caption-attachment-18995\" class=\"wp-caption-text\">Barrio 3 de Octubre &#8211; Daniel Lucero Presidente<\/figcaption><\/figure>\n<p>Este s\u00e1bado 22 de diciembre a las 18:00 hs se llev\u00f3 adelante una asamblea en el barrio \u201c3 de Octubre\u201d con la participaci\u00f3n del veedor municipal Roberto Flores y la presidenta de la Federaci\u00f3n de Sociedades de Fomento, Alejandra Santana.<\/p>\n<p>El encuentro tuvo como objetivo dejar conformada la comisi\u00f3n para dicho barrio donde desde el a\u00f1o 2007 no pose\u00eda comisi\u00f3n contando con la certificaci\u00f3n de varios vecinos que dieron fe de que no exist\u00eda tal instancia barrial.<\/p>\n<p>Los vecinos comentaron que hace tres a\u00f1os no tienen conducci\u00f3n barrial pues no se hab\u00eda podido armar comisi\u00f3n alguna. Desde ahora ser\u00e1 Daniel Lucero qui\u00e9n tiene mandato por los pr\u00f3ximos dos a\u00f1os qui\u00e9n entre sus principales metas est\u00e1 la de lograr terminar, v\u00eda las gestiones, la avenida San Mart\u00edn, que est\u00e1 entre las principales preocupaciones de los vecinos.<\/p>\n","protected":false},"excerpt":{"rendered":"<p>Este s\u00e1bado 22 de diciembre a las 18:00 hs se llev\u00f3 adelante una asamblea en el barrio \u201c3 de Octubre\u201d &#8230; <a title=\"Daniel Lucero es el flamante presidente del barrio \u201c3 de Octubre\u201d\" class=\"read-more\" href=\"https:\/\/www.hoymercedes.com.ar\/principal\/2012\/12\/23\/daniel-lucero-es-el-flamante-presidente-del-barrio-3-de-octubre\/\" aria-label=\"Leer m\u00e1s sobre Daniel Lucero es el flamante presidente del barrio \u201c3 de Octubre\u201d\">Leer m\u00e1s<\/a><\/p>\n","protected":false},"author":1,"featured_media":0,"comment_status":"open","ping_status":"open","sticky":false,"template":"","format":"standard","meta":{"_monsterinsights_skip_tracking":false,"_monsterinsights_sitenote_active":false,"_monsterinsights_sitenote_note":"","_monsterinsights_sitenote_category":0,"jetpack_post_was_ever_published":false,"_jetpack_newsletter_access":"","_jetpack_dont_email_post_to_subs":false,"_jetpack_newsletter_tier_id":0,"_jetpack_memberships_contains_paywalled_content":false,"_jetpack_memberships_contains_paid_content":false,"footnotes":"","jetpack_publicize_message":"","jetpack_publicize_feature_enabled":true,"jetpack_social_post_already_shared":false,"jetpack_social_options":{"image_generator_settings":{"template":"highway","default_image_id":0,"font":"","enabled":false},"version":2},"_wpas_customize_per_network":false},"categories":[5],"tags":[3096,3095],"class_list":["post-18993","post","type-post","status-publish","format-standard","hentry","category-politica","tag-barrio-3-de-octubre","tag-daniel-lucero","generate-columns","tablet-grid-50","mobile-grid-100","grid-parent","grid-50"],"jetpack_publicize_connections":[],"jetpack_featured_media_url":"","wps_subtitle":"","jetpack_sharing_enabled":true,"_links":{"self":[{"href":"https:\/\/www.hoymercedes.com.ar\/principal\/wp-json\/wp\/v2\/posts\/18993","targetHints":{"allow":["GET"]}}],"collection":[{"href":"https:\/\/www.hoymercedes.com.ar\/principal\/wp-json\/wp\/v2\/posts"}],"about":[{"href":"https:\/\/www.hoymercedes.com.ar\/principal\/wp-json\/wp\/v2\/types\/post"}],"author":[{"embeddable":true,"href":"https:\/\/www.hoymercedes.com.ar\/principal\/wp-json\/wp\/v2\/users\/1"}],"replies":[{"embeddable":true,"href":"https:\/\/www.hoymercedes.com.ar\/principal\/wp-json\/wp\/v2\/comments?post=18993"}],"version-history":[{"count":0,"href":"https:\/\/www.hoymercedes.com.ar\/principal\/wp-json\/wp\/v2\/posts\/18993\/revisions"}],"wp:attachment":[{"href":"https:\/\/www.hoymercedes.com.ar\/principal\/wp-json\/wp\/v2\/media?parent=18993"}],"wp:term":[{"taxonomy":"category","embeddable":true,"href":"https:\/\/www.hoymercedes.com.ar\/principal\/wp-json\/wp\/v2\/categories?post=18993"},{"taxonomy":"post_tag","embeddable":true,"href":"https:\/\/www.hoymercedes.com.ar\/principal\/wp-json\/wp\/v2\/tags?post=18993"}],"curies":[{"name":"wp","href":"https:\/\/api.w.org\/{rel}","templated":true}]}}