{"id":189930,"date":"2025-12-01T23:43:43","date_gmt":"2025-12-02T02:43:43","guid":{"rendered":"https:\/\/www.hoymercedes.com.ar\/principal\/?p=189930"},"modified":"2025-12-01T23:43:46","modified_gmt":"2025-12-02T02:43:46","slug":"calzada-reducida-este-martes-en-ruta-n5","status":"publish","type":"post","link":"https:\/\/www.hoymercedes.com.ar\/principal\/2025\/12\/01\/calzada-reducida-este-martes-en-ruta-n5\/","title":{"rendered":"Calzada reducida este martes en ruta n\u00b05"},"content":{"rendered":"\n<figure class=\"wp-block-image size-large\"><img loading=\"lazy\" decoding=\"async\" width=\"1024\" height=\"757\" data-attachment-id=\"189931\" data-permalink=\"https:\/\/www.hoymercedes.com.ar\/principal\/2025\/12\/01\/calzada-reducida-este-martes-en-ruta-n5\/puente-ruta5\/#main\" data-orig-file=\"https:\/\/www.hoymercedes.com.ar\/principal\/wp-content\/uploads\/2025\/12\/Puente-Ruta5.jpg\" data-orig-size=\"1080,798\" data-comments-opened=\"0\" data-image-meta=\"{&quot;aperture&quot;:&quot;0&quot;,&quot;credit&quot;:&quot;&quot;,&quot;camera&quot;:&quot;&quot;,&quot;caption&quot;:&quot;&quot;,&quot;created_timestamp&quot;:&quot;0&quot;,&quot;copyright&quot;:&quot;&quot;,&quot;focal_length&quot;:&quot;0&quot;,&quot;iso&quot;:&quot;0&quot;,&quot;shutter_speed&quot;:&quot;0&quot;,&quot;title&quot;:&quot;&quot;,&quot;orientation&quot;:&quot;0&quot;}\" data-image-title=\"Calzada reducida este martes en ruta n\u00b05\" data-image-description=\"&lt;p&gt;Calzada reducida este martes en ruta n\u00b05&lt;\/p&gt;\n\" data-image-caption=\"&lt;p&gt;Calzada reducida este martes en ruta n\u00b05&lt;\/p&gt;\n\" data-large-file=\"https:\/\/www.hoymercedes.com.ar\/principal\/wp-content\/uploads\/2025\/12\/Puente-Ruta5-1024x757.jpg\" src=\"https:\/\/www.hoymercedes.com.ar\/principal\/wp-content\/uploads\/2025\/12\/Puente-Ruta5-1024x757.jpg\" alt=\"\" class=\"wp-image-189931\" srcset=\"https:\/\/www.hoymercedes.com.ar\/principal\/wp-content\/uploads\/2025\/12\/Puente-Ruta5-1024x757.jpg 1024w, https:\/\/www.hoymercedes.com.ar\/principal\/wp-content\/uploads\/2025\/12\/Puente-Ruta5-630x466.jpg 630w, https:\/\/www.hoymercedes.com.ar\/principal\/wp-content\/uploads\/2025\/12\/Puente-Ruta5-150x111.jpg 150w, https:\/\/www.hoymercedes.com.ar\/principal\/wp-content\/uploads\/2025\/12\/Puente-Ruta5.jpg 1080w\" sizes=\"auto, (max-width: 1024px) 100vw, 1024px\" \/><\/figure>\n\n\n\n<p>Camino a Suipacha habr\u00e1 reducci\u00f3n de la calzada. Quienes durante este martes 2 de diciembre utilicen la Ruta Nacional N\u00b05 en el tramo Suipacha \u2013 Mercedes y viceversa deber\u00e1n tener especial atenci\u00f3n a la altura del km120.<\/p>\n\n\n\n<p>La obra de autopista es parte de un pr\u00e9stamo internacional, por eso el gobierno de Mieli no pudo frenarla, que viene ejecut\u00e1ndose hace algunos a\u00f1os y avanza.<\/p>\n\n\n\n<p>Ahora lleg\u00f3 el momento de colocar un puente peatonal a la altura del Km120, con lo cual estar\u00e1 durante la jornada el tr\u00e1nsito con calzada reducida, ante lo cual se pide la mayor precauci\u00f3n posible.<\/p>\n","protected":false},"excerpt":{"rendered":"<p>Camino a Suipacha habr\u00e1 reducci\u00f3n de la calzada. Quienes durante este martes 2 de diciembre utilicen la Ruta Nacional N\u00b05 &#8230; <a title=\"Calzada reducida este martes en ruta n\u00b05\" class=\"read-more\" href=\"https:\/\/www.hoymercedes.com.ar\/principal\/2025\/12\/01\/calzada-reducida-este-martes-en-ruta-n5\/\" aria-label=\"Leer m\u00e1s sobre Calzada reducida este martes en ruta n\u00b05\">Leer m\u00e1s<\/a><\/p>\n","protected":false},"author":1,"featured_media":189931,"comment_status":"closed","ping_status":"open","sticky":false,"template":"","format":"standard","meta":{"_monsterinsights_skip_tracking":false,"_monsterinsights_sitenote_active":false,"_monsterinsights_sitenote_note":"","_monsterinsights_sitenote_category":0,"jetpack_post_was_ever_published":false,"_jetpack_newsletter_access":"","_jetpack_dont_email_post_to_subs":false,"_jetpack_newsletter_tier_id":0,"_jetpack_memberships_contains_paywalled_content":false,"_jetpack_memberships_contains_paid_content":false,"footnotes":"","jetpack_publicize_message":"","jetpack_publicize_feature_enabled":true,"jetpack_social_post_already_shared":true,"jetpack_social_options":{"image_generator_settings":{"template":"highway","default_image_id":0,"font":"","enabled":false},"version":2},"_wpas_customize_per_network":false},"categories":[8],"tags":[11969,538,559],"class_list":["post-189930","post","type-post","status-publish","format-standard","has-post-thumbnail","hentry","category-sociedad","tag-pavimento","tag-ruta-5","tag-suipacha","generate-columns","tablet-grid-50","mobile-grid-100","grid-parent","grid-50"],"jetpack_publicize_connections":[],"jetpack_featured_media_url":"https:\/\/www.hoymercedes.com.ar\/principal\/wp-content\/uploads\/2025\/12\/Puente-Ruta5.jpg","wps_subtitle":"Autovia","jetpack_sharing_enabled":true,"_links":{"self":[{"href":"https:\/\/www.hoymercedes.com.ar\/principal\/wp-json\/wp\/v2\/posts\/189930","targetHints":{"allow":["GET"]}}],"collection":[{"href":"https:\/\/www.hoymercedes.com.ar\/principal\/wp-json\/wp\/v2\/posts"}],"about":[{"href":"https:\/\/www.hoymercedes.com.ar\/principal\/wp-json\/wp\/v2\/types\/post"}],"author":[{"embeddable":true,"href":"https:\/\/www.hoymercedes.com.ar\/principal\/wp-json\/wp\/v2\/users\/1"}],"replies":[{"embeddable":true,"href":"https:\/\/www.hoymercedes.com.ar\/principal\/wp-json\/wp\/v2\/comments?post=189930"}],"version-history":[{"count":2,"href":"https:\/\/www.hoymercedes.com.ar\/principal\/wp-json\/wp\/v2\/posts\/189930\/revisions"}],"predecessor-version":[{"id":189933,"href":"https:\/\/www.hoymercedes.com.ar\/principal\/wp-json\/wp\/v2\/posts\/189930\/revisions\/189933"}],"wp:featuredmedia":[{"embeddable":true,"href":"https:\/\/www.hoymercedes.com.ar\/principal\/wp-json\/wp\/v2\/media\/189931"}],"wp:attachment":[{"href":"https:\/\/www.hoymercedes.com.ar\/principal\/wp-json\/wp\/v2\/media?parent=189930"}],"wp:term":[{"taxonomy":"category","embeddable":true,"href":"https:\/\/www.hoymercedes.com.ar\/principal\/wp-json\/wp\/v2\/categories?post=189930"},{"taxonomy":"post_tag","embeddable":true,"href":"https:\/\/www.hoymercedes.com.ar\/principal\/wp-json\/wp\/v2\/tags?post=189930"}],"curies":[{"name":"wp","href":"https:\/\/api.w.org\/{rel}","templated":true}]}}