{"id":190156,"date":"2025-12-10T11:46:50","date_gmt":"2025-12-10T14:46:50","guid":{"rendered":"https:\/\/www.hoymercedes.com.ar\/principal\/?p=190156"},"modified":"2025-12-10T11:46:53","modified_gmt":"2025-12-10T14:46:53","slug":"municipio-no-cobrara-estacionamiento-medido-entre-10-de-diciembre-y-6-de-enero","status":"publish","type":"post","link":"https:\/\/www.hoymercedes.com.ar\/principal\/2025\/12\/10\/municipio-no-cobrara-estacionamiento-medido-entre-10-de-diciembre-y-6-de-enero\/","title":{"rendered":"Municipio no cobrar\u00e1 Estacionamiento Medido entre 10 de diciembre y 6 de enero"},"content":{"rendered":"\n<p><\/p>\n\n\n\n<p>La Secretar\u00eda de Seguridad, en v\u00ednculo y di\u00e1logo directo el sector de comerciantes y un trabajo coordinado con otras \u00e1reas de la Comuna inform\u00f3 que se suspende el cobro del Estacionamiento Medido entre el 10 de diciembre y el 6 de enero.<\/p>\n\n\n\n<p>Desde el \u00e1rea conducida por el secretario Mat\u00edas Maresca y el subseretario V\u00edctor Palazzo impulsaron la medida que ya fue rubricada por el intendente Ustarroz.<\/p>\n\n\n\n<p>\u201cHemos logrado un buen entendimiento con las y los comerciantes quienes, ante la dif\u00edcil situaci\u00f3n que se vive juzgan es una medida que los puede ayudar a efectuar ventas, impulsar promociones y trabajar en mayor amplitud\u201d contaron desde el \u00e1rea de Seguridad, de quien depende el departamento de Tr\u00e1nsito y la implementaci\u00f3n del Estacionamiento Medido.<\/p>\n\n\n\n<p>Destacaron tambi\u00e9n que se actu\u00f3 en conjunto con Turismo y Producci\u00f3n, espacios municipales vinculados al foro econ\u00f3mico de la ciudad.<br>Se buscar\u00e1 el periodo de navidad, a\u00f1o nuevo, reyes y las distintas despedidas de a\u00f1o que viven las y los mercedinos cuenten con esta medida para su beneficio.<\/p>\n\n\n\n<p><\/p>\n","protected":false},"excerpt":{"rendered":"<p>La Secretar\u00eda de Seguridad, en v\u00ednculo y di\u00e1logo directo el sector de comerciantes y un trabajo coordinado con otras \u00e1reas &#8230; <a title=\"Municipio no cobrar\u00e1 Estacionamiento Medido entre 10 de diciembre y 6 de enero\" class=\"read-more\" href=\"https:\/\/www.hoymercedes.com.ar\/principal\/2025\/12\/10\/municipio-no-cobrara-estacionamiento-medido-entre-10-de-diciembre-y-6-de-enero\/\" aria-label=\"Leer m\u00e1s sobre Municipio no cobrar\u00e1 Estacionamiento Medido entre 10 de diciembre y 6 de enero\">Leer m\u00e1s<\/a><\/p>\n","protected":false},"author":1,"featured_media":190157,"comment_status":"closed","ping_status":"open","sticky":false,"template":"","format":"standard","meta":{"_monsterinsights_skip_tracking":false,"_monsterinsights_sitenote_active":false,"_monsterinsights_sitenote_note":"","_monsterinsights_sitenote_category":0,"jetpack_post_was_ever_published":false,"_jetpack_newsletter_access":"","_jetpack_dont_email_post_to_subs":false,"_jetpack_newsletter_tier_id":0,"_jetpack_memberships_contains_paywalled_content":false,"_jetpack_memberships_contains_paid_content":false,"footnotes":"","jetpack_publicize_message":"","jetpack_publicize_feature_enabled":true,"jetpack_social_post_already_shared":true,"jetpack_social_options":{"image_generator_settings":{"template":"highway","default_image_id":0,"font":"","enabled":false},"version":2},"_wpas_customize_per_network":false},"categories":[16115],"tags":[5030],"class_list":["post-190156","post","type-post","status-publish","format-standard","has-post-thumbnail","hentry","category-seguridad","tag-estacionamiento-medido","generate-columns","tablet-grid-50","mobile-grid-100","grid-parent","grid-50"],"jetpack_publicize_connections":[],"jetpack_featured_media_url":"https:\/\/www.hoymercedes.com.ar\/principal\/wp-content\/uploads\/2025\/12\/Estacionamiento-Medido-2025.jpg","wps_subtitle":"Seguridad Vial","jetpack_sharing_enabled":true,"_links":{"self":[{"href":"https:\/\/www.hoymercedes.com.ar\/principal\/wp-json\/wp\/v2\/posts\/190156","targetHints":{"allow":["GET"]}}],"collection":[{"href":"https:\/\/www.hoymercedes.com.ar\/principal\/wp-json\/wp\/v2\/posts"}],"about":[{"href":"https:\/\/www.hoymercedes.com.ar\/principal\/wp-json\/wp\/v2\/types\/post"}],"author":[{"embeddable":true,"href":"https:\/\/www.hoymercedes.com.ar\/principal\/wp-json\/wp\/v2\/users\/1"}],"replies":[{"embeddable":true,"href":"https:\/\/www.hoymercedes.com.ar\/principal\/wp-json\/wp\/v2\/comments?post=190156"}],"version-history":[{"count":2,"href":"https:\/\/www.hoymercedes.com.ar\/principal\/wp-json\/wp\/v2\/posts\/190156\/revisions"}],"predecessor-version":[{"id":190159,"href":"https:\/\/www.hoymercedes.com.ar\/principal\/wp-json\/wp\/v2\/posts\/190156\/revisions\/190159"}],"wp:featuredmedia":[{"embeddable":true,"href":"https:\/\/www.hoymercedes.com.ar\/principal\/wp-json\/wp\/v2\/media\/190157"}],"wp:attachment":[{"href":"https:\/\/www.hoymercedes.com.ar\/principal\/wp-json\/wp\/v2\/media?parent=190156"}],"wp:term":[{"taxonomy":"category","embeddable":true,"href":"https:\/\/www.hoymercedes.com.ar\/principal\/wp-json\/wp\/v2\/categories?post=190156"},{"taxonomy":"post_tag","embeddable":true,"href":"https:\/\/www.hoymercedes.com.ar\/principal\/wp-json\/wp\/v2\/tags?post=190156"}],"curies":[{"name":"wp","href":"https:\/\/api.w.org\/{rel}","templated":true}]}}