{"id":190170,"date":"2025-12-11T09:51:23","date_gmt":"2025-12-11T12:51:23","guid":{"rendered":"https:\/\/www.hoymercedes.com.ar\/principal\/?p=190170"},"modified":"2025-12-11T09:56:03","modified_gmt":"2025-12-11T12:56:03","slug":"sigue-zootopia-2-y-la-noche-de-freddy","status":"publish","type":"post","link":"https:\/\/www.hoymercedes.com.ar\/principal\/2025\/12\/11\/sigue-zootopia-2-y-la-noche-de-freddy\/","title":{"rendered":"Sigue Zootopia 2 y la Noche de Freddy"},"content":{"rendered":"\n<p>Desde el viernes 12 de diciembre al martes 16, el Cine Mercedes contin\u00faa con la programaci\u00f3n de la \u00faltima semana. En las funciones de 18:45 hs, sigue Zootopia 2, sumando funci\u00f3n el s\u00e1bado y el domingo a las 16:15. En tanto, en la funci\u00f3n nocturna, 21:15 hs, se mantiene Five Night at  Freddy&#8217;s 2<\/p>\n\n\n<div class=\"wp-block-image\">\n<figure class=\"aligncenter size-large\"><img loading=\"lazy\" decoding=\"async\" width=\"709\" height=\"1024\" data-attachment-id=\"190171\" data-permalink=\"https:\/\/www.hoymercedes.com.ar\/principal\/2025\/12\/11\/sigue-zootopia-2-y-la-noche-de-freddy\/gacetilla-cine-mercedes-37-3\/#main\" data-orig-file=\"https:\/\/www.hoymercedes.com.ar\/principal\/wp-content\/uploads\/2025\/12\/Gacetilla-Cine-Mercedes-37.png\" data-orig-size=\"827,1195\" data-comments-opened=\"0\" data-image-meta=\"{&quot;aperture&quot;:&quot;0&quot;,&quot;credit&quot;:&quot;&quot;,&quot;camera&quot;:&quot;&quot;,&quot;caption&quot;:&quot;&quot;,&quot;created_timestamp&quot;:&quot;0&quot;,&quot;copyright&quot;:&quot;&quot;,&quot;focal_length&quot;:&quot;0&quot;,&quot;iso&quot;:&quot;0&quot;,&quot;shutter_speed&quot;:&quot;0&quot;,&quot;title&quot;:&quot;&quot;,&quot;orientation&quot;:&quot;0&quot;}\" data-image-title=\"Gacetilla Cine Mercedes (37)\" data-image-description=\"\" data-image-caption=\"\" data-large-file=\"https:\/\/www.hoymercedes.com.ar\/principal\/wp-content\/uploads\/2025\/12\/Gacetilla-Cine-Mercedes-37-709x1024.png\" src=\"https:\/\/www.hoymercedes.com.ar\/principal\/wp-content\/uploads\/2025\/12\/Gacetilla-Cine-Mercedes-37-709x1024.png\" alt=\"\" class=\"wp-image-190171\" srcset=\"https:\/\/www.hoymercedes.com.ar\/principal\/wp-content\/uploads\/2025\/12\/Gacetilla-Cine-Mercedes-37-709x1024.png 709w, https:\/\/www.hoymercedes.com.ar\/principal\/wp-content\/uploads\/2025\/12\/Gacetilla-Cine-Mercedes-37-429x620.png 429w, https:\/\/www.hoymercedes.com.ar\/principal\/wp-content\/uploads\/2025\/12\/Gacetilla-Cine-Mercedes-37-104x150.png 104w, https:\/\/www.hoymercedes.com.ar\/principal\/wp-content\/uploads\/2025\/12\/Gacetilla-Cine-Mercedes-37.png 827w\" sizes=\"auto, (max-width: 709px) 100vw, 709px\" \/><\/figure>\n<\/div>\n\n\n<p>Sinopsis \u00abZootopia 2\u00bb. Judy y Nick se encuentran tras la retorcida pista de un misterioso reptil que llega a Zootopia y pone patas arriba la metr\u00f3polis de los mam\u00edferos. Para resolver el caso, Judy y Nick deben ir de inc\u00f3gnito a nuevas partes inesperadas de la ciudad, donde su creciente asociaci\u00f3n se pone a prueba como nunca antes.<\/p>\n\n\n\n<p>Sinopsis \u00abFive Nights at Freddy\u2019s 2\u00bb: Ha transcurrido un a\u00f1o desde la pesadilla sobrenatural en la pizzer\u00eda de Freddy Fazbear. La historia de lo que ocurri\u00f3 all\u00ed ha ido adquiriendo la talla de leyenda local, e incluso ha dado pie al primer \u201cFaszfest\u201d. El exguarda de seguridad Mike y la agente de polic\u00eda Vanessa han ocultado la verdad a Abby, la hermana de 11 a\u00f1os de Mike, acerca del destino de sus amigos animatr\u00f3nicos. Pero cuando Abby decide reconectar con Freddy, Bonnie, Chica y Foxy, desatar\u00e1 una serie de acontecimientos aterradores que revelar\u00e1n oscuros secretos sobre el verdadero origen de Freddy\u2019s, desencadenando un horror que llevaba d\u00e9cadas escondido y olvidado.<\/p>\n","protected":false},"excerpt":{"rendered":"<p>Desde el viernes 12 de diciembre al martes 16, el Cine Mercedes contin\u00faa con la programaci\u00f3n de la \u00faltima semana. &#8230; <a title=\"Sigue Zootopia 2 y la Noche de Freddy\" class=\"read-more\" href=\"https:\/\/www.hoymercedes.com.ar\/principal\/2025\/12\/11\/sigue-zootopia-2-y-la-noche-de-freddy\/\" aria-label=\"Leer m\u00e1s sobre Sigue Zootopia 2 y la Noche de Freddy\">Leer m\u00e1s<\/a><\/p>\n","protected":false},"author":1,"featured_media":189828,"comment_status":"closed","ping_status":"open","sticky":false,"template":"","format":"standard","meta":{"_monsterinsights_skip_tracking":false,"_monsterinsights_sitenote_active":false,"_monsterinsights_sitenote_note":"","_monsterinsights_sitenote_category":0,"jetpack_post_was_ever_published":false,"_jetpack_newsletter_access":"","_jetpack_dont_email_post_to_subs":false,"_jetpack_newsletter_tier_id":0,"_jetpack_memberships_contains_paywalled_content":false,"_jetpack_memberships_contains_paid_content":false,"footnotes":"","jetpack_publicize_message":"","jetpack_publicize_feature_enabled":true,"jetpack_social_post_already_shared":true,"jetpack_social_options":{"image_generator_settings":{"template":"highway","default_image_id":0,"font":"","enabled":false},"version":2},"_wpas_customize_per_network":false},"categories":[8],"tags":[],"class_list":["post-190170","post","type-post","status-publish","format-standard","has-post-thumbnail","hentry","category-sociedad","generate-columns","tablet-grid-50","mobile-grid-100","grid-parent","grid-50"],"jetpack_publicize_connections":[],"jetpack_featured_media_url":"https:\/\/www.hoymercedes.com.ar\/principal\/wp-content\/uploads\/2025\/11\/DISNEY-ZOOTOPIA-2-819x1024-1.jpg","wps_subtitle":"","jetpack_sharing_enabled":true,"_links":{"self":[{"href":"https:\/\/www.hoymercedes.com.ar\/principal\/wp-json\/wp\/v2\/posts\/190170","targetHints":{"allow":["GET"]}}],"collection":[{"href":"https:\/\/www.hoymercedes.com.ar\/principal\/wp-json\/wp\/v2\/posts"}],"about":[{"href":"https:\/\/www.hoymercedes.com.ar\/principal\/wp-json\/wp\/v2\/types\/post"}],"author":[{"embeddable":true,"href":"https:\/\/www.hoymercedes.com.ar\/principal\/wp-json\/wp\/v2\/users\/1"}],"replies":[{"embeddable":true,"href":"https:\/\/www.hoymercedes.com.ar\/principal\/wp-json\/wp\/v2\/comments?post=190170"}],"version-history":[{"count":1,"href":"https:\/\/www.hoymercedes.com.ar\/principal\/wp-json\/wp\/v2\/posts\/190170\/revisions"}],"predecessor-version":[{"id":190172,"href":"https:\/\/www.hoymercedes.com.ar\/principal\/wp-json\/wp\/v2\/posts\/190170\/revisions\/190172"}],"wp:featuredmedia":[{"embeddable":true,"href":"https:\/\/www.hoymercedes.com.ar\/principal\/wp-json\/wp\/v2\/media\/189828"}],"wp:attachment":[{"href":"https:\/\/www.hoymercedes.com.ar\/principal\/wp-json\/wp\/v2\/media?parent=190170"}],"wp:term":[{"taxonomy":"category","embeddable":true,"href":"https:\/\/www.hoymercedes.com.ar\/principal\/wp-json\/wp\/v2\/categories?post=190170"},{"taxonomy":"post_tag","embeddable":true,"href":"https:\/\/www.hoymercedes.com.ar\/principal\/wp-json\/wp\/v2\/tags?post=190170"}],"curies":[{"name":"wp","href":"https:\/\/api.w.org\/{rel}","templated":true}]}}