{"id":190177,"date":"2025-12-11T15:05:57","date_gmt":"2025-12-11T18:05:57","guid":{"rendered":"https:\/\/www.hoymercedes.com.ar\/principal\/?p=190177"},"modified":"2025-12-11T15:05:59","modified_gmt":"2025-12-11T18:05:59","slug":"arranca-la-fiesta-nacional-del-durazno-en-mercedes-tradicion-musica-y-entrada-gratuita","status":"publish","type":"post","link":"https:\/\/www.hoymercedes.com.ar\/principal\/2025\/12\/11\/arranca-la-fiesta-nacional-del-durazno-en-mercedes-tradicion-musica-y-entrada-gratuita\/","title":{"rendered":"Arranca la Fiesta Nacional del Durazno en Mercedes: tradici\u00f3n, m\u00fasica y entrada gratuita"},"content":{"rendered":"\n<figure class=\"wp-block-image size-large is-resized\"><img loading=\"lazy\" decoding=\"async\" width=\"1024\" height=\"682\" data-attachment-id=\"190178\" data-permalink=\"https:\/\/www.hoymercedes.com.ar\/principal\/2025\/12\/11\/arranca-la-fiesta-nacional-del-durazno-en-mercedes-tradicion-musica-y-entrada-gratuita\/dsc05203\/#main\" data-orig-file=\"https:\/\/www.hoymercedes.com.ar\/principal\/wp-content\/uploads\/2025\/12\/DSC05203.jpg\" data-orig-size=\"1319,879\" data-comments-opened=\"0\" data-image-meta=\"{&quot;aperture&quot;:&quot;0&quot;,&quot;credit&quot;:&quot;&quot;,&quot;camera&quot;:&quot;&quot;,&quot;caption&quot;:&quot;&quot;,&quot;created_timestamp&quot;:&quot;0&quot;,&quot;copyright&quot;:&quot;&quot;,&quot;focal_length&quot;:&quot;0&quot;,&quot;iso&quot;:&quot;0&quot;,&quot;shutter_speed&quot;:&quot;0&quot;,&quot;title&quot;:&quot;&quot;,&quot;orientation&quot;:&quot;0&quot;}\" data-image-title=\"DSC05203\" data-image-description=\"\" data-image-caption=\"\" data-large-file=\"https:\/\/www.hoymercedes.com.ar\/principal\/wp-content\/uploads\/2025\/12\/DSC05203-1024x682.jpg\" src=\"https:\/\/www.hoymercedes.com.ar\/principal\/wp-content\/uploads\/2025\/12\/DSC05203-1024x682.jpg\" alt=\"\" class=\"wp-image-190178\" style=\"width:1207px;height:auto\" srcset=\"https:\/\/www.hoymercedes.com.ar\/principal\/wp-content\/uploads\/2025\/12\/DSC05203-1024x682.jpg 1024w, https:\/\/www.hoymercedes.com.ar\/principal\/wp-content\/uploads\/2025\/12\/DSC05203-630x420.jpg 630w, https:\/\/www.hoymercedes.com.ar\/principal\/wp-content\/uploads\/2025\/12\/DSC05203-150x100.jpg 150w, https:\/\/www.hoymercedes.com.ar\/principal\/wp-content\/uploads\/2025\/12\/DSC05203.jpg 1319w\" sizes=\"auto, (max-width: 1024px) 100vw, 1024px\" \/><\/figure>\n\n\n\n<p>Del viernes 12 al domingo 14 de diciembre, el complejo cultural La Trocha ser\u00e1 sede de una nueva edici\u00f3n de esta emblem\u00e1tica celebraci\u00f3n. Habr\u00e1 shows en vivo, concursos de embaladores, talleres de producci\u00f3n y un nuevo aporte al trabajo de las y los mercedinos.<\/p>\n\n\n\n<p>El intendente <strong>Juan Ignacio Ustarroz<\/strong>&nbsp;destac\u00f3 la importancia del evento, se\u00f1alando que \u00abesta fiesta es una defensa de la tradici\u00f3n y es seguir apostando al futuro de una ciudad que se mantiene unida\u00bb. Adem\u00e1s, resalt\u00f3 el trabajo mancomunado detr\u00e1s de la organizaci\u00f3n: \u00abCada fiesta es una oportunidad de mucho trabajo (&#8230;) y una oportunidad para recibir turistas que conozcan nuestra ciudad y se enamoren de su paisaje\u00bb.<\/p>\n\n\n\n<p>El <strong>s\u00e1bado y domingo<\/strong>&nbsp;el escenario arrancar\u00e1 a las 18hs La grilla de espect\u00e1culos ofrecer\u00e1 una amplia variedad de presentaciones durante las jornadas en La Trocha.<\/p>\n\n\n\n<p>El viernes 12 la actividad esc\u00e9nica contar\u00e1 con la representaci\u00f3n teatral de la Fiesta del Durazno a cargo de Nuestra Se\u00f1ora de las Mercedes. El s\u00e1bado 13 se presentar\u00e1n Mercedes es Danza, Naci\u00f3n Wiphala, Gustavo Guzm\u00e1n, Emma Grassi, Cumbia Pika y La Ezze Band, con un cierre a cargo de Los Arizmendi. Por \u00faltimo, el domingo 14 subir\u00e1n al escenario Mercedes es Danza, Claudia Lome\u00f1a, Desde El Alma, La \u00daltima Junta, el Ballet Estrella del Sur y Ra\u00edces Mercedinas, finalizando la fiesta con el show de La Wawa Imperial.<\/p>\n\n\n\n<p>La fiesta cuenta con ingreso libre, p\u00fablico y gratuito.&nbsp;<\/p>\n","protected":false},"excerpt":{"rendered":"<p>Del viernes 12 al domingo 14 de diciembre, el complejo cultural La Trocha ser\u00e1 sede de una nueva edici\u00f3n de &#8230; <a title=\"Arranca la Fiesta Nacional del Durazno en Mercedes: tradici\u00f3n, m\u00fasica y entrada gratuita\" class=\"read-more\" href=\"https:\/\/www.hoymercedes.com.ar\/principal\/2025\/12\/11\/arranca-la-fiesta-nacional-del-durazno-en-mercedes-tradicion-musica-y-entrada-gratuita\/\" aria-label=\"Leer m\u00e1s sobre Arranca la Fiesta Nacional del Durazno en Mercedes: tradici\u00f3n, m\u00fasica y entrada gratuita\">Leer m\u00e1s<\/a><\/p>\n","protected":false},"author":1,"featured_media":190179,"comment_status":"closed","ping_status":"open","sticky":false,"template":"","format":"standard","meta":{"_monsterinsights_skip_tracking":false,"_monsterinsights_sitenote_active":false,"_monsterinsights_sitenote_note":"","_monsterinsights_sitenote_category":0,"jetpack_post_was_ever_published":false,"_jetpack_newsletter_access":"","_jetpack_dont_email_post_to_subs":false,"_jetpack_newsletter_tier_id":0,"_jetpack_memberships_contains_paywalled_content":false,"_jetpack_memberships_contains_paid_content":false,"footnotes":"","jetpack_publicize_message":"","jetpack_publicize_feature_enabled":true,"jetpack_social_post_already_shared":true,"jetpack_social_options":{"image_generator_settings":{"template":"highway","default_image_id":0,"font":"","enabled":false},"version":2},"_wpas_customize_per_network":false},"categories":[8],"tags":[],"class_list":["post-190177","post","type-post","status-publish","format-standard","has-post-thumbnail","hentry","category-sociedad","generate-columns","tablet-grid-50","mobile-grid-100","grid-parent","grid-50"],"jetpack_publicize_connections":[],"jetpack_featured_media_url":"https:\/\/www.hoymercedes.com.ar\/principal\/wp-content\/uploads\/2025\/12\/DSC01562.jpg","wps_subtitle":"Fiestas populares","jetpack_sharing_enabled":true,"_links":{"self":[{"href":"https:\/\/www.hoymercedes.com.ar\/principal\/wp-json\/wp\/v2\/posts\/190177","targetHints":{"allow":["GET"]}}],"collection":[{"href":"https:\/\/www.hoymercedes.com.ar\/principal\/wp-json\/wp\/v2\/posts"}],"about":[{"href":"https:\/\/www.hoymercedes.com.ar\/principal\/wp-json\/wp\/v2\/types\/post"}],"author":[{"embeddable":true,"href":"https:\/\/www.hoymercedes.com.ar\/principal\/wp-json\/wp\/v2\/users\/1"}],"replies":[{"embeddable":true,"href":"https:\/\/www.hoymercedes.com.ar\/principal\/wp-json\/wp\/v2\/comments?post=190177"}],"version-history":[{"count":2,"href":"https:\/\/www.hoymercedes.com.ar\/principal\/wp-json\/wp\/v2\/posts\/190177\/revisions"}],"predecessor-version":[{"id":190181,"href":"https:\/\/www.hoymercedes.com.ar\/principal\/wp-json\/wp\/v2\/posts\/190177\/revisions\/190181"}],"wp:featuredmedia":[{"embeddable":true,"href":"https:\/\/www.hoymercedes.com.ar\/principal\/wp-json\/wp\/v2\/media\/190179"}],"wp:attachment":[{"href":"https:\/\/www.hoymercedes.com.ar\/principal\/wp-json\/wp\/v2\/media?parent=190177"}],"wp:term":[{"taxonomy":"category","embeddable":true,"href":"https:\/\/www.hoymercedes.com.ar\/principal\/wp-json\/wp\/v2\/categories?post=190177"},{"taxonomy":"post_tag","embeddable":true,"href":"https:\/\/www.hoymercedes.com.ar\/principal\/wp-json\/wp\/v2\/tags?post=190177"}],"curies":[{"name":"wp","href":"https:\/\/api.w.org\/{rel}","templated":true}]}}