{"id":190292,"date":"2025-12-17T18:14:03","date_gmt":"2025-12-17T21:14:03","guid":{"rendered":"https:\/\/www.hoymercedes.com.ar\/principal\/?p=190292"},"modified":"2025-12-17T18:14:06","modified_gmt":"2025-12-17T21:14:06","slug":"la-cgt-regional-mercedes-se-moviliza-a-plaza-de-mayo-contra-la-reforma-laboral","status":"publish","type":"post","link":"https:\/\/www.hoymercedes.com.ar\/principal\/2025\/12\/17\/la-cgt-regional-mercedes-se-moviliza-a-plaza-de-mayo-contra-la-reforma-laboral\/","title":{"rendered":"La CGT Regional Mercedes se moviliza a Plaza de Mayo contra la reforma laboral"},"content":{"rendered":"\n<p><\/p>\n\n\n\n<p>La central obrera local se suma a la convocatoria nacional para este 18 de diciembre en rechazo a las medidas impulsadas por el Gobierno nacional.<\/p>\n\n\n\n<p>A trav\u00e9s de un comunicado oficial emitido este 15 de diciembre, la CGT Regional Mercedes\/Navarro\/S.A. de Giles ratific\u00f3 su adhesi\u00f3n a la jornada de protesta nacional:<\/p>\n\n\n\n<p>\u00abDesde la CGT Regional Mercedes\/Navarro\/S.A. de Giles, tras lo resuelto de manera un\u00e1nime por el consejo directivo de la CGT RA, este 18 de diciembre marchamos a Plaza de Mayo (Capital), contra la reforma laboral que impulsa el gobierno de Javier Milei.<\/p>\n\n\n\n<p>Asimismo, sostenemos la importancia de que nuestro reclamo tiene que llegar a cada legislador, senador, gobernador, para que queden expl\u00edcitos los motivos de por qu\u00e9 esta Ley no puede avanzar.<\/p>\n\n\n\n<p>Con la misma fuerza acompa\u00f1aremos cada acci\u00f3n, pol\u00edtica, judicial y\/o territorial, contra esta nefasta reforma que no cuenta con art\u00edculo alguno que sea favorable a las y los trabajadores\u00bb, concluye el documento firmado por la regional.<\/p>\n","protected":false},"excerpt":{"rendered":"<p>La central obrera local se suma a la convocatoria nacional para este 18 de diciembre en rechazo a las medidas &#8230; <a title=\"La CGT Regional Mercedes se moviliza a Plaza de Mayo contra la reforma laboral\" class=\"read-more\" href=\"https:\/\/www.hoymercedes.com.ar\/principal\/2025\/12\/17\/la-cgt-regional-mercedes-se-moviliza-a-plaza-de-mayo-contra-la-reforma-laboral\/\" aria-label=\"Leer m\u00e1s sobre La CGT Regional Mercedes se moviliza a Plaza de Mayo contra la reforma laboral\">Leer m\u00e1s<\/a><\/p>\n","protected":false},"author":1,"featured_media":185863,"comment_status":"closed","ping_status":"open","sticky":false,"template":"","format":"standard","meta":{"_monsterinsights_skip_tracking":false,"_monsterinsights_sitenote_active":false,"_monsterinsights_sitenote_note":"","_monsterinsights_sitenote_category":0,"jetpack_post_was_ever_published":false,"_jetpack_newsletter_access":"","_jetpack_dont_email_post_to_subs":false,"_jetpack_newsletter_tier_id":0,"_jetpack_memberships_contains_paywalled_content":false,"_jetpack_memberships_contains_paid_content":false,"footnotes":"","jetpack_publicize_message":"","jetpack_publicize_feature_enabled":true,"jetpack_social_post_already_shared":true,"jetpack_social_options":{"image_generator_settings":{"template":"highway","default_image_id":0,"font":"","enabled":false},"version":2},"_wpas_customize_per_network":false},"categories":[8],"tags":[18954],"class_list":["post-190292","post","type-post","status-publish","format-standard","has-post-thumbnail","hentry","category-sociedad","tag-cgt-mercedes","generate-columns","tablet-grid-50","mobile-grid-100","grid-parent","grid-50"],"jetpack_publicize_connections":[],"jetpack_featured_media_url":"https:\/\/www.hoymercedes.com.ar\/principal\/wp-content\/uploads\/2025\/07\/CGT-FOTO-PRENSA-1.jpeg","wps_subtitle":"","jetpack_sharing_enabled":true,"_links":{"self":[{"href":"https:\/\/www.hoymercedes.com.ar\/principal\/wp-json\/wp\/v2\/posts\/190292","targetHints":{"allow":["GET"]}}],"collection":[{"href":"https:\/\/www.hoymercedes.com.ar\/principal\/wp-json\/wp\/v2\/posts"}],"about":[{"href":"https:\/\/www.hoymercedes.com.ar\/principal\/wp-json\/wp\/v2\/types\/post"}],"author":[{"embeddable":true,"href":"https:\/\/www.hoymercedes.com.ar\/principal\/wp-json\/wp\/v2\/users\/1"}],"replies":[{"embeddable":true,"href":"https:\/\/www.hoymercedes.com.ar\/principal\/wp-json\/wp\/v2\/comments?post=190292"}],"version-history":[{"count":1,"href":"https:\/\/www.hoymercedes.com.ar\/principal\/wp-json\/wp\/v2\/posts\/190292\/revisions"}],"predecessor-version":[{"id":190293,"href":"https:\/\/www.hoymercedes.com.ar\/principal\/wp-json\/wp\/v2\/posts\/190292\/revisions\/190293"}],"wp:featuredmedia":[{"embeddable":true,"href":"https:\/\/www.hoymercedes.com.ar\/principal\/wp-json\/wp\/v2\/media\/185863"}],"wp:attachment":[{"href":"https:\/\/www.hoymercedes.com.ar\/principal\/wp-json\/wp\/v2\/media?parent=190292"}],"wp:term":[{"taxonomy":"category","embeddable":true,"href":"https:\/\/www.hoymercedes.com.ar\/principal\/wp-json\/wp\/v2\/categories?post=190292"},{"taxonomy":"post_tag","embeddable":true,"href":"https:\/\/www.hoymercedes.com.ar\/principal\/wp-json\/wp\/v2\/tags?post=190292"}],"curies":[{"name":"wp","href":"https:\/\/api.w.org\/{rel}","templated":true}]}}