{"id":190310,"date":"2025-12-18T15:45:00","date_gmt":"2025-12-18T18:45:00","guid":{"rendered":"https:\/\/www.hoymercedes.com.ar\/principal\/?p=190310"},"modified":"2025-12-18T14:20:11","modified_gmt":"2025-12-18T17:20:11","slug":"nuevas-juras-en-el-colegio-de-abogados","status":"publish","type":"post","link":"https:\/\/www.hoymercedes.com.ar\/principal\/2025\/12\/18\/nuevas-juras-en-el-colegio-de-abogados\/","title":{"rendered":"Nuevas juras en el Colegio de Abogados"},"content":{"rendered":"\n<p><strong><em>El Colegio de Abogados del Departamento Judicial de Mercedes llev\u00f3 adelante dos ceremonias de jura en las que se incorporaron nuevos profesionales a la matr\u00edcula, ambas encabezadas por el Dr. Hern\u00e1n Alberto Salaverri, presidente de la instituci\u00f3n.<\/em><\/strong><\/p>\n\n\n<div class=\"wp-block-image\">\n<figure class=\"aligncenter size-full\"><img loading=\"lazy\" decoding=\"async\" width=\"800\" height=\"533\" data-attachment-id=\"190312\" data-permalink=\"https:\/\/www.hoymercedes.com.ar\/principal\/2025\/12\/18\/nuevas-juras-en-el-colegio-de-abogados\/20251215_131807-edit\/#main\" data-orig-file=\"https:\/\/www.hoymercedes.com.ar\/principal\/wp-content\/uploads\/2025\/12\/20251215_131807-EDIT.jpg\" data-orig-size=\"800,533\" data-comments-opened=\"0\" data-image-meta=\"{&quot;aperture&quot;:&quot;0&quot;,&quot;credit&quot;:&quot;&quot;,&quot;camera&quot;:&quot;&quot;,&quot;caption&quot;:&quot;&quot;,&quot;created_timestamp&quot;:&quot;1765804687&quot;,&quot;copyright&quot;:&quot;&quot;,&quot;focal_length&quot;:&quot;0&quot;,&quot;iso&quot;:&quot;0&quot;,&quot;shutter_speed&quot;:&quot;0&quot;,&quot;title&quot;:&quot;&quot;,&quot;orientation&quot;:&quot;1&quot;}\" data-image-title=\"20251215_131807-EDIT\" data-image-description=\"\" data-image-caption=\"\" data-large-file=\"https:\/\/www.hoymercedes.com.ar\/principal\/wp-content\/uploads\/2025\/12\/20251215_131807-EDIT.jpg\" src=\"https:\/\/www.hoymercedes.com.ar\/principal\/wp-content\/uploads\/2025\/12\/20251215_131807-EDIT.jpg\" alt=\"\" class=\"wp-image-190312\" srcset=\"https:\/\/www.hoymercedes.com.ar\/principal\/wp-content\/uploads\/2025\/12\/20251215_131807-EDIT.jpg 800w, https:\/\/www.hoymercedes.com.ar\/principal\/wp-content\/uploads\/2025\/12\/20251215_131807-EDIT-630x420.jpg 630w, https:\/\/www.hoymercedes.com.ar\/principal\/wp-content\/uploads\/2025\/12\/20251215_131807-EDIT-150x100.jpg 150w\" sizes=\"auto, (max-width: 800px) 100vw, 800px\" \/><\/figure>\n<\/div>\n\n\n<p>La primera de las ceremonias se realiz\u00f3 el lunes 15 de diciembre de 2025, en el Segundo Piso del Colegio, donde prest\u00f3 juramento la Dra. Roc\u00edo Analuz Torres, en car\u00e1cter de matriculada incompatible. El acto cont\u00f3 con la presencia de familiares y allegados, quienes acompa\u00f1aron a la nueva profesional en este importante momento de su trayectoria.<\/p>\n\n\n\n<p>Posteriormente, el mi\u00e9rcoles 17 de diciembre de 2025, en el Sal\u00f3n de Actos \u201cDr. Arturo Acu\u00f1a Anzorena\u201d, se llev\u00f3 a cabo una nueva jura en la que se incorporaron los doctores y doctoras Zarina Hormachea, Soledad Roc\u00edo Monteamore, Valent\u00edn Andr\u00e9s Scuticchio Orlandini y Victoria Esteban. Los flamantes matriculados firmaron el libro correspondiente y recibieron sus diplomas, formalizando as\u00ed su ingreso al Colegio departamental.<\/p>\n\n\n<div class=\"wp-block-image\">\n<figure class=\"aligncenter size-full\"><img loading=\"lazy\" decoding=\"async\" width=\"800\" height=\"472\" data-attachment-id=\"190311\" data-permalink=\"https:\/\/www.hoymercedes.com.ar\/principal\/2025\/12\/18\/nuevas-juras-en-el-colegio-de-abogados\/20251217_132735\/#main\" data-orig-file=\"https:\/\/www.hoymercedes.com.ar\/principal\/wp-content\/uploads\/2025\/12\/20251217_132735.jpg\" data-orig-size=\"800,472\" data-comments-opened=\"0\" data-image-meta=\"{&quot;aperture&quot;:&quot;0&quot;,&quot;credit&quot;:&quot;&quot;,&quot;camera&quot;:&quot;&quot;,&quot;caption&quot;:&quot;&quot;,&quot;created_timestamp&quot;:&quot;1765978055&quot;,&quot;copyright&quot;:&quot;&quot;,&quot;focal_length&quot;:&quot;0&quot;,&quot;iso&quot;:&quot;0&quot;,&quot;shutter_speed&quot;:&quot;0&quot;,&quot;title&quot;:&quot;&quot;,&quot;orientation&quot;:&quot;1&quot;}\" data-image-title=\"20251217_132735\" data-image-description=\"\" data-image-caption=\"\" data-large-file=\"https:\/\/www.hoymercedes.com.ar\/principal\/wp-content\/uploads\/2025\/12\/20251217_132735.jpg\" src=\"https:\/\/www.hoymercedes.com.ar\/principal\/wp-content\/uploads\/2025\/12\/20251217_132735.jpg\" alt=\"\" class=\"wp-image-190311\" srcset=\"https:\/\/www.hoymercedes.com.ar\/principal\/wp-content\/uploads\/2025\/12\/20251217_132735.jpg 800w, https:\/\/www.hoymercedes.com.ar\/principal\/wp-content\/uploads\/2025\/12\/20251217_132735-630x372.jpg 630w, https:\/\/www.hoymercedes.com.ar\/principal\/wp-content\/uploads\/2025\/12\/20251217_132735-150x89.jpg 150w\" sizes=\"auto, (max-width: 800px) 100vw, 800px\" \/><\/figure>\n<\/div>\n\n\n<p>En ambas ocasiones, el Dr. Salaverri brind\u00f3 palabras de bienvenida, destacando la importancia de la incorporaci\u00f3n de nuevos profesionales a la jurisdicci\u00f3n y el compromiso que ello implica con el ejercicio de la abogac\u00eda y con la comunidad.<\/p>\n\n\n\n<p>Desde el Colegio de Abogados del Departamento Judicial de Mercedes se felicit\u00f3 a todos los nuevos matriculados, augur\u00e1ndoles un camino de crecimiento, responsabilidad y desarrollo profesional.<\/p>\n","protected":false},"excerpt":{"rendered":"<p>El Colegio de Abogados del Departamento Judicial de Mercedes llev\u00f3 adelante dos ceremonias de jura en las que se incorporaron &#8230; <a title=\"Nuevas juras en el Colegio de Abogados\" class=\"read-more\" href=\"https:\/\/www.hoymercedes.com.ar\/principal\/2025\/12\/18\/nuevas-juras-en-el-colegio-de-abogados\/\" aria-label=\"Leer m\u00e1s sobre Nuevas juras en el Colegio de Abogados\">Leer m\u00e1s<\/a><\/p>\n","protected":false},"author":1,"featured_media":190311,"comment_status":"closed","ping_status":"open","sticky":false,"template":"","format":"standard","meta":{"_monsterinsights_skip_tracking":false,"_monsterinsights_sitenote_active":false,"_monsterinsights_sitenote_note":"","_monsterinsights_sitenote_category":0,"jetpack_post_was_ever_published":false,"_jetpack_newsletter_access":"","_jetpack_dont_email_post_to_subs":false,"_jetpack_newsletter_tier_id":0,"_jetpack_memberships_contains_paywalled_content":false,"_jetpack_memberships_contains_paid_content":false,"footnotes":"","jetpack_publicize_message":"","jetpack_publicize_feature_enabled":true,"jetpack_social_post_already_shared":true,"jetpack_social_options":{"image_generator_settings":{"template":"highway","default_image_id":0,"font":"","enabled":false},"version":2},"_wpas_customize_per_network":false},"categories":[8],"tags":[],"class_list":["post-190310","post","type-post","status-publish","format-standard","has-post-thumbnail","hentry","category-sociedad","generate-columns","tablet-grid-50","mobile-grid-100","grid-parent","grid-50"],"jetpack_publicize_connections":[],"jetpack_featured_media_url":"https:\/\/www.hoymercedes.com.ar\/principal\/wp-content\/uploads\/2025\/12\/20251217_132735.jpg","wps_subtitle":"","jetpack_sharing_enabled":true,"_links":{"self":[{"href":"https:\/\/www.hoymercedes.com.ar\/principal\/wp-json\/wp\/v2\/posts\/190310","targetHints":{"allow":["GET"]}}],"collection":[{"href":"https:\/\/www.hoymercedes.com.ar\/principal\/wp-json\/wp\/v2\/posts"}],"about":[{"href":"https:\/\/www.hoymercedes.com.ar\/principal\/wp-json\/wp\/v2\/types\/post"}],"author":[{"embeddable":true,"href":"https:\/\/www.hoymercedes.com.ar\/principal\/wp-json\/wp\/v2\/users\/1"}],"replies":[{"embeddable":true,"href":"https:\/\/www.hoymercedes.com.ar\/principal\/wp-json\/wp\/v2\/comments?post=190310"}],"version-history":[{"count":1,"href":"https:\/\/www.hoymercedes.com.ar\/principal\/wp-json\/wp\/v2\/posts\/190310\/revisions"}],"predecessor-version":[{"id":190313,"href":"https:\/\/www.hoymercedes.com.ar\/principal\/wp-json\/wp\/v2\/posts\/190310\/revisions\/190313"}],"wp:featuredmedia":[{"embeddable":true,"href":"https:\/\/www.hoymercedes.com.ar\/principal\/wp-json\/wp\/v2\/media\/190311"}],"wp:attachment":[{"href":"https:\/\/www.hoymercedes.com.ar\/principal\/wp-json\/wp\/v2\/media?parent=190310"}],"wp:term":[{"taxonomy":"category","embeddable":true,"href":"https:\/\/www.hoymercedes.com.ar\/principal\/wp-json\/wp\/v2\/categories?post=190310"},{"taxonomy":"post_tag","embeddable":true,"href":"https:\/\/www.hoymercedes.com.ar\/principal\/wp-json\/wp\/v2\/tags?post=190310"}],"curies":[{"name":"wp","href":"https:\/\/api.w.org\/{rel}","templated":true}]}}