{"id":190339,"date":"2025-12-19T19:39:18","date_gmt":"2025-12-19T22:39:18","guid":{"rendered":"https:\/\/www.hoymercedes.com.ar\/principal\/?p=190339"},"modified":"2025-12-19T19:39:20","modified_gmt":"2025-12-19T22:39:20","slug":"asume-su-segundo-mandato-en-unlu-el-mercedino-panessi","status":"publish","type":"post","link":"https:\/\/www.hoymercedes.com.ar\/principal\/2025\/12\/19\/asume-su-segundo-mandato-en-unlu-el-mercedino-panessi\/","title":{"rendered":"Asume su segundo mandato en UNLu el mercedino Panessi"},"content":{"rendered":"\n<p>El mercedino recientemente reelecto tras una gran segunda vuelta en las elecciones de la UNLu asumir\u00e1 este 20 de diciembre su segundo mandato. Ese d\u00eda es el aniversario de la creaci\u00f3n de la Casa de Altos Estudios.<\/p>\n\n\n\n<p>ste pr\u00f3ximo s\u00e1bado 20 de diciembre desde las 10 horas se realizar\u00e1n los actos correspondientes a la asunci\u00f3n de autoridades electas de la Universidad Nacional de Luj\u00e1n, en consonancia con la conmemoraci\u00f3n de la Creaci\u00f3n de la Casa de Estudios.<br><br>La asunci\u00f3n ser\u00e1 un acto formal que constar\u00e1 de tres instancias: en primer lugar desde las 10 ante Escribano P\u00fablico se registrar\u00e1n las firmas correspondientes de las nuevas autoridades, en las dependencias del Consejo Superior; luego a las 11 se realizar\u00e1 la tradicional Toma de Juramentos en el Sal\u00f3n Auditorio \u201cDardo Sebasti\u00e1n Dorronzoro\u201d de la Sede Central y en el aula 801; y por \u00faltimo para finalizar se realizar\u00e1 un \u201cVino de Honor\u201d sobre la calle principal de acceso, para toda la comunidad presente.<br><br>En esta Ceremonia asumir\u00e1n las autoridades que resultaron electas en los comicios realizados el 12 de noviembre y en la segunda vuelta electoral del pasado 10 de diciembre, y que ocupar\u00e1n los cargos en el per\u00edodo 2025-2029: el rector Walter Panessi (reelecto para un segundo mandato), el vicerrector Miguel N\u00fa\u00f1ez, y las y los directores decanos de los Departamentos Acad\u00e9micos, Gabriel Larretape \u2013 Fabiana Carlis (Ciencias Sociales), Javier Di Matteo \u2013 Ana Gonz\u00e1lez (Educaci\u00f3n), Marina Santadino \u2013 Diego Marchini (Tecnolog\u00eda) y Carlos Javier Di Salvo \u2013 Ariel Real (Ciencias B\u00e1sicas).<br><br>Desde el Rectorado de la UNLu, a trav\u00e9s de la Direcci\u00f3n de Gesti\u00f3n y del Departamento de Ceremonial y Protocolo, invitan a toda la comunidad a participar del evento, en el que estar\u00e1n presentes integrantes de todos los claustros, junto a familiares y allegados.<\/p>\n","protected":false},"excerpt":{"rendered":"<p>El mercedino recientemente reelecto tras una gran segunda vuelta en las elecciones de la UNLu asumir\u00e1 este 20 de diciembre &#8230; <a title=\"Asume su segundo mandato en UNLu el mercedino Panessi\" class=\"read-more\" href=\"https:\/\/www.hoymercedes.com.ar\/principal\/2025\/12\/19\/asume-su-segundo-mandato-en-unlu-el-mercedino-panessi\/\" aria-label=\"Leer m\u00e1s sobre Asume su segundo mandato en UNLu el mercedino Panessi\">Leer m\u00e1s<\/a><\/p>\n","protected":false},"author":1,"featured_media":190148,"comment_status":"closed","ping_status":"open","sticky":false,"template":"","format":"standard","meta":{"_monsterinsights_skip_tracking":false,"_monsterinsights_sitenote_active":false,"_monsterinsights_sitenote_note":"","_monsterinsights_sitenote_category":0,"jetpack_post_was_ever_published":false,"_jetpack_newsletter_access":"","_jetpack_dont_email_post_to_subs":false,"_jetpack_newsletter_tier_id":0,"_jetpack_memberships_contains_paywalled_content":false,"_jetpack_memberships_contains_paid_content":false,"footnotes":"","jetpack_publicize_message":"","jetpack_publicize_feature_enabled":true,"jetpack_social_post_already_shared":true,"jetpack_social_options":{"image_generator_settings":{"template":"highway","default_image_id":0,"font":"","enabled":false},"version":2},"_wpas_customize_per_network":false},"categories":[23],"tags":[20890,18580],"class_list":["post-190339","post","type-post","status-publish","format-standard","has-post-thumbnail","hentry","category-educacion","tag-rector-unlu","tag-walter-panessi","generate-columns","tablet-grid-50","mobile-grid-100","grid-parent","grid-50"],"jetpack_publicize_connections":[],"jetpack_featured_media_url":"https:\/\/www.hoymercedes.com.ar\/principal\/wp-content\/uploads\/2025\/12\/Walter-Panessi-UNLu.jpg","wps_subtitle":"Instituciones","jetpack_sharing_enabled":true,"_links":{"self":[{"href":"https:\/\/www.hoymercedes.com.ar\/principal\/wp-json\/wp\/v2\/posts\/190339","targetHints":{"allow":["GET"]}}],"collection":[{"href":"https:\/\/www.hoymercedes.com.ar\/principal\/wp-json\/wp\/v2\/posts"}],"about":[{"href":"https:\/\/www.hoymercedes.com.ar\/principal\/wp-json\/wp\/v2\/types\/post"}],"author":[{"embeddable":true,"href":"https:\/\/www.hoymercedes.com.ar\/principal\/wp-json\/wp\/v2\/users\/1"}],"replies":[{"embeddable":true,"href":"https:\/\/www.hoymercedes.com.ar\/principal\/wp-json\/wp\/v2\/comments?post=190339"}],"version-history":[{"count":2,"href":"https:\/\/www.hoymercedes.com.ar\/principal\/wp-json\/wp\/v2\/posts\/190339\/revisions"}],"predecessor-version":[{"id":190341,"href":"https:\/\/www.hoymercedes.com.ar\/principal\/wp-json\/wp\/v2\/posts\/190339\/revisions\/190341"}],"wp:featuredmedia":[{"embeddable":true,"href":"https:\/\/www.hoymercedes.com.ar\/principal\/wp-json\/wp\/v2\/media\/190148"}],"wp:attachment":[{"href":"https:\/\/www.hoymercedes.com.ar\/principal\/wp-json\/wp\/v2\/media?parent=190339"}],"wp:term":[{"taxonomy":"category","embeddable":true,"href":"https:\/\/www.hoymercedes.com.ar\/principal\/wp-json\/wp\/v2\/categories?post=190339"},{"taxonomy":"post_tag","embeddable":true,"href":"https:\/\/www.hoymercedes.com.ar\/principal\/wp-json\/wp\/v2\/tags?post=190339"}],"curies":[{"name":"wp","href":"https:\/\/api.w.org\/{rel}","templated":true}]}}