{"id":190356,"date":"2025-12-20T21:41:59","date_gmt":"2025-12-21T00:41:59","guid":{"rendered":"https:\/\/www.hoymercedes.com.ar\/principal\/?p=190356"},"modified":"2025-12-20T21:42:01","modified_gmt":"2025-12-21T00:42:01","slug":"cgt-mercedes-participo-de-la-masiva-movilizacion-contra-la-reforma-laboral-de-milei","status":"publish","type":"post","link":"https:\/\/www.hoymercedes.com.ar\/principal\/2025\/12\/20\/cgt-mercedes-participo-de-la-masiva-movilizacion-contra-la-reforma-laboral-de-milei\/","title":{"rendered":"CGT Mercedes particip\u00f3 de la masiva movilizaci\u00f3n contra la reforma laboral de Milei"},"content":{"rendered":"\n<figure class=\"wp-block-image size-large is-resized\"><img loading=\"lazy\" decoding=\"async\" width=\"1024\" height=\"768\" data-attachment-id=\"190358\" data-permalink=\"https:\/\/www.hoymercedes.com.ar\/principal\/2025\/12\/20\/cgt-mercedes-participo-de-la-masiva-movilizacion-contra-la-reforma-laboral-de-milei\/cgt-mercedes-se-movilizo-a-plaza-de-mayo-2\/#main\" data-orig-file=\"https:\/\/www.hoymercedes.com.ar\/principal\/wp-content\/uploads\/2025\/12\/CGT-Mercedes-se-movilizo-a-Plaza-de-Mayo-1.jpeg\" data-orig-size=\"1280,960\" data-comments-opened=\"0\" data-image-meta=\"{&quot;aperture&quot;:&quot;0&quot;,&quot;credit&quot;:&quot;&quot;,&quot;camera&quot;:&quot;&quot;,&quot;caption&quot;:&quot;&quot;,&quot;created_timestamp&quot;:&quot;0&quot;,&quot;copyright&quot;:&quot;&quot;,&quot;focal_length&quot;:&quot;0&quot;,&quot;iso&quot;:&quot;0&quot;,&quot;shutter_speed&quot;:&quot;0&quot;,&quot;title&quot;:&quot;&quot;,&quot;orientation&quot;:&quot;0&quot;}\" data-image-title=\"CGT Mercedes se moviliz\u00f3 a Plaza de Mayo\" data-image-description=\"&lt;p&gt;CGT Mercedes particip\u00f3 de la masiva movilizaci\u00f3n contra la reforma laboral de Milei&lt;\/p&gt;\n\" data-image-caption=\"&lt;p&gt;CGT Mercedes particip\u00f3 de la masiva movilizaci\u00f3n contra la reforma laboral de Milei&lt;\/p&gt;\n\" data-large-file=\"https:\/\/www.hoymercedes.com.ar\/principal\/wp-content\/uploads\/2025\/12\/CGT-Mercedes-se-movilizo-a-Plaza-de-Mayo-1-1024x768.jpeg\" src=\"https:\/\/www.hoymercedes.com.ar\/principal\/wp-content\/uploads\/2025\/12\/CGT-Mercedes-se-movilizo-a-Plaza-de-Mayo-1-1024x768.jpeg\" alt=\"\" class=\"wp-image-190358\" style=\"width:1202px;height:auto\" srcset=\"https:\/\/www.hoymercedes.com.ar\/principal\/wp-content\/uploads\/2025\/12\/CGT-Mercedes-se-movilizo-a-Plaza-de-Mayo-1-1024x768.jpeg 1024w, https:\/\/www.hoymercedes.com.ar\/principal\/wp-content\/uploads\/2025\/12\/CGT-Mercedes-se-movilizo-a-Plaza-de-Mayo-1-630x473.jpeg 630w, https:\/\/www.hoymercedes.com.ar\/principal\/wp-content\/uploads\/2025\/12\/CGT-Mercedes-se-movilizo-a-Plaza-de-Mayo-1-150x113.jpeg 150w, https:\/\/www.hoymercedes.com.ar\/principal\/wp-content\/uploads\/2025\/12\/CGT-Mercedes-se-movilizo-a-Plaza-de-Mayo-1.jpeg 1280w\" sizes=\"auto, (max-width: 1024px) 100vw, 1024px\" \/><\/figure>\n\n\n\n<p>En un reclamo que se concret\u00f3 masivamente en la Plaza de Mayo, las y los representantes de la CGT Mercedes participaron de la movilizaci\u00f3n en contra de la reforma laboral del Gobierno Nacional.<\/p>\n\n\n\n<p>La protesta tambi\u00e9n fue apoyada en todo el pa\u00eds por el movimiento obrero y organizaciones. Donde, adem\u00e1s de los gremios, participaron los trabajadores y trabajadoras de la Ciencia, la Educaci\u00f3n y la Salud.<\/p>\n\n\n\n<p>El Delegado Regional de la CGT Mercedes\/Navarro\/S.A. de Giles, Juan Mart\u00edn Andr\u00e9s, indic\u00f3 al respecto que \u201cesta reforma laboral es una condena a todos los trabajadores. En un contexto grav\u00edsimo que empeor\u00f3 desde que asumi\u00f3 Milei, donde los salarios est\u00e1n cada vez m\u00e1s bajos, cierran f\u00e1bricas, &nbsp;y hay una fuerte ca\u00edda del empleo\u201d, &nbsp;y enfatiz\u00f3 que \u201ceste proyecto no crea trabajo, sino que promueve desempleo\u201d.<\/p>\n\n\n\n<p>En cuanto a la marcha, Andr\u00e9s sostuvo que \u201cfue una movilizaci\u00f3n contundente de trabajadores organizados que quieren hacer escuchar su vos, en rechazo de un proyecto de esclavitud y a favor de los derechos conquistados\u201d, y agreg\u00f3: \u201cEstamos de pie y vamos a continuar luchando contra un gobierno que busca barrer cada uno de los derechos de los trabajadores\u201d.<\/p>\n\n\n\n<p><strong>Plan de lucha:<\/strong><\/p>\n\n\n\n<p>El cosecretario general de la CGT Jorge Sol\u00e1 sostuvo en cuanto a las pr\u00f3ximas acciones: \u00abEste es el primer paso de un plan de lucha, sigan sin escucharnos, sigan los que est\u00e1n a nuestra espalda sin escucharnos, y se encontrar\u00e1n con la profundizaci\u00f3n de este plan de lucha\u00bb.<\/p>\n\n\n\n<p>Asimismo, el cosecretario general Octavio Arguello, advirti\u00f3 que si no hay respuestas el reclamo de la CGT avanzar\u00e1 con un plan de lucha que culminar\u00e1 en un paro nacional.<\/p>\n","protected":false},"excerpt":{"rendered":"<p>En un reclamo que se concret\u00f3 masivamente en la Plaza de Mayo, las y los representantes de la CGT Mercedes &#8230; <a title=\"CGT Mercedes particip\u00f3 de la masiva movilizaci\u00f3n contra la reforma laboral de Milei\" class=\"read-more\" href=\"https:\/\/www.hoymercedes.com.ar\/principal\/2025\/12\/20\/cgt-mercedes-participo-de-la-masiva-movilizacion-contra-la-reforma-laboral-de-milei\/\" aria-label=\"Leer m\u00e1s sobre CGT Mercedes particip\u00f3 de la masiva movilizaci\u00f3n contra la reforma laboral de Milei\">Leer m\u00e1s<\/a><\/p>\n","protected":false},"author":1,"featured_media":190358,"comment_status":"closed","ping_status":"open","sticky":false,"template":"","format":"standard","meta":{"_monsterinsights_skip_tracking":false,"_monsterinsights_sitenote_active":false,"_monsterinsights_sitenote_note":"","_monsterinsights_sitenote_category":0,"jetpack_post_was_ever_published":false,"_jetpack_newsletter_access":"","_jetpack_dont_email_post_to_subs":false,"_jetpack_newsletter_tier_id":0,"_jetpack_memberships_contains_paywalled_content":false,"_jetpack_memberships_contains_paid_content":false,"footnotes":"","jetpack_publicize_message":"","jetpack_publicize_feature_enabled":true,"jetpack_social_post_already_shared":true,"jetpack_social_options":{"image_generator_settings":{"template":"highway","default_image_id":0,"font":"","enabled":false},"version":2},"_wpas_customize_per_network":false},"categories":[8],"tags":[18954],"class_list":["post-190356","post","type-post","status-publish","format-standard","has-post-thumbnail","hentry","category-sociedad","tag-cgt-mercedes","generate-columns","tablet-grid-50","mobile-grid-100","grid-parent","grid-50"],"jetpack_publicize_connections":[],"jetpack_featured_media_url":"https:\/\/www.hoymercedes.com.ar\/principal\/wp-content\/uploads\/2025\/12\/CGT-Mercedes-se-movilizo-a-Plaza-de-Mayo-1.jpeg","wps_subtitle":"Lucha","jetpack_sharing_enabled":true,"_links":{"self":[{"href":"https:\/\/www.hoymercedes.com.ar\/principal\/wp-json\/wp\/v2\/posts\/190356","targetHints":{"allow":["GET"]}}],"collection":[{"href":"https:\/\/www.hoymercedes.com.ar\/principal\/wp-json\/wp\/v2\/posts"}],"about":[{"href":"https:\/\/www.hoymercedes.com.ar\/principal\/wp-json\/wp\/v2\/types\/post"}],"author":[{"embeddable":true,"href":"https:\/\/www.hoymercedes.com.ar\/principal\/wp-json\/wp\/v2\/users\/1"}],"replies":[{"embeddable":true,"href":"https:\/\/www.hoymercedes.com.ar\/principal\/wp-json\/wp\/v2\/comments?post=190356"}],"version-history":[{"count":2,"href":"https:\/\/www.hoymercedes.com.ar\/principal\/wp-json\/wp\/v2\/posts\/190356\/revisions"}],"predecessor-version":[{"id":190360,"href":"https:\/\/www.hoymercedes.com.ar\/principal\/wp-json\/wp\/v2\/posts\/190356\/revisions\/190360"}],"wp:featuredmedia":[{"embeddable":true,"href":"https:\/\/www.hoymercedes.com.ar\/principal\/wp-json\/wp\/v2\/media\/190358"}],"wp:attachment":[{"href":"https:\/\/www.hoymercedes.com.ar\/principal\/wp-json\/wp\/v2\/media?parent=190356"}],"wp:term":[{"taxonomy":"category","embeddable":true,"href":"https:\/\/www.hoymercedes.com.ar\/principal\/wp-json\/wp\/v2\/categories?post=190356"},{"taxonomy":"post_tag","embeddable":true,"href":"https:\/\/www.hoymercedes.com.ar\/principal\/wp-json\/wp\/v2\/tags?post=190356"}],"curies":[{"name":"wp","href":"https:\/\/api.w.org\/{rel}","templated":true}]}}