{"id":190416,"date":"2025-12-23T14:20:22","date_gmt":"2025-12-23T17:20:22","guid":{"rendered":"https:\/\/www.hoymercedes.com.ar\/principal\/?p=190416"},"modified":"2025-12-23T14:20:24","modified_gmt":"2025-12-23T17:20:24","slug":"el-cetim-cerro-el-ano-con-una-emotiva-fiesta-junto-a-las-familias-mercedinas","status":"publish","type":"post","link":"https:\/\/www.hoymercedes.com.ar\/principal\/2025\/12\/23\/el-cetim-cerro-el-ano-con-una-emotiva-fiesta-junto-a-las-familias-mercedinas\/","title":{"rendered":"El CETIM cerr\u00f3 el a\u00f1o con una emotiva fiesta junto a las familias mercedinas"},"content":{"rendered":"\n<figure class=\"wp-block-image size-large is-resized\"><img loading=\"lazy\" decoding=\"async\" width=\"1024\" height=\"768\" data-attachment-id=\"190417\" data-permalink=\"https:\/\/www.hoymercedes.com.ar\/principal\/2025\/12\/23\/el-cetim-cerro-el-ano-con-una-emotiva-fiesta-junto-a-las-familias-mercedinas\/cetim-4\/#main\" data-orig-file=\"https:\/\/www.hoymercedes.com.ar\/principal\/wp-content\/uploads\/2025\/12\/CETIM-.jpg\" data-orig-size=\"1280,960\" data-comments-opened=\"0\" data-image-meta=\"{&quot;aperture&quot;:&quot;0&quot;,&quot;credit&quot;:&quot;&quot;,&quot;camera&quot;:&quot;&quot;,&quot;caption&quot;:&quot;&quot;,&quot;created_timestamp&quot;:&quot;0&quot;,&quot;copyright&quot;:&quot;&quot;,&quot;focal_length&quot;:&quot;0&quot;,&quot;iso&quot;:&quot;0&quot;,&quot;shutter_speed&quot;:&quot;0&quot;,&quot;title&quot;:&quot;&quot;,&quot;orientation&quot;:&quot;0&quot;}\" data-image-title=\"El CETIM cerr\u00f3 el a\u00f1o con una emotiva fiesta junto a las familias mercedinas\" data-image-description=\"&lt;p&gt;El CETIM cerr\u00f3 el a\u00f1o con una emotiva fiesta junto a las familias mercedinas&lt;\/p&gt;\n\" data-image-caption=\"&lt;p&gt;El CETIM cerr\u00f3 el a\u00f1o con una emotiva fiesta junto a las familias mercedinas&lt;\/p&gt;\n\" data-large-file=\"https:\/\/www.hoymercedes.com.ar\/principal\/wp-content\/uploads\/2025\/12\/CETIM--1024x768.jpg\" src=\"https:\/\/www.hoymercedes.com.ar\/principal\/wp-content\/uploads\/2025\/12\/CETIM--1024x768.jpg\" alt=\"\" class=\"wp-image-190417\" style=\"width:1216px;height:auto\" srcset=\"https:\/\/www.hoymercedes.com.ar\/principal\/wp-content\/uploads\/2025\/12\/CETIM--1024x768.jpg 1024w, https:\/\/www.hoymercedes.com.ar\/principal\/wp-content\/uploads\/2025\/12\/CETIM--630x473.jpg 630w, https:\/\/www.hoymercedes.com.ar\/principal\/wp-content\/uploads\/2025\/12\/CETIM--150x113.jpg 150w, https:\/\/www.hoymercedes.com.ar\/principal\/wp-content\/uploads\/2025\/12\/CETIM-.jpg 1280w\" sizes=\"auto, (max-width: 1024px) 100vw, 1024px\" \/><\/figure>\n\n\n\n<p>En una jornada cargada de emoci\u00f3n, juegos y reconocimiento, el <strong>Centro Educativo Terap\u00e9utico Integral Mercedes (CETIM)<\/strong>&nbsp;llev\u00f3 a cabo su tradicional cierre de a\u00f1o. El evento, que reuni\u00f3 a pacientes, sus familias y el equipo interdisciplinario de profesionales, celebr\u00f3 un ciclo de grandes avances en materia de inclusi\u00f3n y salud para la ni\u00f1ez local. El intendente Juan I. Ustarroz agradeci\u00f3 a quienes d\u00eda a d\u00eda hacen posible este exitoso dispositivo, como as\u00ed tambi\u00e9n a las familias por confiar lo m\u00e1s preciado que tienen, que es su ni\u00f1os y ni\u00f1as.<\/p>\n\n\n\n<p>La celebraci\u00f3n no fue solo un brindis, sino un espacio de encuentro familiar, donde hubo juegos y entretenimientos para toda la familia. Entre risas y m\u00fasica, el equipo docente y de salud destac\u00f3 los logros individuales y colectivos alcanzados durante 2025.<\/p>\n\n\n\n<p>Se cont\u00f3, tambi\u00e9n, con la presencia de Pap\u00e1 Noel.&nbsp;<\/p>\n\n\n\n<p><strong>Un espacio que no para de crecer<\/strong><\/p>\n\n\n\n<p>El CETIM, que fue lanzado por la gesti\u00f3n del intendente <strong>Juan Ignacio Ustarroz<\/strong>, ha consolidado su rol como dispositivo \u00fanico en la regi\u00f3n. El centro brinda atenci\u00f3n gratuita a ni\u00f1os de 3 a 11 a\u00f1os que no poseen cobertura social, ofreciendo tratamientos de rehabilitaci\u00f3n y estimulaci\u00f3n que son vitales para su desarrollo integral.<\/p>\n\n\n\n<p><em>\u00abEs un orgullo ver c\u00f3mo este espacio se transforma en una gran familia. El acompa\u00f1amiento de los padres y el compromiso de los profesionales es lo que hace que el CETIM sea un ejemplo de pol\u00edtica p\u00fablica con coraz\u00f3n\u00bb<\/em>, expresaron desde la Secretar\u00eda de Salud durante los festejos.<\/p>\n\n\n\n<p><strong>Egresos y nuevos desaf\u00edos<\/strong><\/p>\n\n\n\n<p>Uno de los momentos m\u00e1s movilizantes de la jornada fue la <strong>despedida de los ni\u00f1os que egresan del dispositiv<\/strong>. T<\/p>\n\n\n\n<p>El cierre de a\u00f1o del CETIM reafirma la importancia de la inversi\u00f3n en la <strong>primera infancia<\/strong>&nbsp;y en la salud p\u00fablica, consolidando a Mercedes como una ciudad que prioriza la integraci\u00f3n y el bienestar de los sectores m\u00e1s vulnerables y de la ni\u00f1ez, que es el futuro.<\/p>\n","protected":false},"excerpt":{"rendered":"<p>En una jornada cargada de emoci\u00f3n, juegos y reconocimiento, el Centro Educativo Terap\u00e9utico Integral Mercedes (CETIM)&nbsp;llev\u00f3 a cabo su tradicional &#8230; <a title=\"El CETIM cerr\u00f3 el a\u00f1o con una emotiva fiesta junto a las familias mercedinas\" class=\"read-more\" href=\"https:\/\/www.hoymercedes.com.ar\/principal\/2025\/12\/23\/el-cetim-cerro-el-ano-con-una-emotiva-fiesta-junto-a-las-familias-mercedinas\/\" aria-label=\"Leer m\u00e1s sobre El CETIM cerr\u00f3 el a\u00f1o con una emotiva fiesta junto a las familias mercedinas\">Leer m\u00e1s<\/a><\/p>\n","protected":false},"author":1,"featured_media":190417,"comment_status":"closed","ping_status":"open","sticky":false,"template":"","format":"standard","meta":{"_monsterinsights_skip_tracking":false,"_monsterinsights_sitenote_active":false,"_monsterinsights_sitenote_note":"","_monsterinsights_sitenote_category":0,"jetpack_post_was_ever_published":false,"_jetpack_newsletter_access":"","_jetpack_dont_email_post_to_subs":false,"_jetpack_newsletter_tier_id":0,"_jetpack_memberships_contains_paywalled_content":false,"_jetpack_memberships_contains_paid_content":false,"footnotes":"","jetpack_publicize_message":"","jetpack_publicize_feature_enabled":true,"jetpack_social_post_already_shared":true,"jetpack_social_options":{"image_generator_settings":{"template":"highway","default_image_id":0,"font":"","enabled":false},"version":2},"_wpas_customize_per_network":false},"categories":[8],"tags":[20896],"class_list":["post-190416","post","type-post","status-publish","format-standard","has-post-thumbnail","hentry","category-sociedad","tag-cetin-mercedes","generate-columns","tablet-grid-50","mobile-grid-100","grid-parent","grid-50"],"jetpack_publicize_connections":[],"jetpack_featured_media_url":"https:\/\/www.hoymercedes.com.ar\/principal\/wp-content\/uploads\/2025\/12\/CETIM-.jpg","wps_subtitle":"","jetpack_sharing_enabled":true,"_links":{"self":[{"href":"https:\/\/www.hoymercedes.com.ar\/principal\/wp-json\/wp\/v2\/posts\/190416","targetHints":{"allow":["GET"]}}],"collection":[{"href":"https:\/\/www.hoymercedes.com.ar\/principal\/wp-json\/wp\/v2\/posts"}],"about":[{"href":"https:\/\/www.hoymercedes.com.ar\/principal\/wp-json\/wp\/v2\/types\/post"}],"author":[{"embeddable":true,"href":"https:\/\/www.hoymercedes.com.ar\/principal\/wp-json\/wp\/v2\/users\/1"}],"replies":[{"embeddable":true,"href":"https:\/\/www.hoymercedes.com.ar\/principal\/wp-json\/wp\/v2\/comments?post=190416"}],"version-history":[{"count":1,"href":"https:\/\/www.hoymercedes.com.ar\/principal\/wp-json\/wp\/v2\/posts\/190416\/revisions"}],"predecessor-version":[{"id":190418,"href":"https:\/\/www.hoymercedes.com.ar\/principal\/wp-json\/wp\/v2\/posts\/190416\/revisions\/190418"}],"wp:featuredmedia":[{"embeddable":true,"href":"https:\/\/www.hoymercedes.com.ar\/principal\/wp-json\/wp\/v2\/media\/190417"}],"wp:attachment":[{"href":"https:\/\/www.hoymercedes.com.ar\/principal\/wp-json\/wp\/v2\/media?parent=190416"}],"wp:term":[{"taxonomy":"category","embeddable":true,"href":"https:\/\/www.hoymercedes.com.ar\/principal\/wp-json\/wp\/v2\/categories?post=190416"},{"taxonomy":"post_tag","embeddable":true,"href":"https:\/\/www.hoymercedes.com.ar\/principal\/wp-json\/wp\/v2\/tags?post=190416"}],"curies":[{"name":"wp","href":"https:\/\/api.w.org\/{rel}","templated":true}]}}