{"id":190420,"date":"2025-12-23T21:48:43","date_gmt":"2025-12-24T00:48:43","guid":{"rendered":"https:\/\/www.hoymercedes.com.ar\/principal\/?p=190420"},"modified":"2025-12-23T21:48:46","modified_gmt":"2025-12-24T00:48:46","slug":"maresca-estamos-muy-agradecidos-por-el-trabajo-y-compromiso-diario","status":"publish","type":"post","link":"https:\/\/www.hoymercedes.com.ar\/principal\/2025\/12\/23\/maresca-estamos-muy-agradecidos-por-el-trabajo-y-compromiso-diario\/","title":{"rendered":"Maresca: \u201cEstamos muy agradecidos por el trabajo y compromiso diario\u201d"},"content":{"rendered":"\n<figure class=\"wp-block-image size-large is-resized\"><img loading=\"lazy\" decoding=\"async\" width=\"1024\" height=\"682\" data-attachment-id=\"190421\" data-permalink=\"https:\/\/www.hoymercedes.com.ar\/principal\/2025\/12\/23\/maresca-estamos-muy-agradecidos-por-el-trabajo-y-compromiso-diario\/a-16\/#main\" data-orig-file=\"https:\/\/www.hoymercedes.com.ar\/principal\/wp-content\/uploads\/2025\/12\/A.jpg\" data-orig-size=\"1319,879\" data-comments-opened=\"0\" data-image-meta=\"{&quot;aperture&quot;:&quot;0&quot;,&quot;credit&quot;:&quot;&quot;,&quot;camera&quot;:&quot;&quot;,&quot;caption&quot;:&quot;&quot;,&quot;created_timestamp&quot;:&quot;0&quot;,&quot;copyright&quot;:&quot;&quot;,&quot;focal_length&quot;:&quot;0&quot;,&quot;iso&quot;:&quot;0&quot;,&quot;shutter_speed&quot;:&quot;0&quot;,&quot;title&quot;:&quot;&quot;,&quot;orientation&quot;:&quot;0&quot;}\" data-image-title=\"Maresca: \u201cEstamos muy agradecidos por el trabajo y compromiso diario\u201d\" data-image-description=\"&lt;p&gt;Maresca: \u201cEstamos muy agradecidos por el trabajo y compromiso diario\u201d&lt;\/p&gt;\n\" data-image-caption=\"&lt;p&gt;Maresca: \u201cEstamos muy agradecidos por el trabajo y compromiso diario\u201d&lt;\/p&gt;\n\" data-large-file=\"https:\/\/www.hoymercedes.com.ar\/principal\/wp-content\/uploads\/2025\/12\/A-1024x682.jpg\" src=\"https:\/\/www.hoymercedes.com.ar\/principal\/wp-content\/uploads\/2025\/12\/A-1024x682.jpg\" alt=\"\" class=\"wp-image-190421\" style=\"width:1208px;height:auto\" srcset=\"https:\/\/www.hoymercedes.com.ar\/principal\/wp-content\/uploads\/2025\/12\/A-1024x682.jpg 1024w, https:\/\/www.hoymercedes.com.ar\/principal\/wp-content\/uploads\/2025\/12\/A-630x420.jpg 630w, https:\/\/www.hoymercedes.com.ar\/principal\/wp-content\/uploads\/2025\/12\/A-150x100.jpg 150w, https:\/\/www.hoymercedes.com.ar\/principal\/wp-content\/uploads\/2025\/12\/A.jpg 1319w\" sizes=\"auto, (max-width: 1024px) 100vw, 1024px\" \/><\/figure>\n\n\n\n<p>En el&nbsp;<strong>marco<\/strong>&nbsp;de las actividades y reconocimientos por el&nbsp;<strong>D\u00eda<\/strong>&nbsp;del Polic\u00eda Bonaerense, el intendente Juan Ustarroz y el secretario de Seguridad, Dr. Mat\u00edas Maresca, destacaron la gran tarea diaria que realizan las y los efectivos en el cuidado y prevenci\u00f3n de la ciudadan\u00eda.<\/p>\n\n\n\n<p>Ustarroz sostuvo que \u201cestamos agradecidos a la conducci\u00f3n de cada destacamento y a cada efectivo por el compromiso y dedicaci\u00f3n diaria; sabiendo que la hip\u00f3tesis de &#8216;delito cero&#8217; no existe en ning\u00fan lugar, pero&nbsp;<strong>s\u00ed<\/strong>&nbsp;que, con el esfuerzo que realizan, vivimos en una ciudad mejor\u201d.<\/p>\n\n\n\n<p>Por su parte,&nbsp; Mat\u00edas Maresca, secretario de Seguridad, destac\u00f3 que los agentes \u201ctienen una gran vocaci\u00f3n de servicio,&nbsp;<strong>arriesg\u00e1ndose<\/strong>&nbsp;y poni\u00e9ndose al servicio de la comunidad\u201d. Adem\u00e1s, sostuvo que \u201ccada delegaci\u00f3n, cada&nbsp;<strong>comisar\u00eda<\/strong>&nbsp;y cada divisi\u00f3n tienen, sin duda, un enorme compromiso con la ciudad y con las y los vecinos\u201d.<\/p>\n\n\n\n<p>Maresca tambi\u00e9n remarc\u00f3: \u201cVamos, como nos insta el intendente Ustarroz, a seguir acompa\u00f1\u00e1ndolos y apoy\u00e1ndolos para que su trabajo siga siendo el mejor posible para la ciudadan\u00eda y para ustedes\u201d,&nbsp;<strong>expres\u00f3<\/strong>&nbsp;quien conduce la cartera municipal junto a V\u00edctor Palazzo.<\/p>\n\n\n\n<p>La reuni\u00f3n se llev\u00f3 a cabo en La Trocha, donde las y los efectivos de la Polic\u00eda Comunal recibieron reconocimientos por distintas tareas e intervenciones destacadas vividas en el \u00faltimo&nbsp;<strong>a\u00f1o<\/strong>.<\/p>\n\n\n\n<p>Estuvieron presentes, adem\u00e1s del intendente Ustarroz, el secretario Maresca y el subsecretario V\u00edctor Palazzo; Mar\u00eda Sol D\u2019Angelo, jefa de Estaci\u00f3n Comunal; Vanesa Casas, jefa Comunal; Daniela Rivero, jefa de la Comisar\u00eda de la Mujer y la Familia; Marisa Tito, jefa de la Comisar\u00eda Segunda; Mar\u00eda Jos\u00e9 Bianchi, jefa del Destacamento Gowland y Adri\u00e1n Ghiozzi, jefe del GTO.<\/p>\n","protected":false},"excerpt":{"rendered":"<p>En el&nbsp;marco&nbsp;de las actividades y reconocimientos por el&nbsp;D\u00eda&nbsp;del Polic\u00eda Bonaerense, el intendente Juan Ustarroz y el secretario de Seguridad, Dr. &#8230; <a title=\"Maresca: \u201cEstamos muy agradecidos por el trabajo y compromiso diario\u201d\" class=\"read-more\" href=\"https:\/\/www.hoymercedes.com.ar\/principal\/2025\/12\/23\/maresca-estamos-muy-agradecidos-por-el-trabajo-y-compromiso-diario\/\" aria-label=\"Leer m\u00e1s sobre Maresca: \u201cEstamos muy agradecidos por el trabajo y compromiso diario\u201d\">Leer m\u00e1s<\/a><\/p>\n","protected":false},"author":1,"featured_media":190421,"comment_status":"closed","ping_status":"open","sticky":false,"template":"","format":"standard","meta":{"_monsterinsights_skip_tracking":false,"_monsterinsights_sitenote_active":false,"_monsterinsights_sitenote_note":"","_monsterinsights_sitenote_category":0,"jetpack_post_was_ever_published":false,"_jetpack_newsletter_access":"","_jetpack_dont_email_post_to_subs":false,"_jetpack_newsletter_tier_id":0,"_jetpack_memberships_contains_paywalled_content":false,"_jetpack_memberships_contains_paid_content":false,"footnotes":"","jetpack_publicize_message":"","jetpack_publicize_feature_enabled":true,"jetpack_social_post_already_shared":true,"jetpack_social_options":{"image_generator_settings":{"template":"highway","default_image_id":0,"font":"","enabled":false},"version":2},"_wpas_customize_per_network":false},"categories":[8],"tags":[],"class_list":["post-190420","post","type-post","status-publish","format-standard","has-post-thumbnail","hentry","category-sociedad","generate-columns","tablet-grid-50","mobile-grid-100","grid-parent","grid-50"],"jetpack_publicize_connections":[],"jetpack_featured_media_url":"https:\/\/www.hoymercedes.com.ar\/principal\/wp-content\/uploads\/2025\/12\/A.jpg","wps_subtitle":"Instituciones ","jetpack_sharing_enabled":true,"_links":{"self":[{"href":"https:\/\/www.hoymercedes.com.ar\/principal\/wp-json\/wp\/v2\/posts\/190420","targetHints":{"allow":["GET"]}}],"collection":[{"href":"https:\/\/www.hoymercedes.com.ar\/principal\/wp-json\/wp\/v2\/posts"}],"about":[{"href":"https:\/\/www.hoymercedes.com.ar\/principal\/wp-json\/wp\/v2\/types\/post"}],"author":[{"embeddable":true,"href":"https:\/\/www.hoymercedes.com.ar\/principal\/wp-json\/wp\/v2\/users\/1"}],"replies":[{"embeddable":true,"href":"https:\/\/www.hoymercedes.com.ar\/principal\/wp-json\/wp\/v2\/comments?post=190420"}],"version-history":[{"count":2,"href":"https:\/\/www.hoymercedes.com.ar\/principal\/wp-json\/wp\/v2\/posts\/190420\/revisions"}],"predecessor-version":[{"id":190423,"href":"https:\/\/www.hoymercedes.com.ar\/principal\/wp-json\/wp\/v2\/posts\/190420\/revisions\/190423"}],"wp:featuredmedia":[{"embeddable":true,"href":"https:\/\/www.hoymercedes.com.ar\/principal\/wp-json\/wp\/v2\/media\/190421"}],"wp:attachment":[{"href":"https:\/\/www.hoymercedes.com.ar\/principal\/wp-json\/wp\/v2\/media?parent=190420"}],"wp:term":[{"taxonomy":"category","embeddable":true,"href":"https:\/\/www.hoymercedes.com.ar\/principal\/wp-json\/wp\/v2\/categories?post=190420"},{"taxonomy":"post_tag","embeddable":true,"href":"https:\/\/www.hoymercedes.com.ar\/principal\/wp-json\/wp\/v2\/tags?post=190420"}],"curies":[{"name":"wp","href":"https:\/\/api.w.org\/{rel}","templated":true}]}}