{"id":190433,"date":"2025-12-24T20:20:26","date_gmt":"2025-12-24T23:20:26","guid":{"rendered":"https:\/\/www.hoymercedes.com.ar\/principal\/?p=190433"},"modified":"2025-12-24T20:20:28","modified_gmt":"2025-12-24T23:20:28","slug":"conciencia-no-usemos-pirotecnia-sonora-es-danina","status":"publish","type":"post","link":"https:\/\/www.hoymercedes.com.ar\/principal\/2025\/12\/24\/conciencia-no-usemos-pirotecnia-sonora-es-danina\/","title":{"rendered":"Conciencia: no usemos pirotecnia sonora, es da\u00f1ina"},"content":{"rendered":"\n<p>Con la llegada de las celebraciones de navidad y fin de a\u00f1o, diversas organizaciones sociales y autoridades locales han renovado el pedido a la comunidad para no usar<strong> el uso de pirotecnia sonora<\/strong>, apelando a la solidaridad y la convivencia ciudadana.<\/p>\n\n\n\n<p>Lo que para algunos es un instante de luces y estruendos, para otros representa una situaci\u00f3n de <strong>sufrimiento y angustia extrema<\/strong>. El impacto de las explosiones afecta de manera directa a los sectores m\u00e1s vulnerables de nuestra sociedad:<\/p>\n\n\n\n<ul class=\"wp-block-list\">\n<li><strong>Personas con discapacidad:<\/strong> Especialmente aquellas con Trastorno del Espectro Autista (TEA) o hipersensibilidad auditiva, para quienes los ruidos imprevistos pueden generar crisis de ansiedad, dolor f\u00edsico y desorientaci\u00f3n.<\/li>\n\n\n\n<li><strong>Adultos mayores:<\/strong> La exposici\u00f3n a sonidos de alto impacto puede provocar taquicardia, estr\u00e9s y alteraciones en cuadros de salud preexistentes.<\/li>\n\n\n\n<li><strong>Veteranos de Malvinas:<\/strong> Los estruendos suelen actuar como disparadores de recuerdos traum\u00e1ticos, afectando su bienestar emocional y psicol\u00f3gico.<\/li>\n\n\n\n<li><strong>Animales:<\/strong> Su capacidad auditiva, mucho m\u00e1s sensible que la humana, los expone a niveles de p\u00e1nico que pueden derivar en huidas desesperadas, accidentes o paros card\u00edacos.<\/li>\n<\/ul>\n\n\n\n<h3 class=\"wp-block-heading\">El compromiso es de todos<\/h3>\n\n\n\n<p>Se transformar la manera en que festejamos, promoviendo el uso de <strong>pirotecnia lum\u00ednica sin sonido<\/strong> o, preferentemente, la eliminaci\u00f3n total de estos artefactos. El objetivo es claro: que el brindis sea un momento de alegr\u00eda compartido por todos, sin que la diversi\u00f3n de unos signifique el padecimiento de otros.<\/p>\n\n\n\n<p><strong>\u00abM\u00e1s luces, menos ruidos\u00bb<\/strong> es la consigna que invita a reflexionar: la verdadera celebraci\u00f3n es aquella donde nadie sale lastimado.<\/p>\n","protected":false},"excerpt":{"rendered":"<p>Con la llegada de las celebraciones de navidad y fin de a\u00f1o, diversas organizaciones sociales y autoridades locales han renovado &#8230; <a title=\"Conciencia: no usemos pirotecnia sonora, es da\u00f1ina\" class=\"read-more\" href=\"https:\/\/www.hoymercedes.com.ar\/principal\/2025\/12\/24\/conciencia-no-usemos-pirotecnia-sonora-es-danina\/\" aria-label=\"Leer m\u00e1s sobre Conciencia: no usemos pirotecnia sonora, es da\u00f1ina\">Leer m\u00e1s<\/a><\/p>\n","protected":false},"author":1,"featured_media":190434,"comment_status":"closed","ping_status":"open","sticky":false,"template":"","format":"standard","meta":{"_monsterinsights_skip_tracking":false,"_monsterinsights_sitenote_active":false,"_monsterinsights_sitenote_note":"","_monsterinsights_sitenote_category":0,"jetpack_post_was_ever_published":false,"_jetpack_newsletter_access":"","_jetpack_dont_email_post_to_subs":false,"_jetpack_newsletter_tier_id":0,"_jetpack_memberships_contains_paywalled_content":false,"_jetpack_memberships_contains_paid_content":false,"footnotes":"","jetpack_publicize_message":"","jetpack_publicize_feature_enabled":true,"jetpack_social_post_already_shared":true,"jetpack_social_options":{"image_generator_settings":{"template":"highway","default_image_id":0,"font":"","enabled":false},"version":2},"_wpas_customize_per_network":false},"categories":[8],"tags":[],"class_list":["post-190433","post","type-post","status-publish","format-standard","has-post-thumbnail","hentry","category-sociedad","generate-columns","tablet-grid-50","mobile-grid-100","grid-parent","grid-50"],"jetpack_publicize_connections":[],"jetpack_featured_media_url":"https:\/\/www.hoymercedes.com.ar\/principal\/wp-content\/uploads\/2025\/12\/Nouses-pirotecnia-sonora.jpg","wps_subtitle":"Empatia","jetpack_sharing_enabled":true,"_links":{"self":[{"href":"https:\/\/www.hoymercedes.com.ar\/principal\/wp-json\/wp\/v2\/posts\/190433","targetHints":{"allow":["GET"]}}],"collection":[{"href":"https:\/\/www.hoymercedes.com.ar\/principal\/wp-json\/wp\/v2\/posts"}],"about":[{"href":"https:\/\/www.hoymercedes.com.ar\/principal\/wp-json\/wp\/v2\/types\/post"}],"author":[{"embeddable":true,"href":"https:\/\/www.hoymercedes.com.ar\/principal\/wp-json\/wp\/v2\/users\/1"}],"replies":[{"embeddable":true,"href":"https:\/\/www.hoymercedes.com.ar\/principal\/wp-json\/wp\/v2\/comments?post=190433"}],"version-history":[{"count":2,"href":"https:\/\/www.hoymercedes.com.ar\/principal\/wp-json\/wp\/v2\/posts\/190433\/revisions"}],"predecessor-version":[{"id":190436,"href":"https:\/\/www.hoymercedes.com.ar\/principal\/wp-json\/wp\/v2\/posts\/190433\/revisions\/190436"}],"wp:featuredmedia":[{"embeddable":true,"href":"https:\/\/www.hoymercedes.com.ar\/principal\/wp-json\/wp\/v2\/media\/190434"}],"wp:attachment":[{"href":"https:\/\/www.hoymercedes.com.ar\/principal\/wp-json\/wp\/v2\/media?parent=190433"}],"wp:term":[{"taxonomy":"category","embeddable":true,"href":"https:\/\/www.hoymercedes.com.ar\/principal\/wp-json\/wp\/v2\/categories?post=190433"},{"taxonomy":"post_tag","embeddable":true,"href":"https:\/\/www.hoymercedes.com.ar\/principal\/wp-json\/wp\/v2\/tags?post=190433"}],"curies":[{"name":"wp","href":"https:\/\/api.w.org\/{rel}","templated":true}]}}