{"id":190446,"date":"2025-12-25T15:34:20","date_gmt":"2025-12-25T18:34:20","guid":{"rendered":"https:\/\/www.hoymercedes.com.ar\/principal\/?p=190446"},"modified":"2025-12-25T15:34:23","modified_gmt":"2025-12-25T18:34:23","slug":"nochebuena-y-navidad-tranquila-para-los-servicios-de-emergencia","status":"publish","type":"post","link":"https:\/\/www.hoymercedes.com.ar\/principal\/2025\/12\/25\/nochebuena-y-navidad-tranquila-para-los-servicios-de-emergencia\/","title":{"rendered":"Nochebuena y navidad tranquila para los servicios de emergencia"},"content":{"rendered":"\n<p><\/p>\n\n\n\n<p>En nuestra ciudad se vivi\u00f3 una nochebuena y navidad sin sobresaltos. \u201cUna de las m\u00e1s tranquilas de los \u00faltimos a\u00f1os\u201d remarcaron. La Secretar\u00eda de Seguridad con guardia las 24hs no debi\u00f3 a acudir a ninguna emergencia, tampoco Hospital, Bomberos, Polic\u00eda ni Protecci\u00f3n Civil.<\/p>\n\n\n\n<p><em>Salidas<\/em><br>En el caso de Bomberos tuvo salidas a la tarde del 24 por un llamado de pasto y en la madrugada y ma\u00f1ana del 25 sin emergencias. La Polic\u00eda sali\u00f3 por un siniestro vial tambi\u00e9n en la tarde del 24, pero sin otras intervenciones de \u201cgravedad\u201d.<\/p>\n\n\n\n<p>Protecci\u00f3n civil sin emergencia, s\u00f3lo acompa\u00f1ando los casos mencionados. En similar situaci\u00f3n estuvo el Dubarry, quien atendi\u00f3 acciones cotidianas, pero nada de gravedad vinculado a la celebraci\u00f3n de Navidad.<\/p>\n\n\n\n<p><em>Pirotecnia<\/em><br>Si bien la posibilidad de pirotecnia cero no existe dado que siempre habr\u00e1 alg\u00fan vecino que la utilice, si se vio en esta Nochebuena y Navidad una disminuci\u00f3n enorme de su uso en la ciudad. No hubo alertas y denuncias al respecto y se desea esta instancia se sostenga para el 31 y 1.<\/p>\n\n\n\n<p>*Controles\/<br>Durante los d\u00edas previos hubo importantes controles sobre la venta de pirotecnia sonora. El tema requiere un fuerte compromiso por parte de los comerciantes, claro est\u00e1, y eso llev\u00f3 a que dos comercios debieran ser clausurados. Uno es un kiosco c\u00e9ntrico y el otro una helader\u00eda fuera de las avenidas principales.<\/p>\n","protected":false},"excerpt":{"rendered":"<p>En nuestra ciudad se vivi\u00f3 una nochebuena y navidad sin sobresaltos. \u201cUna de las m\u00e1s tranquilas de los \u00faltimos a\u00f1os\u201d &#8230; <a title=\"Nochebuena y navidad tranquila para los servicios de emergencia\" class=\"read-more\" href=\"https:\/\/www.hoymercedes.com.ar\/principal\/2025\/12\/25\/nochebuena-y-navidad-tranquila-para-los-servicios-de-emergencia\/\" aria-label=\"Leer m\u00e1s sobre Nochebuena y navidad tranquila para los servicios de emergencia\">Leer m\u00e1s<\/a><\/p>\n","protected":false},"author":1,"featured_media":181603,"comment_status":"closed","ping_status":"open","sticky":false,"template":"","format":"standard","meta":{"_monsterinsights_skip_tracking":false,"_monsterinsights_sitenote_active":false,"_monsterinsights_sitenote_note":"","_monsterinsights_sitenote_category":0,"jetpack_post_was_ever_published":false,"_jetpack_newsletter_access":"","_jetpack_dont_email_post_to_subs":false,"_jetpack_newsletter_tier_id":0,"_jetpack_memberships_contains_paywalled_content":false,"_jetpack_memberships_contains_paid_content":false,"footnotes":"","jetpack_publicize_message":"","jetpack_publicize_feature_enabled":true,"jetpack_social_post_already_shared":true,"jetpack_social_options":{"image_generator_settings":{"template":"highway","default_image_id":0,"font":"","enabled":false},"version":2},"_wpas_customize_per_network":false},"categories":[8],"tags":[10360,20898,12450],"class_list":["post-190446","post","type-post","status-publish","format-standard","has-post-thumbnail","hentry","category-sociedad","tag-navidad","tag-noche-buena","tag-pirotecnia-mercedes","generate-columns","tablet-grid-50","mobile-grid-100","grid-parent","grid-50"],"jetpack_publicize_connections":[],"jetpack_featured_media_url":"https:\/\/www.hoymercedes.com.ar\/principal\/wp-content\/uploads\/2025\/01\/Hospial-Dubarry-Mercedes-scaled.jpg","wps_subtitle":"Nuestra ciudad ","jetpack_sharing_enabled":true,"_links":{"self":[{"href":"https:\/\/www.hoymercedes.com.ar\/principal\/wp-json\/wp\/v2\/posts\/190446","targetHints":{"allow":["GET"]}}],"collection":[{"href":"https:\/\/www.hoymercedes.com.ar\/principal\/wp-json\/wp\/v2\/posts"}],"about":[{"href":"https:\/\/www.hoymercedes.com.ar\/principal\/wp-json\/wp\/v2\/types\/post"}],"author":[{"embeddable":true,"href":"https:\/\/www.hoymercedes.com.ar\/principal\/wp-json\/wp\/v2\/users\/1"}],"replies":[{"embeddable":true,"href":"https:\/\/www.hoymercedes.com.ar\/principal\/wp-json\/wp\/v2\/comments?post=190446"}],"version-history":[{"count":2,"href":"https:\/\/www.hoymercedes.com.ar\/principal\/wp-json\/wp\/v2\/posts\/190446\/revisions"}],"predecessor-version":[{"id":190448,"href":"https:\/\/www.hoymercedes.com.ar\/principal\/wp-json\/wp\/v2\/posts\/190446\/revisions\/190448"}],"wp:featuredmedia":[{"embeddable":true,"href":"https:\/\/www.hoymercedes.com.ar\/principal\/wp-json\/wp\/v2\/media\/181603"}],"wp:attachment":[{"href":"https:\/\/www.hoymercedes.com.ar\/principal\/wp-json\/wp\/v2\/media?parent=190446"}],"wp:term":[{"taxonomy":"category","embeddable":true,"href":"https:\/\/www.hoymercedes.com.ar\/principal\/wp-json\/wp\/v2\/categories?post=190446"},{"taxonomy":"post_tag","embeddable":true,"href":"https:\/\/www.hoymercedes.com.ar\/principal\/wp-json\/wp\/v2\/tags?post=190446"}],"curies":[{"name":"wp","href":"https:\/\/api.w.org\/{rel}","templated":true}]}}