{"id":190508,"date":"2025-12-29T11:30:03","date_gmt":"2025-12-29T14:30:03","guid":{"rendered":"https:\/\/www.hoymercedes.com.ar\/principal\/?p=190508"},"modified":"2025-12-29T11:30:05","modified_gmt":"2025-12-29T14:30:05","slug":"representantes-de-la-cgt-mercedes-se-reunieron-con-hector-daer","status":"publish","type":"post","link":"https:\/\/www.hoymercedes.com.ar\/principal\/2025\/12\/29\/representantes-de-la-cgt-mercedes-se-reunieron-con-hector-daer\/","title":{"rendered":"Representantes de la CGT Mercedes se reunieron con H\u00e9ctor Daer"},"content":{"rendered":"\n<figure class=\"wp-block-image size-large is-resized\"><img loading=\"lazy\" decoding=\"async\" width=\"1024\" height=\"768\" data-attachment-id=\"190509\" data-permalink=\"https:\/\/www.hoymercedes.com.ar\/principal\/2025\/12\/29\/representantes-de-la-cgt-mercedes-se-reunieron-con-hector-daer\/reunion-con-el-referente-sindical-daer\/#main\" data-orig-file=\"https:\/\/www.hoymercedes.com.ar\/principal\/wp-content\/uploads\/2025\/12\/Reunion-con-el-referente-sindical-Daer-scaled.jpeg\" data-orig-size=\"2560,1920\" data-comments-opened=\"0\" data-image-meta=\"{&quot;aperture&quot;:&quot;0&quot;,&quot;credit&quot;:&quot;&quot;,&quot;camera&quot;:&quot;&quot;,&quot;caption&quot;:&quot;&quot;,&quot;created_timestamp&quot;:&quot;0&quot;,&quot;copyright&quot;:&quot;&quot;,&quot;focal_length&quot;:&quot;0&quot;,&quot;iso&quot;:&quot;0&quot;,&quot;shutter_speed&quot;:&quot;0&quot;,&quot;title&quot;:&quot;&quot;,&quot;orientation&quot;:&quot;0&quot;}\" data-image-title=\"Reuni\u00f3n con el referente sindical Daer\" data-image-description=\"&lt;p&gt;Representantes de la CGT Mercedes se reunieron con H\u00e9ctor Daer&lt;\/p&gt;\n\" data-image-caption=\"&lt;p&gt;Representantes de la CGT Mercedes se reunieron con H\u00e9ctor Daer&lt;\/p&gt;\n\" data-large-file=\"https:\/\/www.hoymercedes.com.ar\/principal\/wp-content\/uploads\/2025\/12\/Reunion-con-el-referente-sindical-Daer-1024x768.jpeg\" src=\"https:\/\/www.hoymercedes.com.ar\/principal\/wp-content\/uploads\/2025\/12\/Reunion-con-el-referente-sindical-Daer-1024x768.jpeg\" alt=\"\" class=\"wp-image-190509\" style=\"width:1178px;height:auto\" srcset=\"https:\/\/www.hoymercedes.com.ar\/principal\/wp-content\/uploads\/2025\/12\/Reunion-con-el-referente-sindical-Daer-1024x768.jpeg 1024w, https:\/\/www.hoymercedes.com.ar\/principal\/wp-content\/uploads\/2025\/12\/Reunion-con-el-referente-sindical-Daer-630x473.jpeg 630w, https:\/\/www.hoymercedes.com.ar\/principal\/wp-content\/uploads\/2025\/12\/Reunion-con-el-referente-sindical-Daer-150x113.jpeg 150w, https:\/\/www.hoymercedes.com.ar\/principal\/wp-content\/uploads\/2025\/12\/Reunion-con-el-referente-sindical-Daer-1536x1152.jpeg 1536w, https:\/\/www.hoymercedes.com.ar\/principal\/wp-content\/uploads\/2025\/12\/Reunion-con-el-referente-sindical-Daer-2048x1536.jpeg 2048w\" sizes=\"auto, (max-width: 1024px) 100vw, 1024px\" \/><\/figure>\n\n\n\n<p>El pasado martes 23 de diciembre las y los representantes de la CGT Regional Mercedes, se reunieron en Mercedes, con el referente sindical H\u00e9ctor Daer, actual Secretario de Organizaci\u00f3n y extriunviro de la CGT RA.<\/p>\n\n\n\n<p>Seg\u00fan comunicado emitido por la delegaci\u00f3n regional, indicaron que durante el encuentro se convers\u00f3 como eje central sobre los perjuicios para las y los trabajadores, de la Reforma Laboral de Milei que se est\u00e1 discutiendo en el Congreso.<\/p>\n\n\n\n<p>Asimismo, manifestaron que &nbsp;\u201ccada uno de los referentes sindicales de la Regional pudo compartir la situaci\u00f3n en la que se encuentra cada organizaci\u00f3n en particular\u201d.<\/p>\n\n\n\n<p>Tambi\u00e9n particip\u00f3 de la jornada el ex Diputado Nacional, Carlos Selva y el Delegado del Ministerio de Trabajo Fabi\u00e1n D\u00edaz, qui\u00e9n brind\u00f3 detalles de la situaci\u00f3n laboral en la ciudad, \u201cdonde m\u00e1s de 45 trabajadores por mes quedan sin empleo, de acuerdo a los \u00faltimos relevamientos\u201d, subraya el documento.<\/p>\n\n\n\n<p>En el&nbsp;comienzo del encuentro tom\u00f3 la palabra el Delegado Regional, Juan Mart\u00edn Andr\u00e9s,&nbsp; quien coment\u00f3 las distintas actividades y acciones que viene realizando la organizaci\u00f3n sindical desde la conformaci\u00f3n de la Mesa Sindical a la fecha. Como tambi\u00e9n las acciones mediante la participaci\u00f3n pol\u00edtica, educativa y social en distintos sectores.<\/p>\n\n\n\n<p>Se resalt\u00f3 la importancia de contar con un Centro de Formaci\u00f3n Laboral, en el cual este a\u00f1o se recibieron m\u00e1s 500 personas, \u201clo que representa una gran dinamizaci\u00f3n de la actividad en nuestras localidades cercanas\u201d, indicaron desde la CGT y agregaron que \u201cDaer comparti\u00f3 con los miembros de la CGT una mirada desde donde viene la central, donde se encuentra y hacia donde va, respecto de los \u00faltimos a\u00f1os de trabajo y de lucha. Como las estrategias planificadas de acciones en cuanto el panorama actual y futuro del pa\u00eds\u201d.<\/p>\n\n\n\n<p>Desde la CGT Regional Mercedes\/Navarro\/S.A. de Giles agradecieron \u201cla visita y calidad de tiempo compartido del Compa\u00f1ero y referente H\u00e9ctor Daer, quien con su experiencia, coherencia y convicci\u00f3n nos enmarca el rumbo de lucha y entrega que continuaremos siempre realizando\u201d, finaliza el comunicado de la Regional.<\/p>\n","protected":false},"excerpt":{"rendered":"<p>El pasado martes 23 de diciembre las y los representantes de la CGT Regional Mercedes, se reunieron en Mercedes, con &#8230; <a title=\"Representantes de la CGT Mercedes se reunieron con H\u00e9ctor Daer\" class=\"read-more\" href=\"https:\/\/www.hoymercedes.com.ar\/principal\/2025\/12\/29\/representantes-de-la-cgt-mercedes-se-reunieron-con-hector-daer\/\" aria-label=\"Leer m\u00e1s sobre Representantes de la CGT Mercedes se reunieron con H\u00e9ctor Daer\">Leer m\u00e1s<\/a><\/p>\n","protected":false},"author":1,"featured_media":190509,"comment_status":"closed","ping_status":"open","sticky":false,"template":"","format":"standard","meta":{"_monsterinsights_skip_tracking":false,"_monsterinsights_sitenote_active":false,"_monsterinsights_sitenote_note":"","_monsterinsights_sitenote_category":0,"jetpack_post_was_ever_published":false,"_jetpack_newsletter_access":"","_jetpack_dont_email_post_to_subs":false,"_jetpack_newsletter_tier_id":0,"_jetpack_memberships_contains_paywalled_content":false,"_jetpack_memberships_contains_paid_content":false,"footnotes":"","jetpack_publicize_message":"","jetpack_publicize_feature_enabled":true,"jetpack_social_post_already_shared":true,"jetpack_social_options":{"image_generator_settings":{"template":"highway","default_image_id":0,"font":"","enabled":false},"version":2},"_wpas_customize_per_network":false},"categories":[8],"tags":[20903],"class_list":["post-190508","post","type-post","status-publish","format-standard","has-post-thumbnail","hentry","category-sociedad","tag-representantes-de-la-cgt-mercedes-se-reunieron-con-hector-daer","generate-columns","tablet-grid-50","mobile-grid-100","grid-parent","grid-50"],"jetpack_publicize_connections":[],"jetpack_featured_media_url":"https:\/\/www.hoymercedes.com.ar\/principal\/wp-content\/uploads\/2025\/12\/Reunion-con-el-referente-sindical-Daer-scaled.jpeg","wps_subtitle":"Gremios","jetpack_sharing_enabled":true,"_links":{"self":[{"href":"https:\/\/www.hoymercedes.com.ar\/principal\/wp-json\/wp\/v2\/posts\/190508","targetHints":{"allow":["GET"]}}],"collection":[{"href":"https:\/\/www.hoymercedes.com.ar\/principal\/wp-json\/wp\/v2\/posts"}],"about":[{"href":"https:\/\/www.hoymercedes.com.ar\/principal\/wp-json\/wp\/v2\/types\/post"}],"author":[{"embeddable":true,"href":"https:\/\/www.hoymercedes.com.ar\/principal\/wp-json\/wp\/v2\/users\/1"}],"replies":[{"embeddable":true,"href":"https:\/\/www.hoymercedes.com.ar\/principal\/wp-json\/wp\/v2\/comments?post=190508"}],"version-history":[{"count":2,"href":"https:\/\/www.hoymercedes.com.ar\/principal\/wp-json\/wp\/v2\/posts\/190508\/revisions"}],"predecessor-version":[{"id":190511,"href":"https:\/\/www.hoymercedes.com.ar\/principal\/wp-json\/wp\/v2\/posts\/190508\/revisions\/190511"}],"wp:featuredmedia":[{"embeddable":true,"href":"https:\/\/www.hoymercedes.com.ar\/principal\/wp-json\/wp\/v2\/media\/190509"}],"wp:attachment":[{"href":"https:\/\/www.hoymercedes.com.ar\/principal\/wp-json\/wp\/v2\/media?parent=190508"}],"wp:term":[{"taxonomy":"category","embeddable":true,"href":"https:\/\/www.hoymercedes.com.ar\/principal\/wp-json\/wp\/v2\/categories?post=190508"},{"taxonomy":"post_tag","embeddable":true,"href":"https:\/\/www.hoymercedes.com.ar\/principal\/wp-json\/wp\/v2\/tags?post=190508"}],"curies":[{"name":"wp","href":"https:\/\/api.w.org\/{rel}","templated":true}]}}