{"id":190525,"date":"2025-12-30T12:51:03","date_gmt":"2025-12-30T15:51:03","guid":{"rendered":"https:\/\/www.hoymercedes.com.ar\/principal\/?p=190525"},"modified":"2025-12-30T12:52:13","modified_gmt":"2025-12-30T15:52:13","slug":"siniestro-vial-en-ruta-n41-involucra-a-un-camion-y-una-camioneta","status":"publish","type":"post","link":"https:\/\/www.hoymercedes.com.ar\/principal\/2025\/12\/30\/siniestro-vial-en-ruta-n41-involucra-a-un-camion-y-una-camioneta\/","title":{"rendered":"Siniestro vial en Ruta N\u00b041 involucra a un cami\u00f3n y una camioneta"},"content":{"rendered":"\n<figure class=\"wp-block-image size-large is-resized\"><img loading=\"lazy\" decoding=\"async\" width=\"1024\" height=\"768\" data-attachment-id=\"190526\" data-permalink=\"https:\/\/www.hoymercedes.com.ar\/principal\/2025\/12\/30\/siniestro-vial-en-ruta-n41-involucra-a-un-camion-y-una-camioneta\/siniestrovial-r41-3\/#main\" data-orig-file=\"https:\/\/www.hoymercedes.com.ar\/principal\/wp-content\/uploads\/2025\/12\/SiniestroVial-R41.jpg\" data-orig-size=\"1280,960\" data-comments-opened=\"0\" data-image-meta=\"{&quot;aperture&quot;:&quot;0&quot;,&quot;credit&quot;:&quot;&quot;,&quot;camera&quot;:&quot;&quot;,&quot;caption&quot;:&quot;&quot;,&quot;created_timestamp&quot;:&quot;0&quot;,&quot;copyright&quot;:&quot;&quot;,&quot;focal_length&quot;:&quot;0&quot;,&quot;iso&quot;:&quot;0&quot;,&quot;shutter_speed&quot;:&quot;0&quot;,&quot;title&quot;:&quot;&quot;,&quot;orientation&quot;:&quot;0&quot;}\" data-image-title=\"SiniestroVial-R41\" data-image-description=\"&lt;p&gt;Siniestro Vial &amp;#8211; Ruta 41&lt;\/p&gt;\n\" data-image-caption=\"&lt;p&gt;Siniestro Vial &amp;#8211; Ruta 41&lt;\/p&gt;\n\" data-large-file=\"https:\/\/www.hoymercedes.com.ar\/principal\/wp-content\/uploads\/2025\/12\/SiniestroVial-R41-1024x768.jpg\" src=\"https:\/\/www.hoymercedes.com.ar\/principal\/wp-content\/uploads\/2025\/12\/SiniestroVial-R41-1024x768.jpg\" alt=\"\" class=\"wp-image-190526\" style=\"width:1188px;height:auto\" srcset=\"https:\/\/www.hoymercedes.com.ar\/principal\/wp-content\/uploads\/2025\/12\/SiniestroVial-R41-1024x768.jpg 1024w, https:\/\/www.hoymercedes.com.ar\/principal\/wp-content\/uploads\/2025\/12\/SiniestroVial-R41-630x473.jpg 630w, https:\/\/www.hoymercedes.com.ar\/principal\/wp-content\/uploads\/2025\/12\/SiniestroVial-R41-150x113.jpg 150w, https:\/\/www.hoymercedes.com.ar\/principal\/wp-content\/uploads\/2025\/12\/SiniestroVial-R41.jpg 1280w\" sizes=\"auto, (max-width: 1024px) 100vw, 1024px\" \/><\/figure>\n\n\n\n<p>Un nuevo siniestro vial se produjo en el l\u00edmite entre Mercedes y Navarro, el cual demand\u00f3 la intervenci\u00f3n de distintas instituciones de emergencia, entre ellas el SAME, Bomberos y Protecci\u00f3n Civil de la Municipalidad de Mercedes.<\/p>\n\n\n\n<p>Desde el \u00e1rea de Protecci\u00f3n Civil, a cargo de la <strong>Lic. Agustina Lor\u00e9<\/strong>, informaron que el siniestro ocurri\u00f3 alrededor de las 09:50 hs e involucr\u00f3 a una camioneta F100 y un cami\u00f3n Tolva, a la altura del km 211.<\/p>\n\n\n\n<p>En el lugar trabajaron Bomberos de Mercedes y Navarro, dado que el hecho ocurri\u00f3 en una zona lim\u00edtrofe, lo que motiv\u00f3 una convocatoria de urgencia. Uno de los conductores fue trasladado al Hospital Dubarry con heridas de gravedad.<\/p>\n\n\n\n<p>En el operativo particip\u00f3 la mencionada \u00e1rea de Protecci\u00f3n Civil, dos ambulancias del SAME, Polic\u00eda Vial y Comunal de Mercedes, y dos dotaciones de bomberos de nuestra ciudad. La ruta permanece cortada al tr\u00e1nsito con desv\u00edos en dicho kilometraje, mientras se realizan las tareas de peritaje correspondientes.<\/p>\n","protected":false},"excerpt":{"rendered":"<p>Un nuevo siniestro vial se produjo en el l\u00edmite entre Mercedes y Navarro, el cual demand\u00f3 la intervenci\u00f3n de distintas &#8230; <a title=\"Siniestro vial en Ruta N\u00b041 involucra a un cami\u00f3n y una camioneta\" class=\"read-more\" href=\"https:\/\/www.hoymercedes.com.ar\/principal\/2025\/12\/30\/siniestro-vial-en-ruta-n41-involucra-a-un-camion-y-una-camioneta\/\" aria-label=\"Leer m\u00e1s sobre Siniestro vial en Ruta N\u00b041 involucra a un cami\u00f3n y una camioneta\">Leer m\u00e1s<\/a><\/p>\n","protected":false},"author":1,"featured_media":190526,"comment_status":"closed","ping_status":"open","sticky":false,"template":"","format":"standard","meta":{"_monsterinsights_skip_tracking":false,"_monsterinsights_sitenote_active":false,"_monsterinsights_sitenote_note":"","_monsterinsights_sitenote_category":0,"jetpack_post_was_ever_published":false,"_jetpack_newsletter_access":"","_jetpack_dont_email_post_to_subs":false,"_jetpack_newsletter_tier_id":0,"_jetpack_memberships_contains_paywalled_content":false,"_jetpack_memberships_contains_paid_content":false,"footnotes":"","jetpack_publicize_message":"","jetpack_publicize_feature_enabled":true,"jetpack_social_post_already_shared":true,"jetpack_social_options":{"image_generator_settings":{"template":"highway","default_image_id":0,"font":"","enabled":false},"version":2},"_wpas_customize_per_network":false},"categories":[85],"tags":[2670,10395],"class_list":["post-190525","post","type-post","status-publish","format-standard","has-post-thumbnail","hentry","category-policial","tag-ruta-41","tag-siniestro-vial","generate-columns","tablet-grid-50","mobile-grid-100","grid-parent","grid-50"],"jetpack_publicize_connections":[],"jetpack_featured_media_url":"https:\/\/www.hoymercedes.com.ar\/principal\/wp-content\/uploads\/2025\/12\/SiniestroVial-R41.jpg","wps_subtitle":"Entre Mercedes y Navarro","jetpack_sharing_enabled":true,"_links":{"self":[{"href":"https:\/\/www.hoymercedes.com.ar\/principal\/wp-json\/wp\/v2\/posts\/190525","targetHints":{"allow":["GET"]}}],"collection":[{"href":"https:\/\/www.hoymercedes.com.ar\/principal\/wp-json\/wp\/v2\/posts"}],"about":[{"href":"https:\/\/www.hoymercedes.com.ar\/principal\/wp-json\/wp\/v2\/types\/post"}],"author":[{"embeddable":true,"href":"https:\/\/www.hoymercedes.com.ar\/principal\/wp-json\/wp\/v2\/users\/1"}],"replies":[{"embeddable":true,"href":"https:\/\/www.hoymercedes.com.ar\/principal\/wp-json\/wp\/v2\/comments?post=190525"}],"version-history":[{"count":4,"href":"https:\/\/www.hoymercedes.com.ar\/principal\/wp-json\/wp\/v2\/posts\/190525\/revisions"}],"predecessor-version":[{"id":190530,"href":"https:\/\/www.hoymercedes.com.ar\/principal\/wp-json\/wp\/v2\/posts\/190525\/revisions\/190530"}],"wp:featuredmedia":[{"embeddable":true,"href":"https:\/\/www.hoymercedes.com.ar\/principal\/wp-json\/wp\/v2\/media\/190526"}],"wp:attachment":[{"href":"https:\/\/www.hoymercedes.com.ar\/principal\/wp-json\/wp\/v2\/media?parent=190525"}],"wp:term":[{"taxonomy":"category","embeddable":true,"href":"https:\/\/www.hoymercedes.com.ar\/principal\/wp-json\/wp\/v2\/categories?post=190525"},{"taxonomy":"post_tag","embeddable":true,"href":"https:\/\/www.hoymercedes.com.ar\/principal\/wp-json\/wp\/v2\/tags?post=190525"}],"curies":[{"name":"wp","href":"https:\/\/api.w.org\/{rel}","templated":true}]}}