{"id":190532,"date":"2025-12-30T21:19:16","date_gmt":"2025-12-31T00:19:16","guid":{"rendered":"https:\/\/www.hoymercedes.com.ar\/principal\/?p=190532"},"modified":"2025-12-30T21:19:18","modified_gmt":"2025-12-31T00:19:18","slug":"intensa-labor-para-sofocar-un-incendio-forestal","status":"publish","type":"post","link":"https:\/\/www.hoymercedes.com.ar\/principal\/2025\/12\/30\/intensa-labor-para-sofocar-un-incendio-forestal\/","title":{"rendered":"Intensa labor para sofocar un incendio forestal"},"content":{"rendered":"\n<p>Con el aumento de las temperaturas, la actividad de los Bomberos Voluntarios se intensifica notablemente. Entre las condiciones clim\u00e1ticas y la imprudencia humana, los incendios de pastizales y arboledas se han vuelto m\u00e1s frecuentes.<\/p>\n\n\n\n<figure class=\"wp-block-image size-large\"><img loading=\"lazy\" decoding=\"async\" width=\"1024\" height=\"576\" data-attachment-id=\"190533\" data-permalink=\"https:\/\/www.hoymercedes.com.ar\/principal\/2025\/12\/30\/intensa-labor-para-sofocar-un-incendio-forestal\/whatsapp-image-2025-12-30-at-21-14-14-1\/#main\" data-orig-file=\"https:\/\/www.hoymercedes.com.ar\/principal\/wp-content\/uploads\/2025\/12\/WhatsApp-Image-2025-12-30-at-21.14.14-1.jpeg\" data-orig-size=\"1280,720\" data-comments-opened=\"0\" data-image-meta=\"{&quot;aperture&quot;:&quot;0&quot;,&quot;credit&quot;:&quot;&quot;,&quot;camera&quot;:&quot;&quot;,&quot;caption&quot;:&quot;&quot;,&quot;created_timestamp&quot;:&quot;0&quot;,&quot;copyright&quot;:&quot;&quot;,&quot;focal_length&quot;:&quot;0&quot;,&quot;iso&quot;:&quot;0&quot;,&quot;shutter_speed&quot;:&quot;0&quot;,&quot;title&quot;:&quot;&quot;,&quot;orientation&quot;:&quot;0&quot;}\" data-image-title=\"WhatsApp Image 2025-12-30 at 21.14.14 (1)\" data-image-description=\"\" data-image-caption=\"\" data-large-file=\"https:\/\/www.hoymercedes.com.ar\/principal\/wp-content\/uploads\/2025\/12\/WhatsApp-Image-2025-12-30-at-21.14.14-1-1024x576.jpeg\" src=\"https:\/\/www.hoymercedes.com.ar\/principal\/wp-content\/uploads\/2025\/12\/WhatsApp-Image-2025-12-30-at-21.14.14-1-1024x576.jpeg\" alt=\"\" class=\"wp-image-190533\" srcset=\"https:\/\/www.hoymercedes.com.ar\/principal\/wp-content\/uploads\/2025\/12\/WhatsApp-Image-2025-12-30-at-21.14.14-1-1024x576.jpeg 1024w, https:\/\/www.hoymercedes.com.ar\/principal\/wp-content\/uploads\/2025\/12\/WhatsApp-Image-2025-12-30-at-21.14.14-1-630x354.jpeg 630w, https:\/\/www.hoymercedes.com.ar\/principal\/wp-content\/uploads\/2025\/12\/WhatsApp-Image-2025-12-30-at-21.14.14-1-150x84.jpeg 150w, https:\/\/www.hoymercedes.com.ar\/principal\/wp-content\/uploads\/2025\/12\/WhatsApp-Image-2025-12-30-at-21.14.14-1.jpeg 1280w\" sizes=\"auto, (max-width: 1024px) 100vw, 1024px\" \/><\/figure>\n\n\n\n<p>En este contexto, la Direcci\u00f3n de Protecci\u00f3n Civil municipal brind\u00f3 acompa\u00f1amiento constante durante las tareas de control.<\/p>\n\n\n\n<p>Respecto al hecho, la Lic. Agustina Lor\u00e9, responsable de Protecci\u00f3n Civil, inform\u00f3 que tras un esfuerzo prolongado se logr\u00f3 evitar que un incendio de tipo forestal \u2014que afect\u00f3 c\u00e9sped y arboledas en la localidad de Altamira\u2014 pasara a mayores.<\/p>\n\n\n\n<p>Las dotaciones de Bomberos estuvieron bajo el mando de Pablo Marconi. La magnitud del siniestro qued\u00f3 evidenciada por la necesidad de intervenir con tres unidades m\u00f3viles para lograr su extinci\u00f3n total.<\/p>\n\n\n\n<figure class=\"wp-block-image size-large\"><img loading=\"lazy\" decoding=\"async\" width=\"1024\" height=\"576\" data-attachment-id=\"190534\" data-permalink=\"https:\/\/www.hoymercedes.com.ar\/principal\/2025\/12\/30\/intensa-labor-para-sofocar-un-incendio-forestal\/whatsapp-image-2025-12-30-at-21-14-14\/#main\" data-orig-file=\"https:\/\/www.hoymercedes.com.ar\/principal\/wp-content\/uploads\/2025\/12\/WhatsApp-Image-2025-12-30-at-21.14.14.jpeg\" data-orig-size=\"1280,720\" data-comments-opened=\"0\" data-image-meta=\"{&quot;aperture&quot;:&quot;0&quot;,&quot;credit&quot;:&quot;&quot;,&quot;camera&quot;:&quot;&quot;,&quot;caption&quot;:&quot;&quot;,&quot;created_timestamp&quot;:&quot;0&quot;,&quot;copyright&quot;:&quot;&quot;,&quot;focal_length&quot;:&quot;0&quot;,&quot;iso&quot;:&quot;0&quot;,&quot;shutter_speed&quot;:&quot;0&quot;,&quot;title&quot;:&quot;&quot;,&quot;orientation&quot;:&quot;0&quot;}\" data-image-title=\"WhatsApp Image 2025-12-30 at 21.14.14\" data-image-description=\"\" data-image-caption=\"\" data-large-file=\"https:\/\/www.hoymercedes.com.ar\/principal\/wp-content\/uploads\/2025\/12\/WhatsApp-Image-2025-12-30-at-21.14.14-1024x576.jpeg\" src=\"https:\/\/www.hoymercedes.com.ar\/principal\/wp-content\/uploads\/2025\/12\/WhatsApp-Image-2025-12-30-at-21.14.14-1024x576.jpeg\" alt=\"\" class=\"wp-image-190534\" srcset=\"https:\/\/www.hoymercedes.com.ar\/principal\/wp-content\/uploads\/2025\/12\/WhatsApp-Image-2025-12-30-at-21.14.14-1024x576.jpeg 1024w, https:\/\/www.hoymercedes.com.ar\/principal\/wp-content\/uploads\/2025\/12\/WhatsApp-Image-2025-12-30-at-21.14.14-630x354.jpeg 630w, https:\/\/www.hoymercedes.com.ar\/principal\/wp-content\/uploads\/2025\/12\/WhatsApp-Image-2025-12-30-at-21.14.14-150x84.jpeg 150w, https:\/\/www.hoymercedes.com.ar\/principal\/wp-content\/uploads\/2025\/12\/WhatsApp-Image-2025-12-30-at-21.14.14.jpeg 1280w\" sizes=\"auto, (max-width: 1024px) 100vw, 1024px\" \/><\/figure>\n\n\n\n<p>Desde Protecci\u00f3n Civil, que adem\u00e1s tiene car\u00e1cter regional, recordaton a la poblaci\u00f3n:<\/p>\n\n\n\n<p>Prevenir es la mejor herramienta para proteger nuestro entorno y la seguridad de los vecinos.<\/p>\n\n\n\n<ul class=\"wp-block-list\">\n<li>Evita las quemas de basura o restos de poda: En d\u00edas de calor o viento, una peque\u00f1a chispa puede descontrolarse r\u00e1pidamente.<\/li>\n\n\n\n<li>No arrojes colillas ni f\u00f3sforos: Nunca tires restos de cigarrillos encendidos desde veh\u00edculos o mientras caminas por zonas rurales.<\/li>\n\n\n\n<li>Manten\u00e9 el pasto corto: Alrededor de las viviendas, el pasto corto act\u00faa como una barrera natural que dificulta el avance del fuego.<\/li>\n\n\n\n<li>Cuidado con los vidrios: No dejes botellas o trozos de vidrio en el campo; el sol puede generar un \u00abefecto lupa\u00bb e iniciar un foco \u00edgneo.<\/li>\n\n\n\n<li>Fogones responsables: no realices fogones en zonas abiertas, publicas o descampadas.<\/li>\n<\/ul>\n\n\n\n<p>En caso de ver una columna de humo, comun\u00edcate de inmediato con los Bomberos (100) o Protecci\u00f3n Civil (147)<\/p>\n\n\n\n<figure class=\"wp-block-image size-large\"><img loading=\"lazy\" decoding=\"async\" width=\"1024\" height=\"576\" data-attachment-id=\"190535\" data-permalink=\"https:\/\/www.hoymercedes.com.ar\/principal\/2025\/12\/30\/intensa-labor-para-sofocar-un-incendio-forestal\/whatsapp-image-2025-12-30-at-21-14-13\/#main\" data-orig-file=\"https:\/\/www.hoymercedes.com.ar\/principal\/wp-content\/uploads\/2025\/12\/WhatsApp-Image-2025-12-30-at-21.14.13.jpeg\" data-orig-size=\"1280,720\" data-comments-opened=\"0\" data-image-meta=\"{&quot;aperture&quot;:&quot;0&quot;,&quot;credit&quot;:&quot;&quot;,&quot;camera&quot;:&quot;&quot;,&quot;caption&quot;:&quot;&quot;,&quot;created_timestamp&quot;:&quot;0&quot;,&quot;copyright&quot;:&quot;&quot;,&quot;focal_length&quot;:&quot;0&quot;,&quot;iso&quot;:&quot;0&quot;,&quot;shutter_speed&quot;:&quot;0&quot;,&quot;title&quot;:&quot;&quot;,&quot;orientation&quot;:&quot;0&quot;}\" data-image-title=\"WhatsApp Image 2025-12-30 at 21.14.13\" data-image-description=\"\" data-image-caption=\"\" data-large-file=\"https:\/\/www.hoymercedes.com.ar\/principal\/wp-content\/uploads\/2025\/12\/WhatsApp-Image-2025-12-30-at-21.14.13-1024x576.jpeg\" src=\"https:\/\/www.hoymercedes.com.ar\/principal\/wp-content\/uploads\/2025\/12\/WhatsApp-Image-2025-12-30-at-21.14.13-1024x576.jpeg\" alt=\"\" class=\"wp-image-190535\" srcset=\"https:\/\/www.hoymercedes.com.ar\/principal\/wp-content\/uploads\/2025\/12\/WhatsApp-Image-2025-12-30-at-21.14.13-1024x576.jpeg 1024w, https:\/\/www.hoymercedes.com.ar\/principal\/wp-content\/uploads\/2025\/12\/WhatsApp-Image-2025-12-30-at-21.14.13-630x354.jpeg 630w, https:\/\/www.hoymercedes.com.ar\/principal\/wp-content\/uploads\/2025\/12\/WhatsApp-Image-2025-12-30-at-21.14.13-150x84.jpeg 150w, https:\/\/www.hoymercedes.com.ar\/principal\/wp-content\/uploads\/2025\/12\/WhatsApp-Image-2025-12-30-at-21.14.13.jpeg 1280w\" sizes=\"auto, (max-width: 1024px) 100vw, 1024px\" \/><\/figure>\n","protected":false},"excerpt":{"rendered":"<p>Con el aumento de las temperaturas, la actividad de los Bomberos Voluntarios se intensifica notablemente. Entre las condiciones clim\u00e1ticas y &#8230; <a title=\"Intensa labor para sofocar un incendio forestal\" class=\"read-more\" href=\"https:\/\/www.hoymercedes.com.ar\/principal\/2025\/12\/30\/intensa-labor-para-sofocar-un-incendio-forestal\/\" aria-label=\"Leer m\u00e1s sobre Intensa labor para sofocar un incendio forestal\">Leer m\u00e1s<\/a><\/p>\n","protected":false},"author":1,"featured_media":190533,"comment_status":"closed","ping_status":"open","sticky":false,"template":"","format":"standard","meta":{"_monsterinsights_skip_tracking":false,"_monsterinsights_sitenote_active":false,"_monsterinsights_sitenote_note":"","_monsterinsights_sitenote_category":0,"jetpack_post_was_ever_published":false,"_jetpack_newsletter_access":"","_jetpack_dont_email_post_to_subs":false,"_jetpack_newsletter_tier_id":0,"_jetpack_memberships_contains_paywalled_content":false,"_jetpack_memberships_contains_paid_content":false,"footnotes":"","jetpack_publicize_message":"","jetpack_publicize_feature_enabled":true,"jetpack_social_post_already_shared":true,"jetpack_social_options":{"image_generator_settings":{"template":"highway","default_image_id":0,"font":"","enabled":false},"version":2},"_wpas_customize_per_network":false},"categories":[8],"tags":[],"class_list":["post-190532","post","type-post","status-publish","format-standard","has-post-thumbnail","hentry","category-sociedad","generate-columns","tablet-grid-50","mobile-grid-100","grid-parent","grid-50"],"jetpack_publicize_connections":[],"jetpack_featured_media_url":"https:\/\/www.hoymercedes.com.ar\/principal\/wp-content\/uploads\/2025\/12\/WhatsApp-Image-2025-12-30-at-21.14.14-1.jpeg","wps_subtitle":"","jetpack_sharing_enabled":true,"_links":{"self":[{"href":"https:\/\/www.hoymercedes.com.ar\/principal\/wp-json\/wp\/v2\/posts\/190532","targetHints":{"allow":["GET"]}}],"collection":[{"href":"https:\/\/www.hoymercedes.com.ar\/principal\/wp-json\/wp\/v2\/posts"}],"about":[{"href":"https:\/\/www.hoymercedes.com.ar\/principal\/wp-json\/wp\/v2\/types\/post"}],"author":[{"embeddable":true,"href":"https:\/\/www.hoymercedes.com.ar\/principal\/wp-json\/wp\/v2\/users\/1"}],"replies":[{"embeddable":true,"href":"https:\/\/www.hoymercedes.com.ar\/principal\/wp-json\/wp\/v2\/comments?post=190532"}],"version-history":[{"count":1,"href":"https:\/\/www.hoymercedes.com.ar\/principal\/wp-json\/wp\/v2\/posts\/190532\/revisions"}],"predecessor-version":[{"id":190536,"href":"https:\/\/www.hoymercedes.com.ar\/principal\/wp-json\/wp\/v2\/posts\/190532\/revisions\/190536"}],"wp:featuredmedia":[{"embeddable":true,"href":"https:\/\/www.hoymercedes.com.ar\/principal\/wp-json\/wp\/v2\/media\/190533"}],"wp:attachment":[{"href":"https:\/\/www.hoymercedes.com.ar\/principal\/wp-json\/wp\/v2\/media?parent=190532"}],"wp:term":[{"taxonomy":"category","embeddable":true,"href":"https:\/\/www.hoymercedes.com.ar\/principal\/wp-json\/wp\/v2\/categories?post=190532"},{"taxonomy":"post_tag","embeddable":true,"href":"https:\/\/www.hoymercedes.com.ar\/principal\/wp-json\/wp\/v2\/tags?post=190532"}],"curies":[{"name":"wp","href":"https:\/\/api.w.org\/{rel}","templated":true}]}}