{"id":190544,"date":"2025-12-30T22:11:33","date_gmt":"2025-12-31T01:11:33","guid":{"rendered":"https:\/\/www.hoymercedes.com.ar\/principal\/?p=190544"},"modified":"2025-12-30T22:12:32","modified_gmt":"2025-12-31T01:12:32","slug":"ruta-n41-segundo-siniestro-vial-en-el-dia","status":"publish","type":"post","link":"https:\/\/www.hoymercedes.com.ar\/principal\/2025\/12\/30\/ruta-n41-segundo-siniestro-vial-en-el-dia\/","title":{"rendered":"Ruta N\u00b041: segundo siniestro vial en el dia"},"content":{"rendered":"\n<p>En Ruta N\u00b0 41 entre Mercedes y Navarro se produjo un segundo siniestro vial d este martes 30. Involucr\u00f3 una Amarok y un VW Gold. Fue muy cerca de donde a primera hora se vivi\u00f3 otro con un cami\u00f3n y una camioneta.<\/p>\n\n\n\n<figure class=\"wp-block-image size-large is-resized\"><img loading=\"lazy\" decoding=\"async\" width=\"768\" height=\"1024\" data-attachment-id=\"190545\" data-permalink=\"https:\/\/www.hoymercedes.com.ar\/principal\/2025\/12\/30\/ruta-n41-segundo-siniestro-vial-en-el-dia\/whatsapp-image-2025-12-30-at-21-51-33\/#main\" data-orig-file=\"https:\/\/www.hoymercedes.com.ar\/principal\/wp-content\/uploads\/2025\/12\/WhatsApp-Image-2025-12-30-at-21.51.33.jpeg\" data-orig-size=\"1200,1600\" data-comments-opened=\"0\" data-image-meta=\"{&quot;aperture&quot;:&quot;0&quot;,&quot;credit&quot;:&quot;&quot;,&quot;camera&quot;:&quot;&quot;,&quot;caption&quot;:&quot;&quot;,&quot;created_timestamp&quot;:&quot;0&quot;,&quot;copyright&quot;:&quot;&quot;,&quot;focal_length&quot;:&quot;0&quot;,&quot;iso&quot;:&quot;0&quot;,&quot;shutter_speed&quot;:&quot;0&quot;,&quot;title&quot;:&quot;&quot;,&quot;orientation&quot;:&quot;0&quot;}\" data-image-title=\"WhatsApp Image 2025-12-30 at 21.51.33\" data-image-description=\"\" data-image-caption=\"\" data-large-file=\"https:\/\/www.hoymercedes.com.ar\/principal\/wp-content\/uploads\/2025\/12\/WhatsApp-Image-2025-12-30-at-21.51.33-768x1024.jpeg\" src=\"https:\/\/www.hoymercedes.com.ar\/principal\/wp-content\/uploads\/2025\/12\/WhatsApp-Image-2025-12-30-at-21.51.33-768x1024.jpeg\" alt=\"\" class=\"wp-image-190545\" style=\"width:686px;height:auto\" srcset=\"https:\/\/www.hoymercedes.com.ar\/principal\/wp-content\/uploads\/2025\/12\/WhatsApp-Image-2025-12-30-at-21.51.33-768x1024.jpeg 768w, https:\/\/www.hoymercedes.com.ar\/principal\/wp-content\/uploads\/2025\/12\/WhatsApp-Image-2025-12-30-at-21.51.33-465x620.jpeg 465w, https:\/\/www.hoymercedes.com.ar\/principal\/wp-content\/uploads\/2025\/12\/WhatsApp-Image-2025-12-30-at-21.51.33-113x150.jpeg 113w, https:\/\/www.hoymercedes.com.ar\/principal\/wp-content\/uploads\/2025\/12\/WhatsApp-Image-2025-12-30-at-21.51.33-1152x1536.jpeg 1152w, https:\/\/www.hoymercedes.com.ar\/principal\/wp-content\/uploads\/2025\/12\/WhatsApp-Image-2025-12-30-at-21.51.33.jpeg 1200w\" sizes=\"auto, (max-width: 768px) 100vw, 768px\" \/><\/figure>\n\n\n\n<p>Consultada ma direcci\u00f3n de Protecci\u00f3n Civil a cargo de la Lic. Agustina Lor\u00e9, confirmaron el hecho y la necesidad de asistencia a los involucrados.<\/p>\n\n\n\n<p>Fue en el km 212 de la mencionada ruta, generandose la alerta a las 14hs.<\/p>\n\n\n\n<p>El siniestro fue un choque entre una camioneta Amarok y VW Gol trend.<\/p>\n\n\n\n<p>La Amarok termin\u00f3 sin da\u00f1os y lo m\u00e1s importante los ocupantes sin lesiones.<\/p>\n\n\n\n<figure class=\"wp-block-image size-large\"><img loading=\"lazy\" decoding=\"async\" width=\"576\" height=\"1024\" data-attachment-id=\"190547\" data-permalink=\"https:\/\/www.hoymercedes.com.ar\/principal\/2025\/12\/30\/ruta-n41-segundo-siniestro-vial-en-el-dia\/whatsapp-image-2025-12-30-at-21-51-32\/#main\" data-orig-file=\"https:\/\/www.hoymercedes.com.ar\/principal\/wp-content\/uploads\/2025\/12\/WhatsApp-Image-2025-12-30-at-21.51.32.jpeg\" data-orig-size=\"720,1280\" data-comments-opened=\"0\" data-image-meta=\"{&quot;aperture&quot;:&quot;0&quot;,&quot;credit&quot;:&quot;&quot;,&quot;camera&quot;:&quot;&quot;,&quot;caption&quot;:&quot;&quot;,&quot;created_timestamp&quot;:&quot;0&quot;,&quot;copyright&quot;:&quot;&quot;,&quot;focal_length&quot;:&quot;0&quot;,&quot;iso&quot;:&quot;0&quot;,&quot;shutter_speed&quot;:&quot;0&quot;,&quot;title&quot;:&quot;&quot;,&quot;orientation&quot;:&quot;0&quot;}\" data-image-title=\"WhatsApp Image 2025-12-30 at 21.51.32\" data-image-description=\"\" data-image-caption=\"\" data-large-file=\"https:\/\/www.hoymercedes.com.ar\/principal\/wp-content\/uploads\/2025\/12\/WhatsApp-Image-2025-12-30-at-21.51.32-576x1024.jpeg\" src=\"https:\/\/www.hoymercedes.com.ar\/principal\/wp-content\/uploads\/2025\/12\/WhatsApp-Image-2025-12-30-at-21.51.32-576x1024.jpeg\" alt=\"\" class=\"wp-image-190547\" srcset=\"https:\/\/www.hoymercedes.com.ar\/principal\/wp-content\/uploads\/2025\/12\/WhatsApp-Image-2025-12-30-at-21.51.32-576x1024.jpeg 576w, https:\/\/www.hoymercedes.com.ar\/principal\/wp-content\/uploads\/2025\/12\/WhatsApp-Image-2025-12-30-at-21.51.32-349x620.jpeg 349w, https:\/\/www.hoymercedes.com.ar\/principal\/wp-content\/uploads\/2025\/12\/WhatsApp-Image-2025-12-30-at-21.51.32-84x150.jpeg 84w, https:\/\/www.hoymercedes.com.ar\/principal\/wp-content\/uploads\/2025\/12\/WhatsApp-Image-2025-12-30-at-21.51.32.jpeg 720w\" sizes=\"auto, (max-width: 576px) 100vw, 576px\" \/><\/figure>\n\n\n\n<p>En cuanto al Gol Trend sus 2 ocupantes debieron ser trasladados al Dubarry, principalmente por precauci\u00f3n con dolores leves por la explosi\u00f3n de los airbags de seguridad.<\/p>\n\n\n\n<p>Trabajaronnen el lugar 3l m\u00f3vil 40 de Bomberos de nuestra ciudad a cargo de Nicol\u00e1s Mosquera, Protecci\u00f3n Civil, Policias Rural y Vial.<\/p>\n\n\n\n<p>Como medida se efectu\u00f3 un lavado de la calsada y r\u00e1pidamente se pudo restaurar el tr\u00e1nsito habitual.<\/p>\n","protected":false},"excerpt":{"rendered":"<p>En Ruta N\u00b0 41 entre Mercedes y Navarro se produjo un segundo siniestro vial d este martes 30. Involucr\u00f3 una &#8230; <a title=\"Ruta N\u00b041: segundo siniestro vial en el dia\" class=\"read-more\" href=\"https:\/\/www.hoymercedes.com.ar\/principal\/2025\/12\/30\/ruta-n41-segundo-siniestro-vial-en-el-dia\/\" aria-label=\"Leer m\u00e1s sobre Ruta N\u00b041: segundo siniestro vial en el dia\">Leer m\u00e1s<\/a><\/p>\n","protected":false},"author":1,"featured_media":190545,"comment_status":"closed","ping_status":"open","sticky":false,"template":"","format":"standard","meta":{"_monsterinsights_skip_tracking":false,"_monsterinsights_sitenote_active":false,"_monsterinsights_sitenote_note":"","_monsterinsights_sitenote_category":0,"jetpack_post_was_ever_published":false,"_jetpack_newsletter_access":"","_jetpack_dont_email_post_to_subs":false,"_jetpack_newsletter_tier_id":0,"_jetpack_memberships_contains_paywalled_content":false,"_jetpack_memberships_contains_paid_content":false,"footnotes":"","jetpack_publicize_message":"","jetpack_publicize_feature_enabled":true,"jetpack_social_post_already_shared":true,"jetpack_social_options":{"image_generator_settings":{"template":"highway","default_image_id":0,"font":"","enabled":false},"version":2},"_wpas_customize_per_network":false},"categories":[8],"tags":[],"class_list":["post-190544","post","type-post","status-publish","format-standard","has-post-thumbnail","hentry","category-sociedad","generate-columns","tablet-grid-50","mobile-grid-100","grid-parent","grid-50"],"jetpack_publicize_connections":[],"jetpack_featured_media_url":"https:\/\/www.hoymercedes.com.ar\/principal\/wp-content\/uploads\/2025\/12\/WhatsApp-Image-2025-12-30-at-21.51.33.jpeg","wps_subtitle":"","jetpack_sharing_enabled":true,"_links":{"self":[{"href":"https:\/\/www.hoymercedes.com.ar\/principal\/wp-json\/wp\/v2\/posts\/190544","targetHints":{"allow":["GET"]}}],"collection":[{"href":"https:\/\/www.hoymercedes.com.ar\/principal\/wp-json\/wp\/v2\/posts"}],"about":[{"href":"https:\/\/www.hoymercedes.com.ar\/principal\/wp-json\/wp\/v2\/types\/post"}],"author":[{"embeddable":true,"href":"https:\/\/www.hoymercedes.com.ar\/principal\/wp-json\/wp\/v2\/users\/1"}],"replies":[{"embeddable":true,"href":"https:\/\/www.hoymercedes.com.ar\/principal\/wp-json\/wp\/v2\/comments?post=190544"}],"version-history":[{"count":2,"href":"https:\/\/www.hoymercedes.com.ar\/principal\/wp-json\/wp\/v2\/posts\/190544\/revisions"}],"predecessor-version":[{"id":190548,"href":"https:\/\/www.hoymercedes.com.ar\/principal\/wp-json\/wp\/v2\/posts\/190544\/revisions\/190548"}],"wp:featuredmedia":[{"embeddable":true,"href":"https:\/\/www.hoymercedes.com.ar\/principal\/wp-json\/wp\/v2\/media\/190545"}],"wp:attachment":[{"href":"https:\/\/www.hoymercedes.com.ar\/principal\/wp-json\/wp\/v2\/media?parent=190544"}],"wp:term":[{"taxonomy":"category","embeddable":true,"href":"https:\/\/www.hoymercedes.com.ar\/principal\/wp-json\/wp\/v2\/categories?post=190544"},{"taxonomy":"post_tag","embeddable":true,"href":"https:\/\/www.hoymercedes.com.ar\/principal\/wp-json\/wp\/v2\/tags?post=190544"}],"curies":[{"name":"wp","href":"https:\/\/api.w.org\/{rel}","templated":true}]}}