{"id":190549,"date":"2025-12-31T00:11:42","date_gmt":"2025-12-31T03:11:42","guid":{"rendered":"https:\/\/www.hoymercedes.com.ar\/principal\/?p=190549"},"modified":"2025-12-31T00:11:44","modified_gmt":"2025-12-31T03:11:44","slug":"aumentos-y-cortes-de-energia-constantes","status":"publish","type":"post","link":"https:\/\/www.hoymercedes.com.ar\/principal\/2025\/12\/31\/aumentos-y-cortes-de-energia-constantes\/","title":{"rendered":"Aumentos y cortes de energ\u00eda constantes"},"content":{"rendered":"\n<p><\/p>\n\n\n\n<p>Dir\u00e1n que es la ola de calor, pero la realidad es que los <strong>cortes<\/strong> de energ\u00eda el\u00e9ctrica son constantes, casi diarios, en empresas privadas con un <strong>baj\u00edsimo<\/strong> nivel de eficiencia, incluso en \u00e9pocas de <strong>ca\u00edda<\/strong> del consumo industrial y productivo.<\/p>\n\n\n\n<p>Durante toda la jornada, y en las anteriores, las familias mercedinas padecieron corte tras corte en distintos horarios. Obviamente <strong>sin<\/strong> explicaciones y sin que luego impacte compensaci\u00f3n alguna en las facturas que religiosamente llegan a cada domicilio.<\/p>\n\n\n\n<p>A la par de este panorama de mal servicio, nos encontramos con que los diarios nacionales ya <strong>alertaron<\/strong> que el Gobierno nacional autorizar\u00e1 un aumento para enero, otros para febrero y marzo, buscando arribar <strong>al<\/strong> 75% de suba.<\/p>\n\n\n\n<p>A todo eso, desde que asumi\u00f3 Milei, <strong>llevan<\/strong> aumentos del 344%, mientras que los salarios <strong>rozaron<\/strong> el 200%, dejando en claro la p\u00e9rdida de poder adquisitivo para las familias y la suba de ganancias para las empresas que, llegado el calor, se les viene abajo el servicio.<\/p>\n\n\n\n<p>Lo privado, al final, no siempre funciona con la eficiencia y eficacia que alegan, a pesar de siempre tener ganancias abultadas.<\/p>\n","protected":false},"excerpt":{"rendered":"<p>Dir\u00e1n que es la ola de calor, pero la realidad es que los cortes de energ\u00eda el\u00e9ctrica son constantes, casi &#8230; <a title=\"Aumentos y cortes de energ\u00eda constantes\" class=\"read-more\" href=\"https:\/\/www.hoymercedes.com.ar\/principal\/2025\/12\/31\/aumentos-y-cortes-de-energia-constantes\/\" aria-label=\"Leer m\u00e1s sobre Aumentos y cortes de energ\u00eda constantes\">Leer m\u00e1s<\/a><\/p>\n","protected":false},"author":1,"featured_media":190551,"comment_status":"closed","ping_status":"open","sticky":false,"template":"","format":"standard","meta":{"_monsterinsights_skip_tracking":false,"_monsterinsights_sitenote_active":false,"_monsterinsights_sitenote_note":"","_monsterinsights_sitenote_category":0,"jetpack_post_was_ever_published":false,"_jetpack_newsletter_access":"","_jetpack_dont_email_post_to_subs":false,"_jetpack_newsletter_tier_id":0,"_jetpack_memberships_contains_paywalled_content":false,"_jetpack_memberships_contains_paid_content":false,"footnotes":"","jetpack_publicize_message":"","jetpack_publicize_feature_enabled":true,"jetpack_social_post_already_shared":true,"jetpack_social_options":{"image_generator_settings":{"template":"highway","default_image_id":0,"font":"","enabled":false},"version":2},"_wpas_customize_per_network":false},"categories":[8],"tags":[20905],"class_list":["post-190549","post","type-post","status-publish","format-standard","has-post-thumbnail","hentry","category-sociedad","tag-cortes-de-energia-constantes","generate-columns","tablet-grid-50","mobile-grid-100","grid-parent","grid-50"],"jetpack_publicize_connections":[],"jetpack_featured_media_url":"https:\/\/www.hoymercedes.com.ar\/principal\/wp-content\/uploads\/2025\/12\/Gemini_Generated_Image_uwj1akuwj1akuwj1-scaled.png","wps_subtitle":"","jetpack_sharing_enabled":true,"_links":{"self":[{"href":"https:\/\/www.hoymercedes.com.ar\/principal\/wp-json\/wp\/v2\/posts\/190549","targetHints":{"allow":["GET"]}}],"collection":[{"href":"https:\/\/www.hoymercedes.com.ar\/principal\/wp-json\/wp\/v2\/posts"}],"about":[{"href":"https:\/\/www.hoymercedes.com.ar\/principal\/wp-json\/wp\/v2\/types\/post"}],"author":[{"embeddable":true,"href":"https:\/\/www.hoymercedes.com.ar\/principal\/wp-json\/wp\/v2\/users\/1"}],"replies":[{"embeddable":true,"href":"https:\/\/www.hoymercedes.com.ar\/principal\/wp-json\/wp\/v2\/comments?post=190549"}],"version-history":[{"count":1,"href":"https:\/\/www.hoymercedes.com.ar\/principal\/wp-json\/wp\/v2\/posts\/190549\/revisions"}],"predecessor-version":[{"id":190552,"href":"https:\/\/www.hoymercedes.com.ar\/principal\/wp-json\/wp\/v2\/posts\/190549\/revisions\/190552"}],"wp:featuredmedia":[{"embeddable":true,"href":"https:\/\/www.hoymercedes.com.ar\/principal\/wp-json\/wp\/v2\/media\/190551"}],"wp:attachment":[{"href":"https:\/\/www.hoymercedes.com.ar\/principal\/wp-json\/wp\/v2\/media?parent=190549"}],"wp:term":[{"taxonomy":"category","embeddable":true,"href":"https:\/\/www.hoymercedes.com.ar\/principal\/wp-json\/wp\/v2\/categories?post=190549"},{"taxonomy":"post_tag","embeddable":true,"href":"https:\/\/www.hoymercedes.com.ar\/principal\/wp-json\/wp\/v2\/tags?post=190549"}],"curies":[{"name":"wp","href":"https:\/\/api.w.org\/{rel}","templated":true}]}}