{"id":190599,"date":"2026-01-02T10:02:51","date_gmt":"2026-01-02T13:02:51","guid":{"rendered":"https:\/\/www.hoymercedes.com.ar\/principal\/?p=190599"},"modified":"2026-01-02T10:02:54","modified_gmt":"2026-01-02T13:02:54","slug":"el-boleto-de-colectivo-aumenta-un-45","status":"publish","type":"post","link":"https:\/\/www.hoymercedes.com.ar\/principal\/2026\/01\/02\/el-boleto-de-colectivo-aumenta-un-45\/","title":{"rendered":"El boleto de colectivo aumenta un 4,5%"},"content":{"rendered":"\n<p>Impactar\u00e1 para los mercedinos que d\u00eda a d\u00eda viajan, especialmente a Luj\u00e1n, Capital y La Plata. Tambi\u00e9n otros destinos. La medida rige desde este viernes 2 de enero y afecta a las l\u00edneas urbanas e interurbanas del AMBA. Es el segundo incremento en menos de un mes.<\/p>\n\n\n\n<p>El a\u00f1o comienza con un nuevo ajuste para los usuarios del transporte p\u00fablico en el Gran Buenos Aires y Mercedes se ver\u00e1 afectado con el 57 Atl\u00e1ntida, Chavellier, Transporte Automotores La Plata, principalmente.<\/p>\n\n\n\n<p>Tras la publicaci\u00f3n de la resoluci\u00f3n en el Bolet\u00edn Oficial, el Gobierno bonaerense formaliz\u00f3 un <strong>incremento promedio del 4,5%<\/strong> en las tarifas de los colectivos que circulan en el \u00c1rea Metropolitana de Buenos Aires (AMBA).<\/p>\n\n\n\n<p>Esta suba no solo impacta en los recorridos urbanos, sino que tambi\u00e9n alcanza al servicio interurbano de media distancia en las zonas aleda\u00f1as a la Ciudad Aut\u00f3noma de Buenos Aires.<\/p>\n\n\n\n<h3 class=\"wp-block-heading\">Antecedentes y justificaci\u00f3n<\/h3>\n\n\n\n<p>El aumento se suma al <strong>14,8% aplicado durante el pasado mes de diciembre<\/strong>, completando un esquema de ajustes que el Ejecutivo provincial calific\u00f3 como \u00abextraordinario\u00bb y necesario para evitar el colapso del sistema de transporte por automotor.<\/p>\n\n\n\n<h3 class=\"wp-block-heading\"><\/h3>\n\n\n\n<figure class=\"wp-block-table\"><table class=\"has-fixed-layout\"><thead><tr><td><strong>Tramo de recorrido<\/strong><\/td><td><strong>Tarifa SUBE Registrada<\/strong><\/td><td><strong>Tarifa SUBE sin nominar<\/strong><\/td><\/tr><\/thead><tbody><tr><td><strong>0 &#8211; 3 km<\/strong><\/td><td>$688,40<\/td><td>$1094,55<\/td><\/tr><tr><td><strong>3 &#8211; 6 km<\/strong><\/td><td>$766,88<\/td><td>$1219,33<\/td><\/tr><tr><td><strong>6 &#8211; 12 km<\/strong><\/td><td>$825,95<\/td><td>$1313,26<\/td><\/tr><tr><td><strong>12 &#8211; 27 km<\/strong><\/td><td>$885,09<\/td><td>$1407,29<\/td><\/tr><tr><td><strong>M\u00e1s de 27 km<\/strong><\/td><td>$943,81<\/td><td>$1500,65<\/td><\/tr><\/tbody><\/table><\/figure>\n","protected":false},"excerpt":{"rendered":"<p>Impactar\u00e1 para los mercedinos que d\u00eda a d\u00eda viajan, especialmente a Luj\u00e1n, Capital y La Plata. Tambi\u00e9n otros destinos. La &#8230; <a title=\"El boleto de colectivo aumenta un 4,5%\" class=\"read-more\" href=\"https:\/\/www.hoymercedes.com.ar\/principal\/2026\/01\/02\/el-boleto-de-colectivo-aumenta-un-45\/\" aria-label=\"Leer m\u00e1s sobre El boleto de colectivo aumenta un 4,5%\">Leer m\u00e1s<\/a><\/p>\n","protected":false},"author":1,"featured_media":177647,"comment_status":"closed","ping_status":"open","sticky":false,"template":"","format":"standard","meta":{"_monsterinsights_skip_tracking":false,"_monsterinsights_sitenote_active":false,"_monsterinsights_sitenote_note":"","_monsterinsights_sitenote_category":0,"jetpack_post_was_ever_published":false,"_jetpack_newsletter_access":"","_jetpack_dont_email_post_to_subs":false,"_jetpack_newsletter_tier_id":0,"_jetpack_memberships_contains_paywalled_content":false,"_jetpack_memberships_contains_paid_content":false,"footnotes":"","jetpack_publicize_message":"","jetpack_publicize_feature_enabled":true,"jetpack_social_post_already_shared":true,"jetpack_social_options":{"image_generator_settings":{"template":"highway","default_image_id":0,"font":"","enabled":false},"version":2},"_wpas_customize_per_network":false},"categories":[8],"tags":[],"class_list":["post-190599","post","type-post","status-publish","format-standard","has-post-thumbnail","hentry","category-sociedad","generate-columns","tablet-grid-50","mobile-grid-100","grid-parent","grid-50"],"jetpack_publicize_connections":[],"jetpack_featured_media_url":"https:\/\/www.hoymercedes.com.ar\/principal\/wp-content\/uploads\/2024\/08\/photo_2024-06-29_22-36-37.jpg","wps_subtitle":"","jetpack_sharing_enabled":true,"_links":{"self":[{"href":"https:\/\/www.hoymercedes.com.ar\/principal\/wp-json\/wp\/v2\/posts\/190599","targetHints":{"allow":["GET"]}}],"collection":[{"href":"https:\/\/www.hoymercedes.com.ar\/principal\/wp-json\/wp\/v2\/posts"}],"about":[{"href":"https:\/\/www.hoymercedes.com.ar\/principal\/wp-json\/wp\/v2\/types\/post"}],"author":[{"embeddable":true,"href":"https:\/\/www.hoymercedes.com.ar\/principal\/wp-json\/wp\/v2\/users\/1"}],"replies":[{"embeddable":true,"href":"https:\/\/www.hoymercedes.com.ar\/principal\/wp-json\/wp\/v2\/comments?post=190599"}],"version-history":[{"count":2,"href":"https:\/\/www.hoymercedes.com.ar\/principal\/wp-json\/wp\/v2\/posts\/190599\/revisions"}],"predecessor-version":[{"id":190601,"href":"https:\/\/www.hoymercedes.com.ar\/principal\/wp-json\/wp\/v2\/posts\/190599\/revisions\/190601"}],"wp:featuredmedia":[{"embeddable":true,"href":"https:\/\/www.hoymercedes.com.ar\/principal\/wp-json\/wp\/v2\/media\/177647"}],"wp:attachment":[{"href":"https:\/\/www.hoymercedes.com.ar\/principal\/wp-json\/wp\/v2\/media?parent=190599"}],"wp:term":[{"taxonomy":"category","embeddable":true,"href":"https:\/\/www.hoymercedes.com.ar\/principal\/wp-json\/wp\/v2\/categories?post=190599"},{"taxonomy":"post_tag","embeddable":true,"href":"https:\/\/www.hoymercedes.com.ar\/principal\/wp-json\/wp\/v2\/tags?post=190599"}],"curies":[{"name":"wp","href":"https:\/\/api.w.org\/{rel}","templated":true}]}}