{"id":190640,"date":"2026-01-04T19:05:41","date_gmt":"2026-01-04T22:05:41","guid":{"rendered":"https:\/\/www.hoymercedes.com.ar\/principal\/?p=190640"},"modified":"2026-01-04T19:05:43","modified_gmt":"2026-01-04T22:05:43","slug":"suipacha-firmaron-el-convenio-para-la-creacion-del-nuevo-polo-educativo","status":"publish","type":"post","link":"https:\/\/www.hoymercedes.com.ar\/principal\/2026\/01\/04\/suipacha-firmaron-el-convenio-para-la-creacion-del-nuevo-polo-educativo\/","title":{"rendered":"Suipacha: firmaron el convenio para la creaci\u00f3n del nuevo Polo Educativo"},"content":{"rendered":"\n<figure class=\"wp-block-image size-large is-resized\"><img loading=\"lazy\" decoding=\"async\" width=\"1024\" height=\"771\" data-attachment-id=\"190641\" data-permalink=\"https:\/\/www.hoymercedes.com.ar\/principal\/2026\/01\/04\/suipacha-firmaron-el-convenio-para-la-creacion-del-nuevo-polo-educativo\/suipacha-poloeducativo\/#main\" data-orig-file=\"https:\/\/www.hoymercedes.com.ar\/principal\/wp-content\/uploads\/2026\/01\/Suipacha-PoloEducativo.jpg\" data-orig-size=\"1440,1084\" data-comments-opened=\"0\" data-image-meta=\"{&quot;aperture&quot;:&quot;0&quot;,&quot;credit&quot;:&quot;&quot;,&quot;camera&quot;:&quot;&quot;,&quot;caption&quot;:&quot;&quot;,&quot;created_timestamp&quot;:&quot;0&quot;,&quot;copyright&quot;:&quot;&quot;,&quot;focal_length&quot;:&quot;0&quot;,&quot;iso&quot;:&quot;0&quot;,&quot;shutter_speed&quot;:&quot;0&quot;,&quot;title&quot;:&quot;&quot;,&quot;orientation&quot;:&quot;0&quot;}\" data-image-title=\"Suipacha-PoloEducativo\" data-image-description=\"&lt;p&gt;Suipacha &amp;#8211; Programa Puentes&lt;\/p&gt;\n\" data-image-caption=\"&lt;p&gt;Suipacha &amp;#8211; Programa Puentes&lt;\/p&gt;\n\" data-large-file=\"https:\/\/www.hoymercedes.com.ar\/principal\/wp-content\/uploads\/2026\/01\/Suipacha-PoloEducativo-1024x771.jpg\" src=\"https:\/\/www.hoymercedes.com.ar\/principal\/wp-content\/uploads\/2026\/01\/Suipacha-PoloEducativo-1024x771.jpg\" alt=\"\" class=\"wp-image-190641\" style=\"width:1198px;height:auto\" srcset=\"https:\/\/www.hoymercedes.com.ar\/principal\/wp-content\/uploads\/2026\/01\/Suipacha-PoloEducativo-1024x771.jpg 1024w, https:\/\/www.hoymercedes.com.ar\/principal\/wp-content\/uploads\/2026\/01\/Suipacha-PoloEducativo-630x474.jpg 630w, https:\/\/www.hoymercedes.com.ar\/principal\/wp-content\/uploads\/2026\/01\/Suipacha-PoloEducativo-150x113.jpg 150w, https:\/\/www.hoymercedes.com.ar\/principal\/wp-content\/uploads\/2026\/01\/Suipacha-PoloEducativo.jpg 1440w\" sizes=\"auto, (max-width: 1024px) 100vw, 1024px\" \/><\/figure>\n\n\n\n<p>En un acto encabezado por autoridades locales y el Ministro de Gobierno bonaerense, Carlos Bianco, se formaliz\u00f3 el financiamiento a trav\u00e9s del Programa Puentes. El espacio concentrar\u00e1 desde formaci\u00f3n universitaria hasta oficios.<\/p>\n\n\n\n<p>En lo que representa un hito para el desarrollo acad\u00e9mico de la vecina ciudad, la Municipalidad de Suipacha formaliz\u00f3 el inicio del proyecto para la construcci\u00f3n de su propio <strong>Polo Educativo<\/strong>. La iniciativa se concreta tras la firma de un convenio estrat\u00e9gico con el Gobierno de la Provincia de Buenos Aires, enmarcado en el <strong>Programa Puentes<\/strong>, que busca descentralizar la educaci\u00f3n superior y acercarla a los distritos del interior.<\/p>\n\n\n\n<h3 class=\"wp-block-heading\">Un espacio multidisciplinar para la comunidad<\/h3>\n\n\n\n<p>El proyecto se desarrollar\u00e1 en un terreno perteneciente al sistema educativo y contar\u00e1 con una inversi\u00f3n conjunta entre la Provincia y el Municipio. El objetivo central es concentrar en un solo n\u00facleo f\u00edsico diversas trayectorias formativas que hoy demandan los vecinos de Suipacha, evitando el desarraigo de los j\u00f3venes.<\/p>\n\n\n\n<p>Seg\u00fan se detall\u00f3, el Polo Educativo albergar\u00e1:<\/p>\n\n\n\n<ul class=\"wp-block-list\">\n<li><strong>Carreras universitarias:<\/strong> A trav\u00e9s de convenios con distintas casas de altos estudios.<\/li>\n\n\n\n<li><strong>Formaci\u00f3n docente:<\/strong> Sede para el Profesorado de Educaci\u00f3n Primaria.<\/li>\n\n\n\n<li><strong>Inclusi\u00f3n educativa:<\/strong> Programas de terminalidad formal para j\u00f3venes y adultos.<\/li>\n\n\n\n<li><strong>Capacitaci\u00f3n laboral:<\/strong> La Escuela de Formaci\u00f3n Profesional en oficios.<\/li>\n<\/ul>\n\n\n\n<h3 class=\"wp-block-heading\">Expansi\u00f3n acad\u00e9mica para 2026<\/h3>\n\n\n\n<p>Durante el anuncio, se confirm\u00f3 que la oferta educativa ya tiene planes de expansi\u00f3n inmediata. Para el ciclo lectivo <strong>2026<\/strong>, se sumar\u00e1 una <strong>nueva diplomatura universitaria<\/strong> enfocada en ciencias econ\u00f3micas, contables y de gesti\u00f3n, dise\u00f1ada para responder a las necesidades productivas y administrativas de la zona.<\/p>\n\n\n\n<blockquote class=\"wp-block-quote is-layout-flow wp-block-quote-is-layout-flow\">\n<p>\u00abDamos el primer paso hacia un proyecto que apuesta al desarrollo y al arraigo. Queremos que nuestra comunidad tenga m\u00e1s oportunidades aqu\u00ed mismo, en su ciudad\u00bb, destacaron las autoridades durante la r\u00fabrica del acuerdo.<\/p>\n<\/blockquote>\n\n\n\n<h3 class=\"wp-block-heading\">El impacto del Programa Puentes<\/h3>\n\n\n\n<p>La llegada de este financiamiento a trav\u00e9s del Ministerio de Gobierno, liderado por <strong>Carlos Bianco<\/strong>, refuerza la pol\u00edtica de integraci\u00f3n territorial que permite que municipios como Suipacha cuenten con infraestructura propia para la educaci\u00f3n superior.<\/p>\n\n\n\n<p>Con este convenio, la ciudad inicia formalmente el camino de obra y planificaci\u00f3n pedag\u00f3gica, transformando un terreno estrat\u00e9gico en el futuro motor del conocimiento y la profesionalizaci\u00f3n local.<\/p>\n","protected":false},"excerpt":{"rendered":"<p>En un acto encabezado por autoridades locales y el Ministro de Gobierno bonaerense, Carlos Bianco, se formaliz\u00f3 el financiamiento a &#8230; <a title=\"Suipacha: firmaron el convenio para la creaci\u00f3n del nuevo Polo Educativo\" class=\"read-more\" href=\"https:\/\/www.hoymercedes.com.ar\/principal\/2026\/01\/04\/suipacha-firmaron-el-convenio-para-la-creacion-del-nuevo-polo-educativo\/\" aria-label=\"Leer m\u00e1s sobre Suipacha: firmaron el convenio para la creaci\u00f3n del nuevo Polo Educativo\">Leer m\u00e1s<\/a><\/p>\n","protected":false},"author":1,"featured_media":190641,"comment_status":"closed","ping_status":"open","sticky":false,"template":"","format":"standard","meta":{"_monsterinsights_skip_tracking":false,"_monsterinsights_sitenote_active":false,"_monsterinsights_sitenote_note":"","_monsterinsights_sitenote_category":0,"jetpack_post_was_ever_published":false,"_jetpack_newsletter_access":"","_jetpack_dont_email_post_to_subs":false,"_jetpack_newsletter_tier_id":0,"_jetpack_memberships_contains_paywalled_content":false,"_jetpack_memberships_contains_paid_content":false,"footnotes":"","jetpack_publicize_message":"","jetpack_publicize_feature_enabled":true,"jetpack_social_post_already_shared":true,"jetpack_social_options":{"image_generator_settings":{"template":"highway","default_image_id":0,"font":"","enabled":false},"version":2},"_wpas_customize_per_network":false},"categories":[5501],"tags":[20913,559],"class_list":["post-190640","post","type-post","status-publish","format-standard","has-post-thumbnail","hentry","category-region","tag-educacion-regional","tag-suipacha","generate-columns","tablet-grid-50","mobile-grid-100","grid-parent","grid-50"],"jetpack_publicize_connections":[],"jetpack_featured_media_url":"https:\/\/www.hoymercedes.com.ar\/principal\/wp-content\/uploads\/2026\/01\/Suipacha-PoloEducativo.jpg","wps_subtitle":"Educaci\u00f3n Regional ","jetpack_sharing_enabled":true,"_links":{"self":[{"href":"https:\/\/www.hoymercedes.com.ar\/principal\/wp-json\/wp\/v2\/posts\/190640","targetHints":{"allow":["GET"]}}],"collection":[{"href":"https:\/\/www.hoymercedes.com.ar\/principal\/wp-json\/wp\/v2\/posts"}],"about":[{"href":"https:\/\/www.hoymercedes.com.ar\/principal\/wp-json\/wp\/v2\/types\/post"}],"author":[{"embeddable":true,"href":"https:\/\/www.hoymercedes.com.ar\/principal\/wp-json\/wp\/v2\/users\/1"}],"replies":[{"embeddable":true,"href":"https:\/\/www.hoymercedes.com.ar\/principal\/wp-json\/wp\/v2\/comments?post=190640"}],"version-history":[{"count":2,"href":"https:\/\/www.hoymercedes.com.ar\/principal\/wp-json\/wp\/v2\/posts\/190640\/revisions"}],"predecessor-version":[{"id":190643,"href":"https:\/\/www.hoymercedes.com.ar\/principal\/wp-json\/wp\/v2\/posts\/190640\/revisions\/190643"}],"wp:featuredmedia":[{"embeddable":true,"href":"https:\/\/www.hoymercedes.com.ar\/principal\/wp-json\/wp\/v2\/media\/190641"}],"wp:attachment":[{"href":"https:\/\/www.hoymercedes.com.ar\/principal\/wp-json\/wp\/v2\/media?parent=190640"}],"wp:term":[{"taxonomy":"category","embeddable":true,"href":"https:\/\/www.hoymercedes.com.ar\/principal\/wp-json\/wp\/v2\/categories?post=190640"},{"taxonomy":"post_tag","embeddable":true,"href":"https:\/\/www.hoymercedes.com.ar\/principal\/wp-json\/wp\/v2\/tags?post=190640"}],"curies":[{"name":"wp","href":"https:\/\/api.w.org\/{rel}","templated":true}]}}