{"id":190663,"date":"2026-01-05T14:15:00","date_gmt":"2026-01-05T17:15:00","guid":{"rendered":"https:\/\/www.hoymercedes.com.ar\/principal\/?p=190663"},"modified":"2026-01-05T13:35:27","modified_gmt":"2026-01-05T16:35:27","slug":"un-detenido-por-robos-de-cobre-de-transformadores-electricos","status":"publish","type":"post","link":"https:\/\/www.hoymercedes.com.ar\/principal\/2026\/01\/05\/un-detenido-por-robos-de-cobre-de-transformadores-electricos\/","title":{"rendered":"Un detenido por robos de cobre de transformadores el\u00e9ctricos"},"content":{"rendered":"\n<p>En la jornada de este lunes 5, se llevaron a cabo cuatro allanamientos en el partido de La Matanza en el marco de una investigaci\u00f3n por el robo y desmantelamiento de transformadores de red el\u00e9ctrica en la localidad de Chivilcoy ocurrido en noviembre de 2025, investigaci\u00f3n que lleva adelante la UFI 3 de Mercedes. Con la medida se logr\u00f3 la detenci\u00f3n de uno de los imputados por los hechos, siendo adem\u00e1s que otro de los involucrados fue detenido d\u00edas atr\u00e1s en otra jurisdicci\u00f3n por hechos de similares caracter\u00edsticas.<\/p>\n\n\n\n<p>Seg\u00fan consta en la causa, el d\u00eda 26 de octubre de 2025, al menos cuatro sujetos arribaron a bordo del autom\u00f3vil marca Renault Modelo Logan, color gris, a la localidad de Chivilcoy. En una zona despoblada, camino a Goroztiaga, ejercieron violencia sobre dos transformadores el\u00e9ctricos ubicados en altura pertenecientes a la empresa EDEN S.A, sustrajeron cableado de cobre de su interior, y se dieron a la fuga.<\/p>\n\n\n\n<p>Misma metodolog\u00eda utilizaron el 31 de octubre de 2025, en inmediaciones de Ruta provincial N\u00b0 51 Km 171, donde desmantelaron tres transformadores; el 4 de noviembre de 2025, en inmediaciones de calle Av. La Tradici\u00f3n y luego en inmediaciones de calle Diagonal Aurora Santilli, donde atracaron dos transformadores.<\/p>\n\n\n\n<p>En tanto, el 15 de noviembre de 2025 en Ruta 40 Km 95.500, localidad de Gral. Las Heras, desmantelaron otro transformador y se dieron a la fuga.<br>Por el hecho tom\u00f3 intervenci\u00f3n la Unidad Funcional de Instrucci\u00f3n N\u00b0 3 &#8211; a cargo del dr. Juan Repetto- con colaboraci\u00f3n de la Unidad Funcional de Instrucci\u00f3n N\u00b0 7 (Autores ignorados) &#8211; a cargo de la dr. Mar\u00eda Laura Cordiviola del Departamento Judicial Mercedes que imparti\u00f3 las directivas del caso.<\/p>\n\n\n\n<p>Es as\u00ed como, tras reunir una serie de elementos probatorios se solicit\u00f3 por ante el Juzgado de Garant\u00edas N\u00b0 1 una orden de allanamiento para cuatro domicilios en las localidades de La Tablada y Gonz\u00e1lez Cat\u00e1n, Partido de La Matanza; y detenci\u00f3n para con dos sujetos identificados como autores de los delitos antes mencionados. La medida fue concedida y efectivizada en la jornada de este lunes 5 del corriente con colaboraci\u00f3n de personal policial de DDI Luj\u00e1n con sede en Marcos Paz. En los domicilios se secuestraron tel\u00e9fonos celulares (identificado en tareas investigativas), y elementos para manipular transformadores y cables el\u00e9ctricos.<\/p>\n\n\n\n<p>Vale destacar que uno de los imputados (de 31 a\u00f1os, con domicilio en La Matanza) ya se encuentra detenido habiendo sido imputado por hechos de similares caracter\u00edsticas en otra jurisdicci\u00f3n, por lo que se solicit\u00f3 ante el Juzgado de Garant\u00edas la disposici\u00f3n conjunta en el marco de los delitos antes mencionados. El detenido (de 32 a\u00f1os, domiciliado en Gonz\u00e1lez Cat\u00e1n) comparecer\u00e1 ante el agente fiscal en el marco de la audiencia de declaraci\u00f3n en los t\u00e9rminos del art. 308 del C\u00f3digo Procesal Penal en la jornada de este mi\u00e9rcoles 23. Ser\u00e1 por el delito de \u201cRobo agravado por comisi\u00f3n en despoblado motivo\u201d (5 hechos).<\/p>\n\n\n\n<p>Fuente: \u00c1rea Comunicacional &#8211; Ministerio P\u00fablico Fiscal Departamental Mercedes<\/p>\n","protected":false},"excerpt":{"rendered":"<p>En la jornada de este lunes 5, se llevaron a cabo cuatro allanamientos en el partido de La Matanza en &#8230; <a title=\"Un detenido por robos de cobre de transformadores el\u00e9ctricos\" class=\"read-more\" href=\"https:\/\/www.hoymercedes.com.ar\/principal\/2026\/01\/05\/un-detenido-por-robos-de-cobre-de-transformadores-electricos\/\" aria-label=\"Leer m\u00e1s sobre Un detenido por robos de cobre de transformadores el\u00e9ctricos\">Leer m\u00e1s<\/a><\/p>\n","protected":false},"author":1,"featured_media":185452,"comment_status":"closed","ping_status":"open","sticky":false,"template":"","format":"standard","meta":{"_monsterinsights_skip_tracking":false,"_monsterinsights_sitenote_active":false,"_monsterinsights_sitenote_note":"","_monsterinsights_sitenote_category":0,"jetpack_post_was_ever_published":false,"_jetpack_newsletter_access":"","_jetpack_dont_email_post_to_subs":false,"_jetpack_newsletter_tier_id":0,"_jetpack_memberships_contains_paywalled_content":false,"_jetpack_memberships_contains_paid_content":false,"footnotes":"","jetpack_publicize_message":"","jetpack_publicize_feature_enabled":true,"jetpack_social_post_already_shared":true,"jetpack_social_options":{"image_generator_settings":{"template":"highway","default_image_id":0,"font":"","enabled":false},"version":2},"_wpas_customize_per_network":false},"categories":[8],"tags":[],"class_list":["post-190663","post","type-post","status-publish","format-standard","has-post-thumbnail","hentry","category-sociedad","generate-columns","tablet-grid-50","mobile-grid-100","grid-parent","grid-50"],"jetpack_publicize_connections":[],"jetpack_featured_media_url":"https:\/\/www.hoymercedes.com.ar\/principal\/wp-content\/uploads\/2025\/06\/Policia-Bonaerense-Patrullero-2.jpg","wps_subtitle":"","jetpack_sharing_enabled":true,"_links":{"self":[{"href":"https:\/\/www.hoymercedes.com.ar\/principal\/wp-json\/wp\/v2\/posts\/190663","targetHints":{"allow":["GET"]}}],"collection":[{"href":"https:\/\/www.hoymercedes.com.ar\/principal\/wp-json\/wp\/v2\/posts"}],"about":[{"href":"https:\/\/www.hoymercedes.com.ar\/principal\/wp-json\/wp\/v2\/types\/post"}],"author":[{"embeddable":true,"href":"https:\/\/www.hoymercedes.com.ar\/principal\/wp-json\/wp\/v2\/users\/1"}],"replies":[{"embeddable":true,"href":"https:\/\/www.hoymercedes.com.ar\/principal\/wp-json\/wp\/v2\/comments?post=190663"}],"version-history":[{"count":1,"href":"https:\/\/www.hoymercedes.com.ar\/principal\/wp-json\/wp\/v2\/posts\/190663\/revisions"}],"predecessor-version":[{"id":190664,"href":"https:\/\/www.hoymercedes.com.ar\/principal\/wp-json\/wp\/v2\/posts\/190663\/revisions\/190664"}],"wp:featuredmedia":[{"embeddable":true,"href":"https:\/\/www.hoymercedes.com.ar\/principal\/wp-json\/wp\/v2\/media\/185452"}],"wp:attachment":[{"href":"https:\/\/www.hoymercedes.com.ar\/principal\/wp-json\/wp\/v2\/media?parent=190663"}],"wp:term":[{"taxonomy":"category","embeddable":true,"href":"https:\/\/www.hoymercedes.com.ar\/principal\/wp-json\/wp\/v2\/categories?post=190663"},{"taxonomy":"post_tag","embeddable":true,"href":"https:\/\/www.hoymercedes.com.ar\/principal\/wp-json\/wp\/v2\/tags?post=190663"}],"curies":[{"name":"wp","href":"https:\/\/api.w.org\/{rel}","templated":true}]}}