{"id":190673,"date":"2026-01-05T21:13:10","date_gmt":"2026-01-06T00:13:10","guid":{"rendered":"https:\/\/www.hoymercedes.com.ar\/principal\/?p=190673"},"modified":"2026-01-05T21:13:12","modified_gmt":"2026-01-06T00:13:12","slug":"avanzan-las-obras-de-transformacion-en-autovia-de-la-ruta-provincial-41","status":"publish","type":"post","link":"https:\/\/www.hoymercedes.com.ar\/principal\/2026\/01\/05\/avanzan-las-obras-de-transformacion-en-autovia-de-la-ruta-provincial-41\/","title":{"rendered":"Avanzan las obras de transformaci\u00f3n en Autov\u00eda de la Ruta Provincial 41"},"content":{"rendered":"\n<p>El Ministerio de Infraestructura y Servicios P\u00fablicos, a trav\u00e9s de la Direcci\u00f3n de Vialidad, avanza en la transformaci\u00f3n en autov\u00eda de la Ruta Provincial 41, en un tramo de 25,7 km que se extiende entre&nbsp; San Andr\u00e9s de Giles y San Antonio de Areco.<\/p>\n\n\n\n<figure class=\"wp-block-image size-full\"><img loading=\"lazy\" decoding=\"async\" width=\"700\" height=\"394\" data-attachment-id=\"190674\" data-permalink=\"https:\/\/www.hoymercedes.com.ar\/principal\/2026\/01\/05\/avanzan-las-obras-de-transformacion-en-autovia-de-la-ruta-provincial-41\/whatsapp-image-2026-01-05-at-21-12-08\/#main\" data-orig-file=\"https:\/\/www.hoymercedes.com.ar\/principal\/wp-content\/uploads\/2026\/01\/WhatsApp-Image-2026-01-05-at-21.12.08.jpeg\" data-orig-size=\"700,394\" data-comments-opened=\"0\" data-image-meta=\"{&quot;aperture&quot;:&quot;0&quot;,&quot;credit&quot;:&quot;&quot;,&quot;camera&quot;:&quot;&quot;,&quot;caption&quot;:&quot;&quot;,&quot;created_timestamp&quot;:&quot;0&quot;,&quot;copyright&quot;:&quot;&quot;,&quot;focal_length&quot;:&quot;0&quot;,&quot;iso&quot;:&quot;0&quot;,&quot;shutter_speed&quot;:&quot;0&quot;,&quot;title&quot;:&quot;&quot;,&quot;orientation&quot;:&quot;0&quot;}\" data-image-title=\"WhatsApp Image 2026-01-05 at 21.12.08\" data-image-description=\"\" data-image-caption=\"\" data-large-file=\"https:\/\/www.hoymercedes.com.ar\/principal\/wp-content\/uploads\/2026\/01\/WhatsApp-Image-2026-01-05-at-21.12.08.jpeg\" src=\"https:\/\/www.hoymercedes.com.ar\/principal\/wp-content\/uploads\/2026\/01\/WhatsApp-Image-2026-01-05-at-21.12.08.jpeg\" alt=\"\" class=\"wp-image-190674\" srcset=\"https:\/\/www.hoymercedes.com.ar\/principal\/wp-content\/uploads\/2026\/01\/WhatsApp-Image-2026-01-05-at-21.12.08.jpeg 700w, https:\/\/www.hoymercedes.com.ar\/principal\/wp-content\/uploads\/2026\/01\/WhatsApp-Image-2026-01-05-at-21.12.08-630x355.jpeg 630w, https:\/\/www.hoymercedes.com.ar\/principal\/wp-content\/uploads\/2026\/01\/WhatsApp-Image-2026-01-05-at-21.12.08-150x84.jpeg 150w\" sizes=\"auto, (max-width: 700px) 100vw, 700px\" \/><\/figure>\n\n\n\n<p>La obra consiste en la construcci\u00f3n de una segunda calzada paralela a la actual, que transformar\u00e1 esta ruta en una autov\u00eda con dos carriles por sentido de circulaci\u00f3n entre las intersecciones con las autopistas de las RN 7 y RN 8.<\/p>\n\n\n\n<p>Adem\u00e1s, se repavimentar\u00e1 y ensanchar\u00e1 la ruta existente, se ejecutar\u00e1n 3 puentes peatonales en zonas urbanas y 18 puentes sobre cursos h\u00eddricos, que permitir\u00e1n vincular ambas manos, permitiendo que el tr\u00e1nsito que circula en un sentido pueda desviarse al contrario sin afectar el flujo vehicular.<\/p>\n\n\n\n<p>Tambi\u00e9n se construir\u00e1 una intersecci\u00f3n rotacional a la altura de la RN 7; cruces de alto nivel sobre las v\u00edas del Ferrocarril General Urquiza, sobre el acceso a San Andr\u00e9s de Giles, en las inmediaciones de la traza del Ferrocarril Mitre y en los accesos a San Antonio de Areco y Vagues.<\/p>\n\n\n\n<p>Asimismo, se ejecutan trabajos sobre los distribuidores y accesos a la rotonda existente sobre la RN 8, donde la nueva traza se vincular\u00e1 con las colectoras en la trama urbana.<\/p>\n\n\n\n<p>La nueva autov\u00eda permitir\u00e1 potenciar el desarrollo productivo de esta regi\u00f3n del interior bonaerense y mejorar la seguridad vial de los m\u00e1s de 6.000 veh\u00edculos que transitan diariamente.<\/p>\n\n\n\n<p>La Ruta 41 cuenta con una extensi\u00f3n total de 378 km, se ubica en el noreste de la provincia de Buenos Aires y se extiende desde su intersecci\u00f3n con la RP 11, en Castelli, hasta desembocar en la rotonda de Baradero, cerca de la costanera del r\u00edo Paran\u00e1. Atraviesa 10 municipios en total y permite conectar con otras v\u00edas importantes y transversales de la provincia, como la RN 7 y la RN 8.<\/p>\n\n\n\n<p>Se trata de un corredor clave que posee un incremento estacional del tr\u00e1nsito en los meses de verano, al absorber el caudal proveniente de grandes ciudades del interior bonaerense hacia los destinos tur\u00edsticos de la Costa Atl\u00e1ntica.<\/p>\n\n\n\n<p>El Ministerio de Infraestructura y Servicios P\u00fablicos lleva adelante obras de Conectividad y Log\u00edstica para la gesti\u00f3n, la planificaci\u00f3n y ejecuci\u00f3n de obras y proyectos que fortalecen la matriz log\u00edstica, mediante la consolidaci\u00f3n de corredores viales provinciales y la mejora y modernizaci\u00f3n de las rutas y los caminos, potenciando el desarrollo productivo de las distintas regiones y favoreciendo la integraci\u00f3n y la seguridad vial en toda la provincia.<\/p>\n","protected":false},"excerpt":{"rendered":"<p>El Ministerio de Infraestructura y Servicios P\u00fablicos, a trav\u00e9s de la Direcci\u00f3n de Vialidad, avanza en la transformaci\u00f3n en autov\u00eda &#8230; <a title=\"Avanzan las obras de transformaci\u00f3n en Autov\u00eda de la Ruta Provincial 41\" class=\"read-more\" href=\"https:\/\/www.hoymercedes.com.ar\/principal\/2026\/01\/05\/avanzan-las-obras-de-transformacion-en-autovia-de-la-ruta-provincial-41\/\" aria-label=\"Leer m\u00e1s sobre Avanzan las obras de transformaci\u00f3n en Autov\u00eda de la Ruta Provincial 41\">Leer m\u00e1s<\/a><\/p>\n","protected":false},"author":1,"featured_media":190674,"comment_status":"closed","ping_status":"open","sticky":false,"template":"","format":"standard","meta":{"_monsterinsights_skip_tracking":false,"_monsterinsights_sitenote_active":false,"_monsterinsights_sitenote_note":"","_monsterinsights_sitenote_category":0,"jetpack_post_was_ever_published":false,"_jetpack_newsletter_access":"","_jetpack_dont_email_post_to_subs":false,"_jetpack_newsletter_tier_id":0,"_jetpack_memberships_contains_paywalled_content":false,"_jetpack_memberships_contains_paid_content":false,"footnotes":"","jetpack_publicize_message":"","jetpack_publicize_feature_enabled":true,"jetpack_social_post_already_shared":true,"jetpack_social_options":{"image_generator_settings":{"template":"highway","default_image_id":0,"font":"","enabled":false},"version":2},"_wpas_customize_per_network":false},"categories":[8],"tags":[],"class_list":["post-190673","post","type-post","status-publish","format-standard","has-post-thumbnail","hentry","category-sociedad","generate-columns","tablet-grid-50","mobile-grid-100","grid-parent","grid-50"],"jetpack_publicize_connections":[],"jetpack_featured_media_url":"https:\/\/www.hoymercedes.com.ar\/principal\/wp-content\/uploads\/2026\/01\/WhatsApp-Image-2026-01-05-at-21.12.08.jpeg","wps_subtitle":"","jetpack_sharing_enabled":true,"_links":{"self":[{"href":"https:\/\/www.hoymercedes.com.ar\/principal\/wp-json\/wp\/v2\/posts\/190673","targetHints":{"allow":["GET"]}}],"collection":[{"href":"https:\/\/www.hoymercedes.com.ar\/principal\/wp-json\/wp\/v2\/posts"}],"about":[{"href":"https:\/\/www.hoymercedes.com.ar\/principal\/wp-json\/wp\/v2\/types\/post"}],"author":[{"embeddable":true,"href":"https:\/\/www.hoymercedes.com.ar\/principal\/wp-json\/wp\/v2\/users\/1"}],"replies":[{"embeddable":true,"href":"https:\/\/www.hoymercedes.com.ar\/principal\/wp-json\/wp\/v2\/comments?post=190673"}],"version-history":[{"count":1,"href":"https:\/\/www.hoymercedes.com.ar\/principal\/wp-json\/wp\/v2\/posts\/190673\/revisions"}],"predecessor-version":[{"id":190675,"href":"https:\/\/www.hoymercedes.com.ar\/principal\/wp-json\/wp\/v2\/posts\/190673\/revisions\/190675"}],"wp:featuredmedia":[{"embeddable":true,"href":"https:\/\/www.hoymercedes.com.ar\/principal\/wp-json\/wp\/v2\/media\/190674"}],"wp:attachment":[{"href":"https:\/\/www.hoymercedes.com.ar\/principal\/wp-json\/wp\/v2\/media?parent=190673"}],"wp:term":[{"taxonomy":"category","embeddable":true,"href":"https:\/\/www.hoymercedes.com.ar\/principal\/wp-json\/wp\/v2\/categories?post=190673"},{"taxonomy":"post_tag","embeddable":true,"href":"https:\/\/www.hoymercedes.com.ar\/principal\/wp-json\/wp\/v2\/tags?post=190673"}],"curies":[{"name":"wp","href":"https:\/\/api.w.org\/{rel}","templated":true}]}}