{"id":190676,"date":"2026-01-05T21:22:08","date_gmt":"2026-01-06T00:22:08","guid":{"rendered":"https:\/\/www.hoymercedes.com.ar\/principal\/?p=190676"},"modified":"2026-01-05T21:22:17","modified_gmt":"2026-01-06T00:22:17","slug":"zoonosis-se-traslada-a-la-trocha-durante-enero","status":"publish","type":"post","link":"https:\/\/www.hoymercedes.com.ar\/principal\/2026\/01\/05\/zoonosis-se-traslada-a-la-trocha-durante-enero\/","title":{"rendered":"Zoonosis se traslada a La Trocha durante enero"},"content":{"rendered":"\n<p>La Secretar\u00eda de Salud de la Municipalidad de Mercedes inform\u00f3 que, durante todo el mes de enero, <strong>el equipo de Zoonosis brindar\u00e1 servicios veterinarios gratuitos en el Complejo Cultural La Trocha<\/strong>, ubicado en la intersecci\u00f3n de las avenidas 40 y 21.<\/p>\n\n\n\n<figure class=\"wp-block-image size-full\"><img loading=\"lazy\" decoding=\"async\" width=\"750\" height=\"500\" data-attachment-id=\"190677\" data-permalink=\"https:\/\/www.hoymercedes.com.ar\/principal\/2026\/01\/05\/zoonosis-se-traslada-a-la-trocha-durante-enero\/img-4226\/#main\" data-orig-file=\"https:\/\/www.hoymercedes.com.ar\/principal\/wp-content\/uploads\/2026\/01\/img-4226.jpg\" data-orig-size=\"750,500\" data-comments-opened=\"0\" data-image-meta=\"{&quot;aperture&quot;:&quot;0&quot;,&quot;credit&quot;:&quot;&quot;,&quot;camera&quot;:&quot;&quot;,&quot;caption&quot;:&quot;&quot;,&quot;created_timestamp&quot;:&quot;0&quot;,&quot;copyright&quot;:&quot;&quot;,&quot;focal_length&quot;:&quot;0&quot;,&quot;iso&quot;:&quot;0&quot;,&quot;shutter_speed&quot;:&quot;0&quot;,&quot;title&quot;:&quot;&quot;,&quot;orientation&quot;:&quot;0&quot;}\" data-image-title=\"img-4226\" data-image-description=\"\" data-image-caption=\"\" data-large-file=\"https:\/\/www.hoymercedes.com.ar\/principal\/wp-content\/uploads\/2026\/01\/img-4226.jpg\" src=\"https:\/\/www.hoymercedes.com.ar\/principal\/wp-content\/uploads\/2026\/01\/img-4226.jpg\" alt=\"\" class=\"wp-image-190677\" srcset=\"https:\/\/www.hoymercedes.com.ar\/principal\/wp-content\/uploads\/2026\/01\/img-4226.jpg 750w, https:\/\/www.hoymercedes.com.ar\/principal\/wp-content\/uploads\/2026\/01\/img-4226-630x420.jpg 630w, https:\/\/www.hoymercedes.com.ar\/principal\/wp-content\/uploads\/2026\/01\/img-4226-150x100.jpg 150w\" sizes=\"auto, (max-width: 750px) 100vw, 750px\" \/><\/figure>\n\n\n\n<p>La iniciativa busca <strong>descentralizar la atenci\u00f3n veterinaria y promover la tenencia responsable de animales<\/strong>, acercando los servicios a los barrios durante la temporada de verano. <\/p>\n\n\n\n<p>Entre las prestaciones que se ofrecer\u00e1n en el predio de La Trocha se encuentran <strong>consultas cl\u00ednicas veterinarias, vacunaci\u00f3n antirr\u00e1bica y castraciones<\/strong> para perros y gatos. La atenci\u00f3n se realizar\u00e1 de <strong>lunes a viernes desde las 08:00 horas, por orden de llegada y sin turno previo<\/strong> para facilitar el acceso de los vecinos. <\/p>\n\n\n\n<p>Desde el \u00e1rea de Salud recordaron que, si bien la atenci\u00f3n en La Trocha ser\u00e1 directa por demanda espont\u00e1nea, <strong>las cirug\u00edas de castraci\u00f3n programadas en el Centro de Zoonosis permanente continuar\u00e1n con turnos previos<\/strong>, que deben solicitarse al <strong>2324-350038<\/strong>. <\/p>\n\n\n\n<p>Este operativo forma parte de las acciones municipales para <strong>fortalecer el cuidado sanitario de las mascotas y prevenir enfermedades zoon\u00f3ticas<\/strong>, como la rabia, facilitando que m\u00e1s familias puedan regularizar el calendario de vacunaci\u00f3n de sus animales de forma gratuita.<\/p>\n","protected":false},"excerpt":{"rendered":"<p>La Secretar\u00eda de Salud de la Municipalidad de Mercedes inform\u00f3 que, durante todo el mes de enero, el equipo de &#8230; <a title=\"Zoonosis se traslada a La Trocha durante enero\" class=\"read-more\" href=\"https:\/\/www.hoymercedes.com.ar\/principal\/2026\/01\/05\/zoonosis-se-traslada-a-la-trocha-durante-enero\/\" aria-label=\"Leer m\u00e1s sobre Zoonosis se traslada a La Trocha durante enero\">Leer m\u00e1s<\/a><\/p>\n","protected":false},"author":1,"featured_media":190677,"comment_status":"closed","ping_status":"open","sticky":false,"template":"","format":"standard","meta":{"_monsterinsights_skip_tracking":false,"_monsterinsights_sitenote_active":false,"_monsterinsights_sitenote_note":"","_monsterinsights_sitenote_category":0,"jetpack_post_was_ever_published":false,"_jetpack_newsletter_access":"","_jetpack_dont_email_post_to_subs":false,"_jetpack_newsletter_tier_id":0,"_jetpack_memberships_contains_paywalled_content":false,"_jetpack_memberships_contains_paid_content":false,"footnotes":"","jetpack_publicize_message":"","jetpack_publicize_feature_enabled":true,"jetpack_social_post_already_shared":true,"jetpack_social_options":{"image_generator_settings":{"template":"highway","default_image_id":0,"font":"","enabled":false},"version":2},"_wpas_customize_per_network":false},"categories":[8],"tags":[],"class_list":["post-190676","post","type-post","status-publish","format-standard","has-post-thumbnail","hentry","category-sociedad","generate-columns","tablet-grid-50","mobile-grid-100","grid-parent","grid-50"],"jetpack_publicize_connections":[],"jetpack_featured_media_url":"https:\/\/www.hoymercedes.com.ar\/principal\/wp-content\/uploads\/2026\/01\/img-4226.jpg","wps_subtitle":"","jetpack_sharing_enabled":true,"_links":{"self":[{"href":"https:\/\/www.hoymercedes.com.ar\/principal\/wp-json\/wp\/v2\/posts\/190676","targetHints":{"allow":["GET"]}}],"collection":[{"href":"https:\/\/www.hoymercedes.com.ar\/principal\/wp-json\/wp\/v2\/posts"}],"about":[{"href":"https:\/\/www.hoymercedes.com.ar\/principal\/wp-json\/wp\/v2\/types\/post"}],"author":[{"embeddable":true,"href":"https:\/\/www.hoymercedes.com.ar\/principal\/wp-json\/wp\/v2\/users\/1"}],"replies":[{"embeddable":true,"href":"https:\/\/www.hoymercedes.com.ar\/principal\/wp-json\/wp\/v2\/comments?post=190676"}],"version-history":[{"count":1,"href":"https:\/\/www.hoymercedes.com.ar\/principal\/wp-json\/wp\/v2\/posts\/190676\/revisions"}],"predecessor-version":[{"id":190678,"href":"https:\/\/www.hoymercedes.com.ar\/principal\/wp-json\/wp\/v2\/posts\/190676\/revisions\/190678"}],"wp:featuredmedia":[{"embeddable":true,"href":"https:\/\/www.hoymercedes.com.ar\/principal\/wp-json\/wp\/v2\/media\/190677"}],"wp:attachment":[{"href":"https:\/\/www.hoymercedes.com.ar\/principal\/wp-json\/wp\/v2\/media?parent=190676"}],"wp:term":[{"taxonomy":"category","embeddable":true,"href":"https:\/\/www.hoymercedes.com.ar\/principal\/wp-json\/wp\/v2\/categories?post=190676"},{"taxonomy":"post_tag","embeddable":true,"href":"https:\/\/www.hoymercedes.com.ar\/principal\/wp-json\/wp\/v2\/tags?post=190676"}],"curies":[{"name":"wp","href":"https:\/\/api.w.org\/{rel}","templated":true}]}}