{"id":190688,"date":"2026-01-06T18:24:36","date_gmt":"2026-01-06T21:24:36","guid":{"rendered":"https:\/\/www.hoymercedes.com.ar\/principal\/?p=190688"},"modified":"2026-01-06T18:24:37","modified_gmt":"2026-01-06T21:24:37","slug":"luis-ponce-es-importante-que-demos-un-uso-correcto-al-agua-potable","status":"publish","type":"post","link":"https:\/\/www.hoymercedes.com.ar\/principal\/2026\/01\/06\/luis-ponce-es-importante-que-demos-un-uso-correcto-al-agua-potable\/","title":{"rendered":"Luis Ponce: \u201cEs importante que demos un uso correcto al agua potable\u201d"},"content":{"rendered":"\n<figure class=\"wp-block-image size-large is-resized\"><img loading=\"lazy\" decoding=\"async\" width=\"1024\" height=\"782\" data-attachment-id=\"190689\" data-permalink=\"https:\/\/www.hoymercedes.com.ar\/principal\/2026\/01\/06\/luis-ponce-es-importante-que-demos-un-uso-correcto-al-agua-potable\/luis-ponce\/#main\" data-orig-file=\"https:\/\/www.hoymercedes.com.ar\/principal\/wp-content\/uploads\/2026\/01\/Luis-Ponce.jpg\" data-orig-size=\"1280,977\" data-comments-opened=\"0\" data-image-meta=\"{&quot;aperture&quot;:&quot;0&quot;,&quot;credit&quot;:&quot;&quot;,&quot;camera&quot;:&quot;&quot;,&quot;caption&quot;:&quot;&quot;,&quot;created_timestamp&quot;:&quot;0&quot;,&quot;copyright&quot;:&quot;&quot;,&quot;focal_length&quot;:&quot;0&quot;,&quot;iso&quot;:&quot;0&quot;,&quot;shutter_speed&quot;:&quot;0&quot;,&quot;title&quot;:&quot;&quot;,&quot;orientation&quot;:&quot;0&quot;}\" data-image-title=\"Luis Ponce: \u201cEs importante que demos un uso correcto al agua potable\u201d\" data-image-description=\"&lt;p&gt;Luis Ponce: \u201cEs importante que demos un uso correcto al agua potable\u201d&lt;\/p&gt;\n\" data-image-caption=\"&lt;p&gt;Luis Ponce: \u201cEs importante que demos un uso correcto al agua potable\u201d&lt;\/p&gt;\n\" data-large-file=\"https:\/\/www.hoymercedes.com.ar\/principal\/wp-content\/uploads\/2026\/01\/Luis-Ponce-1024x782.jpg\" src=\"https:\/\/www.hoymercedes.com.ar\/principal\/wp-content\/uploads\/2026\/01\/Luis-Ponce-1024x782.jpg\" alt=\"\" class=\"wp-image-190689\" style=\"width:1177px;height:auto\" srcset=\"https:\/\/www.hoymercedes.com.ar\/principal\/wp-content\/uploads\/2026\/01\/Luis-Ponce-1024x782.jpg 1024w, https:\/\/www.hoymercedes.com.ar\/principal\/wp-content\/uploads\/2026\/01\/Luis-Ponce-630x481.jpg 630w, https:\/\/www.hoymercedes.com.ar\/principal\/wp-content\/uploads\/2026\/01\/Luis-Ponce-150x114.jpg 150w, https:\/\/www.hoymercedes.com.ar\/principal\/wp-content\/uploads\/2026\/01\/Luis-Ponce.jpg 1280w\" sizes=\"auto, (max-width: 1024px) 100vw, 1024px\" \/><\/figure>\n\n\n\n<p>El subsecretario de Servicios P\u00fablicos, Luis Ponce, destac\u00f3 que en los \u00faltimos d\u00edas se ha elevado enormemente el consumo de agua en la ciudad. Se\u00f1al\u00f3 que las altas temperaturas influyen de manera directa en la demanda y record\u00f3 que se trata de un insumo humano fundamental. \u201cRecordamos la importancia de usarla correctamente; el agua de red no es para llenar piletas, lavar autos o regar, es decir, usos que no est\u00e1n directamente ligados al bienestar humano esencial\u201d, subray\u00f3 el funcionario.<\/p>\n\n\n\n<p>Suministro<\/p>\n\n\n\n<p>Ponce coment\u00f3 que el consumo se ha disparado, suministrando millones de litros diarios, una cifra muy superior a la habitual. Asimismo, destac\u00f3 la operatividad del sistema: \u201cHay <em>32 pozos funcionando al 100%<\/em>. El suministro solo se ve afectado eventualmente si se producen cortes de energ\u00eda el\u00e9ctrica, algo que es ajeno a nuestra gesti\u00f3n\u201d.<\/p>\n\n\n\n<p>Infraestructura<\/p>\n\n\n\n<p>En el marco de la planificaci\u00f3n general de la ciudad, el funcionario remarc\u00f3 que se han realizado 5 nuevos pozos en el \u00faltimo tiempo que est\u00e1n pr\u00f3ximos a conectarse a la red. \u201cDos de ellos se sumar\u00e1n la pr\u00f3xima semana, mientras que los otros tres dependen de que la empresa prestataria de energ\u00eda realice la bajada el\u00e9ctrica correspondiente\u201d, explic\u00f3.<\/p>\n\n\n\n<p>Agradecimiento<\/p>\n\n\n\n<p>Ponce aprovech\u00f3 la oportunidad para agradecer a los vecinos que cuidan el recurso con conciencia y responsabilidad. Tambi\u00e9n hizo una menci\u00f3n especial a los trabajadores municipales: \u201cA veces no se los ve, pero realizan una gran tarea recorriendo pozos, midiendo la presi\u00f3n y revisando cada detalle t\u00e9cnico para que el agua llegue a cada hogar\u201d.<\/p>\n\n\n\n<p>Inversi\u00f3n<\/p>\n\n\n\n<p>Finalmente, el subsecretario dej\u00f3 en claro que el plan de obras no se detiene y anunci\u00f3 que durante el mes de enero se licitar\u00e1n nuevos proyectos de agua corriente. Respecto a la seguridad del suministro, fue tajante: \u201cA pesar de las malas intenciones, la red de agua es potable y segura. Realizamos an\u00e1lisis constantes e intervenciones en distintos barrios con mano de obra calificada\u201d. Adem\u00e1s, resalt\u00f3 que bajo la gesti\u00f3n del intendente Ustarroz se ha logrado duplicar la cantidad de pozos en los \u00faltimos a\u00f1os.<\/p>\n","protected":false},"excerpt":{"rendered":"<p>El subsecretario de Servicios P\u00fablicos, Luis Ponce, destac\u00f3 que en los \u00faltimos d\u00edas se ha elevado enormemente el consumo de &#8230; <a title=\"Luis Ponce: \u201cEs importante que demos un uso correcto al agua potable\u201d\" class=\"read-more\" href=\"https:\/\/www.hoymercedes.com.ar\/principal\/2026\/01\/06\/luis-ponce-es-importante-que-demos-un-uso-correcto-al-agua-potable\/\" aria-label=\"Leer m\u00e1s sobre Luis Ponce: \u201cEs importante que demos un uso correcto al agua potable\u201d\">Leer m\u00e1s<\/a><\/p>\n","protected":false},"author":1,"featured_media":190689,"comment_status":"closed","ping_status":"open","sticky":false,"template":"","format":"standard","meta":{"_monsterinsights_skip_tracking":false,"_monsterinsights_sitenote_active":false,"_monsterinsights_sitenote_note":"","_monsterinsights_sitenote_category":0,"jetpack_post_was_ever_published":false,"_jetpack_newsletter_access":"","_jetpack_dont_email_post_to_subs":false,"_jetpack_newsletter_tier_id":0,"_jetpack_memberships_contains_paywalled_content":false,"_jetpack_memberships_contains_paid_content":false,"footnotes":"","jetpack_publicize_message":"","jetpack_publicize_feature_enabled":true,"jetpack_social_post_already_shared":true,"jetpack_social_options":{"image_generator_settings":{"template":"highway","default_image_id":0,"font":"","enabled":false},"version":2},"_wpas_customize_per_network":false},"categories":[30],"tags":[15941,16188,10,8628],"class_list":["post-190688","post","type-post","status-publish","format-standard","has-post-thumbnail","hentry","category-municipio","tag-corralon-2","tag-luis-ponce","tag-mercedes","tag-servicios-publicos","generate-columns","tablet-grid-50","mobile-grid-100","grid-parent","grid-50"],"jetpack_publicize_connections":[],"jetpack_featured_media_url":"https:\/\/www.hoymercedes.com.ar\/principal\/wp-content\/uploads\/2026\/01\/Luis-Ponce.jpg","wps_subtitle":"Esencial ","jetpack_sharing_enabled":true,"_links":{"self":[{"href":"https:\/\/www.hoymercedes.com.ar\/principal\/wp-json\/wp\/v2\/posts\/190688","targetHints":{"allow":["GET"]}}],"collection":[{"href":"https:\/\/www.hoymercedes.com.ar\/principal\/wp-json\/wp\/v2\/posts"}],"about":[{"href":"https:\/\/www.hoymercedes.com.ar\/principal\/wp-json\/wp\/v2\/types\/post"}],"author":[{"embeddable":true,"href":"https:\/\/www.hoymercedes.com.ar\/principal\/wp-json\/wp\/v2\/users\/1"}],"replies":[{"embeddable":true,"href":"https:\/\/www.hoymercedes.com.ar\/principal\/wp-json\/wp\/v2\/comments?post=190688"}],"version-history":[{"count":2,"href":"https:\/\/www.hoymercedes.com.ar\/principal\/wp-json\/wp\/v2\/posts\/190688\/revisions"}],"predecessor-version":[{"id":190691,"href":"https:\/\/www.hoymercedes.com.ar\/principal\/wp-json\/wp\/v2\/posts\/190688\/revisions\/190691"}],"wp:featuredmedia":[{"embeddable":true,"href":"https:\/\/www.hoymercedes.com.ar\/principal\/wp-json\/wp\/v2\/media\/190689"}],"wp:attachment":[{"href":"https:\/\/www.hoymercedes.com.ar\/principal\/wp-json\/wp\/v2\/media?parent=190688"}],"wp:term":[{"taxonomy":"category","embeddable":true,"href":"https:\/\/www.hoymercedes.com.ar\/principal\/wp-json\/wp\/v2\/categories?post=190688"},{"taxonomy":"post_tag","embeddable":true,"href":"https:\/\/www.hoymercedes.com.ar\/principal\/wp-json\/wp\/v2\/tags?post=190688"}],"curies":[{"name":"wp","href":"https:\/\/api.w.org\/{rel}","templated":true}]}}