{"id":190699,"date":"2026-01-07T10:25:00","date_gmt":"2026-01-07T13:25:00","guid":{"rendered":"https:\/\/www.hoymercedes.com.ar\/principal\/?p=190699"},"modified":"2026-01-06T20:31:15","modified_gmt":"2026-01-06T23:31:15","slug":"menos-celu-mas-vos-la-campana-de-la-defensoria-para-promover-la-desconexion-en-las-vacaciones","status":"publish","type":"post","link":"https:\/\/www.hoymercedes.com.ar\/principal\/2026\/01\/07\/menos-celu-mas-vos-la-campana-de-la-defensoria-para-promover-la-desconexion-en-las-vacaciones\/","title":{"rendered":"\u201cMenos celu, m\u00e1s vos\u201d: La campa\u00f1a de la Defensor\u00eda para promover la desconexi\u00f3n en las vacaciones"},"content":{"rendered":"\n<p>La Defensor\u00eda del Pueblo bonaerense lanz\u00f3 \u201cMenos celu, m\u00e1s vos\u201d, una campa\u00f1a con la que busca promover h\u00e1bitos saludables que permitan sumar tiempo de desconexi\u00f3n de las pantallas en estas vacaciones.<\/p>\n\n\n\n<figure class=\"wp-block-image size-full\"><img loading=\"lazy\" decoding=\"async\" width=\"537\" height=\"667\" data-attachment-id=\"190700\" data-permalink=\"https:\/\/www.hoymercedes.com.ar\/principal\/2026\/01\/07\/menos-celu-mas-vos-la-campana-de-la-defensoria-para-promover-la-desconexion-en-las-vacaciones\/whatsapp-image-2026-01-06-at-20-27-21\/#main\" data-orig-file=\"https:\/\/www.hoymercedes.com.ar\/principal\/wp-content\/uploads\/2026\/01\/WhatsApp-Image-2026-01-06-at-20.27.21.jpeg\" data-orig-size=\"537,667\" data-comments-opened=\"0\" data-image-meta=\"{&quot;aperture&quot;:&quot;0&quot;,&quot;credit&quot;:&quot;&quot;,&quot;camera&quot;:&quot;&quot;,&quot;caption&quot;:&quot;&quot;,&quot;created_timestamp&quot;:&quot;0&quot;,&quot;copyright&quot;:&quot;&quot;,&quot;focal_length&quot;:&quot;0&quot;,&quot;iso&quot;:&quot;0&quot;,&quot;shutter_speed&quot;:&quot;0&quot;,&quot;title&quot;:&quot;&quot;,&quot;orientation&quot;:&quot;0&quot;}\" data-image-title=\"WhatsApp Image 2026-01-06 at 20.27.21\" data-image-description=\"\" data-image-caption=\"\" data-large-file=\"https:\/\/www.hoymercedes.com.ar\/principal\/wp-content\/uploads\/2026\/01\/WhatsApp-Image-2026-01-06-at-20.27.21.jpeg\" src=\"https:\/\/www.hoymercedes.com.ar\/principal\/wp-content\/uploads\/2026\/01\/WhatsApp-Image-2026-01-06-at-20.27.21.jpeg\" alt=\"\" class=\"wp-image-190700\" srcset=\"https:\/\/www.hoymercedes.com.ar\/principal\/wp-content\/uploads\/2026\/01\/WhatsApp-Image-2026-01-06-at-20.27.21.jpeg 537w, https:\/\/www.hoymercedes.com.ar\/principal\/wp-content\/uploads\/2026\/01\/WhatsApp-Image-2026-01-06-at-20.27.21-499x620.jpeg 499w, https:\/\/www.hoymercedes.com.ar\/principal\/wp-content\/uploads\/2026\/01\/WhatsApp-Image-2026-01-06-at-20.27.21-121x150.jpeg 121w\" sizes=\"auto, (max-width: 537px) 100vw, 537px\" \/><\/figure>\n\n\n\n<p>El organismo que conduce Guido Lorenzino present\u00f3 una propuesta gr\u00e1fica en la que muestra situaciones t\u00edpicas de verano y la importancia de disfrutarlas sin estar pendientes del celular. En la primera entrega el mensaje es: \u201cEste verano, que tu \u00fanica pantalla sea la solar\u00bb.<\/p>\n\n\n\n<p>Este proyecto, adem\u00e1s, se refuerza con datos obtenidos en la campa\u00f1a de la Defensor\u00eda \u201cDesconect\u00e1 para conectar\u201d, donde se analizaron diferentes situaciones en las que el uso de estos dispositivos impacta en el d\u00eda a d\u00eda y los v\u00ednculos de las personas.<\/p>\n\n\n\n<p>\u201cLa propuesta busca resaltar la importancia de dejar por un rato los celulares de lado para disfrutar nuestro tiempo en compa\u00f1\u00eda y entender que hay vida m\u00e1s all\u00e1 del celular\u201d, expres\u00f3 Lorenzino.<\/p>\n\n\n\n<p>La campa\u00f1a presentar\u00e1 diferentes consignas a lo largo de las semanas, con propuestas en las redes sociales que sirvan para fortalecer el mensaje de hacer un uso responsable de las pantallas que plantea la Defensor\u00eda en el \u00faltimo tiempo.<\/p>\n","protected":false},"excerpt":{"rendered":"<p>La Defensor\u00eda del Pueblo bonaerense lanz\u00f3 \u201cMenos celu, m\u00e1s vos\u201d, una campa\u00f1a con la que busca promover h\u00e1bitos saludables que &#8230; <a title=\"\u201cMenos celu, m\u00e1s vos\u201d: La campa\u00f1a de la Defensor\u00eda para promover la desconexi\u00f3n en las vacaciones\" class=\"read-more\" href=\"https:\/\/www.hoymercedes.com.ar\/principal\/2026\/01\/07\/menos-celu-mas-vos-la-campana-de-la-defensoria-para-promover-la-desconexion-en-las-vacaciones\/\" aria-label=\"Leer m\u00e1s sobre \u201cMenos celu, m\u00e1s vos\u201d: La campa\u00f1a de la Defensor\u00eda para promover la desconexi\u00f3n en las vacaciones\">Leer m\u00e1s<\/a><\/p>\n","protected":false},"author":1,"featured_media":190700,"comment_status":"closed","ping_status":"open","sticky":false,"template":"","format":"standard","meta":{"_monsterinsights_skip_tracking":false,"_monsterinsights_sitenote_active":false,"_monsterinsights_sitenote_note":"","_monsterinsights_sitenote_category":0,"jetpack_post_was_ever_published":false,"_jetpack_newsletter_access":"","_jetpack_dont_email_post_to_subs":false,"_jetpack_newsletter_tier_id":0,"_jetpack_memberships_contains_paywalled_content":false,"_jetpack_memberships_contains_paid_content":false,"footnotes":"","jetpack_publicize_message":"","jetpack_publicize_feature_enabled":true,"jetpack_social_post_already_shared":true,"jetpack_social_options":{"image_generator_settings":{"template":"highway","default_image_id":0,"font":"","enabled":false},"version":2},"_wpas_customize_per_network":false},"categories":[8],"tags":[],"class_list":["post-190699","post","type-post","status-publish","format-standard","has-post-thumbnail","hentry","category-sociedad","generate-columns","tablet-grid-50","mobile-grid-100","grid-parent","grid-50"],"jetpack_publicize_connections":[],"jetpack_featured_media_url":"https:\/\/www.hoymercedes.com.ar\/principal\/wp-content\/uploads\/2026\/01\/WhatsApp-Image-2026-01-06-at-20.27.21.jpeg","wps_subtitle":"","jetpack_sharing_enabled":true,"_links":{"self":[{"href":"https:\/\/www.hoymercedes.com.ar\/principal\/wp-json\/wp\/v2\/posts\/190699","targetHints":{"allow":["GET"]}}],"collection":[{"href":"https:\/\/www.hoymercedes.com.ar\/principal\/wp-json\/wp\/v2\/posts"}],"about":[{"href":"https:\/\/www.hoymercedes.com.ar\/principal\/wp-json\/wp\/v2\/types\/post"}],"author":[{"embeddable":true,"href":"https:\/\/www.hoymercedes.com.ar\/principal\/wp-json\/wp\/v2\/users\/1"}],"replies":[{"embeddable":true,"href":"https:\/\/www.hoymercedes.com.ar\/principal\/wp-json\/wp\/v2\/comments?post=190699"}],"version-history":[{"count":1,"href":"https:\/\/www.hoymercedes.com.ar\/principal\/wp-json\/wp\/v2\/posts\/190699\/revisions"}],"predecessor-version":[{"id":190701,"href":"https:\/\/www.hoymercedes.com.ar\/principal\/wp-json\/wp\/v2\/posts\/190699\/revisions\/190701"}],"wp:featuredmedia":[{"embeddable":true,"href":"https:\/\/www.hoymercedes.com.ar\/principal\/wp-json\/wp\/v2\/media\/190700"}],"wp:attachment":[{"href":"https:\/\/www.hoymercedes.com.ar\/principal\/wp-json\/wp\/v2\/media?parent=190699"}],"wp:term":[{"taxonomy":"category","embeddable":true,"href":"https:\/\/www.hoymercedes.com.ar\/principal\/wp-json\/wp\/v2\/categories?post=190699"},{"taxonomy":"post_tag","embeddable":true,"href":"https:\/\/www.hoymercedes.com.ar\/principal\/wp-json\/wp\/v2\/tags?post=190699"}],"curies":[{"name":"wp","href":"https:\/\/api.w.org\/{rel}","templated":true}]}}