{"id":190712,"date":"2026-01-07T12:45:00","date_gmt":"2026-01-07T15:45:00","guid":{"rendered":"https:\/\/www.hoymercedes.com.ar\/principal\/?p=190712"},"modified":"2026-01-06T20:46:46","modified_gmt":"2026-01-06T23:46:46","slug":"mercedes-podria-ser-sede-de-un-congreso-federal-de-clubes-de-la-afa-centrado-en-responsabilidad-social","status":"publish","type":"post","link":"https:\/\/www.hoymercedes.com.ar\/principal\/2026\/01\/07\/mercedes-podria-ser-sede-de-un-congreso-federal-de-clubes-de-la-afa-centrado-en-responsabilidad-social\/","title":{"rendered":"Mercedes podr\u00eda ser sede de un Congreso Federal de Clubes de la AFA centrado en responsabilidad social"},"content":{"rendered":"\n<p>La ciudad de Mercedes avanz\u00f3 en gestiones para convertirse en sede de un <strong>importante encuentro federal de clubes afiliados a la Asociaci\u00f3n del F\u00fatbol Argentino (AFA)<\/strong>, con el objetivo de debatir el **rol social del deporte y promover acciones solidarias desde las instituciones deportivas.<\/p>\n\n\n\n<figure class=\"wp-block-image size-full\"><img loading=\"lazy\" decoding=\"async\" width=\"480\" height=\"389\" data-attachment-id=\"190713\" data-permalink=\"https:\/\/www.hoymercedes.com.ar\/principal\/2026\/01\/07\/mercedes-podria-ser-sede-de-un-congreso-federal-de-clubes-de-la-afa-centrado-en-responsabilidad-social\/whatsapp-image-2026-01-06-at-20-42-38\/#main\" data-orig-file=\"https:\/\/www.hoymercedes.com.ar\/principal\/wp-content\/uploads\/2026\/01\/WhatsApp-Image-2026-01-06-at-20.42.38.jpeg\" data-orig-size=\"480,389\" data-comments-opened=\"0\" data-image-meta=\"{&quot;aperture&quot;:&quot;0&quot;,&quot;credit&quot;:&quot;&quot;,&quot;camera&quot;:&quot;&quot;,&quot;caption&quot;:&quot;&quot;,&quot;created_timestamp&quot;:&quot;0&quot;,&quot;copyright&quot;:&quot;&quot;,&quot;focal_length&quot;:&quot;0&quot;,&quot;iso&quot;:&quot;0&quot;,&quot;shutter_speed&quot;:&quot;0&quot;,&quot;title&quot;:&quot;&quot;,&quot;orientation&quot;:&quot;0&quot;}\" data-image-title=\"WhatsApp Image 2026-01-06 at 20.42.38\" data-image-description=\"\" data-image-caption=\"\" data-large-file=\"https:\/\/www.hoymercedes.com.ar\/principal\/wp-content\/uploads\/2026\/01\/WhatsApp-Image-2026-01-06-at-20.42.38.jpeg\" src=\"https:\/\/www.hoymercedes.com.ar\/principal\/wp-content\/uploads\/2026\/01\/WhatsApp-Image-2026-01-06-at-20.42.38.jpeg\" alt=\"\" class=\"wp-image-190713\" srcset=\"https:\/\/www.hoymercedes.com.ar\/principal\/wp-content\/uploads\/2026\/01\/WhatsApp-Image-2026-01-06-at-20.42.38.jpeg 480w, https:\/\/www.hoymercedes.com.ar\/principal\/wp-content\/uploads\/2026\/01\/WhatsApp-Image-2026-01-06-at-20.42.38-150x122.jpeg 150w\" sizes=\"auto, (max-width: 480px) 100vw, 480px\" \/><\/figure>\n\n\n\n<p>El proyecto fue analizado durante una reuni\u00f3n entre el intendente <strong>Juan Ignacio Ustarroz<\/strong> y <strong>Omar Gonz\u00e1lez<\/strong>, referente de la organizaci\u00f3n <strong>All Boys Solidario<\/strong>, con quien se repasaron ideas y propuestas para desarrollar un <strong>congreso que convoque a clubes de todo el pa\u00eds<\/strong>. En el encuentro se destac\u00f3 la importancia de que estas entidades no s\u00f3lo compitan en lo deportivo, sino que tambi\u00e9n impulsen iniciativas con impacto positivo en sus comunidades.<\/p>\n\n\n\n<p>La propuesta apunta a poner en valor la <strong>responsabilidad social que asumen los clubes de f\u00fatbol<\/strong>, reflexionando sobre c\u00f3mo pueden consolidar programas que favorezcan la inclusi\u00f3n, la solidaridad y el desarrollo humano a trav\u00e9s de actividades formativas, educativas y de integraci\u00f3n.<\/p>\n\n\n\n<p>Desde el municipio local valoraron la posibilidad de recibir este tipo de encuentros de alcance nacional o federal, ya que, adem\u00e1s de <strong>fortalecer los lazos entre las diferentes instituciones deportivas<\/strong>, permitir\u00eda <strong>visibilizar el trabajo comunitario de los clubes mercedinos<\/strong> en un \u00e1mbito m\u00e1s amplio.<\/p>\n\n\n\n<p>Seg\u00fan los participantes en las gestiones, Mercedes cuenta con espacios y condiciones para albergar estas actividades, que podr\u00edan incluir charlas, paneles de discusi\u00f3n y mesas de trabajo centradas en el aporte social que realizan las organizaciones deportivas en sus barrios y regiones.<\/p>\n\n\n\n<p>Este potencial congreso se sumar\u00eda a otras iniciativas vinculadas al deporte y la comunidad que ya se desarrollan en la ciudad, reafirmando el papel del f\u00fatbol no solo como espect\u00e1culo, sino como una herramienta de cohesi\u00f3n social y compromiso con el entorno.<\/p>\n","protected":false},"excerpt":{"rendered":"<p>La ciudad de Mercedes avanz\u00f3 en gestiones para convertirse en sede de un importante encuentro federal de clubes afiliados a &#8230; <a title=\"Mercedes podr\u00eda ser sede de un Congreso Federal de Clubes de la AFA centrado en responsabilidad social\" class=\"read-more\" href=\"https:\/\/www.hoymercedes.com.ar\/principal\/2026\/01\/07\/mercedes-podria-ser-sede-de-un-congreso-federal-de-clubes-de-la-afa-centrado-en-responsabilidad-social\/\" aria-label=\"Leer m\u00e1s sobre Mercedes podr\u00eda ser sede de un Congreso Federal de Clubes de la AFA centrado en responsabilidad social\">Leer m\u00e1s<\/a><\/p>\n","protected":false},"author":1,"featured_media":190713,"comment_status":"closed","ping_status":"open","sticky":false,"template":"","format":"standard","meta":{"_monsterinsights_skip_tracking":false,"_monsterinsights_sitenote_active":false,"_monsterinsights_sitenote_note":"","_monsterinsights_sitenote_category":0,"jetpack_post_was_ever_published":false,"_jetpack_newsletter_access":"","_jetpack_dont_email_post_to_subs":false,"_jetpack_newsletter_tier_id":0,"_jetpack_memberships_contains_paywalled_content":false,"_jetpack_memberships_contains_paid_content":false,"footnotes":"","jetpack_publicize_message":"","jetpack_publicize_feature_enabled":true,"jetpack_social_post_already_shared":true,"jetpack_social_options":{"image_generator_settings":{"template":"highway","default_image_id":0,"font":"","enabled":false},"version":2},"_wpas_customize_per_network":false},"categories":[8],"tags":[],"class_list":["post-190712","post","type-post","status-publish","format-standard","has-post-thumbnail","hentry","category-sociedad","generate-columns","tablet-grid-50","mobile-grid-100","grid-parent","grid-50"],"jetpack_publicize_connections":[],"jetpack_featured_media_url":"https:\/\/www.hoymercedes.com.ar\/principal\/wp-content\/uploads\/2026\/01\/WhatsApp-Image-2026-01-06-at-20.42.38.jpeg","wps_subtitle":"","jetpack_sharing_enabled":true,"_links":{"self":[{"href":"https:\/\/www.hoymercedes.com.ar\/principal\/wp-json\/wp\/v2\/posts\/190712","targetHints":{"allow":["GET"]}}],"collection":[{"href":"https:\/\/www.hoymercedes.com.ar\/principal\/wp-json\/wp\/v2\/posts"}],"about":[{"href":"https:\/\/www.hoymercedes.com.ar\/principal\/wp-json\/wp\/v2\/types\/post"}],"author":[{"embeddable":true,"href":"https:\/\/www.hoymercedes.com.ar\/principal\/wp-json\/wp\/v2\/users\/1"}],"replies":[{"embeddable":true,"href":"https:\/\/www.hoymercedes.com.ar\/principal\/wp-json\/wp\/v2\/comments?post=190712"}],"version-history":[{"count":1,"href":"https:\/\/www.hoymercedes.com.ar\/principal\/wp-json\/wp\/v2\/posts\/190712\/revisions"}],"predecessor-version":[{"id":190716,"href":"https:\/\/www.hoymercedes.com.ar\/principal\/wp-json\/wp\/v2\/posts\/190712\/revisions\/190716"}],"wp:featuredmedia":[{"embeddable":true,"href":"https:\/\/www.hoymercedes.com.ar\/principal\/wp-json\/wp\/v2\/media\/190713"}],"wp:attachment":[{"href":"https:\/\/www.hoymercedes.com.ar\/principal\/wp-json\/wp\/v2\/media?parent=190712"}],"wp:term":[{"taxonomy":"category","embeddable":true,"href":"https:\/\/www.hoymercedes.com.ar\/principal\/wp-json\/wp\/v2\/categories?post=190712"},{"taxonomy":"post_tag","embeddable":true,"href":"https:\/\/www.hoymercedes.com.ar\/principal\/wp-json\/wp\/v2\/tags?post=190712"}],"curies":[{"name":"wp","href":"https:\/\/api.w.org\/{rel}","templated":true}]}}