{"id":190742,"date":"2026-01-08T09:17:00","date_gmt":"2026-01-08T12:17:00","guid":{"rendered":"https:\/\/www.hoymercedes.com.ar\/principal\/?p=190742"},"modified":"2026-01-07T22:19:41","modified_gmt":"2026-01-08T01:19:41","slug":"cincuenta-familias-de-mercedes-firmaron-las-escrituras-de-sus-hogares","status":"publish","type":"post","link":"https:\/\/www.hoymercedes.com.ar\/principal\/2026\/01\/08\/cincuenta-familias-de-mercedes-firmaron-las-escrituras-de-sus-hogares\/","title":{"rendered":"Cincuenta familias de Mercedes firmaron las escrituras de sus hogares"},"content":{"rendered":"\n<p>En una jornada cargada de emotividad y con el objetivo de garantizar el derecho a la propiedad, el intendente&nbsp;<strong>Juan Ignacio Ustarroz<\/strong>&nbsp;encabez\u00f3 el acto de firma de tr\u00e1mites de regulaci\u00f3n dominial que benefici\u00f3 a&nbsp;<strong>50 familias<\/strong>&nbsp;de nuestra ciudad. El encuentro, realizado bajo la&nbsp;<strong>Coordinaci\u00f3n de<\/strong>&nbsp;<strong>Tierras y Regulaci\u00f3n Dominial<\/strong>, representa el \u00faltimo paso administrativo antes de que los vecinos reciban el t\u00edtulo definitivo de sus viviendas. Esta acci\u00f3n es gracias a la&nbsp;<strong>Escriban\u00eda General de la Provincia de Buenos Aires.<\/strong><\/p>\n\n\n\n<figure class=\"wp-block-image size-large\"><img loading=\"lazy\" decoding=\"async\" width=\"1024\" height=\"682\" data-attachment-id=\"190743\" data-permalink=\"https:\/\/www.hoymercedes.com.ar\/principal\/2026\/01\/08\/cincuenta-familias-de-mercedes-firmaron-las-escrituras-de-sus-hogares\/e001\/#main\" data-orig-file=\"https:\/\/www.hoymercedes.com.ar\/principal\/wp-content\/uploads\/2026\/01\/E001.jpg\" data-orig-size=\"1319,879\" data-comments-opened=\"0\" data-image-meta=\"{&quot;aperture&quot;:&quot;0&quot;,&quot;credit&quot;:&quot;&quot;,&quot;camera&quot;:&quot;&quot;,&quot;caption&quot;:&quot;&quot;,&quot;created_timestamp&quot;:&quot;0&quot;,&quot;copyright&quot;:&quot;&quot;,&quot;focal_length&quot;:&quot;0&quot;,&quot;iso&quot;:&quot;0&quot;,&quot;shutter_speed&quot;:&quot;0&quot;,&quot;title&quot;:&quot;&quot;,&quot;orientation&quot;:&quot;0&quot;}\" data-image-title=\"E001\" data-image-description=\"\" data-image-caption=\"\" data-large-file=\"https:\/\/www.hoymercedes.com.ar\/principal\/wp-content\/uploads\/2026\/01\/E001-1024x682.jpg\" src=\"https:\/\/www.hoymercedes.com.ar\/principal\/wp-content\/uploads\/2026\/01\/E001-1024x682.jpg\" alt=\"\" class=\"wp-image-190743\" srcset=\"https:\/\/www.hoymercedes.com.ar\/principal\/wp-content\/uploads\/2026\/01\/E001-1024x682.jpg 1024w, https:\/\/www.hoymercedes.com.ar\/principal\/wp-content\/uploads\/2026\/01\/E001-630x420.jpg 630w, https:\/\/www.hoymercedes.com.ar\/principal\/wp-content\/uploads\/2026\/01\/E001-150x100.jpg 150w, https:\/\/www.hoymercedes.com.ar\/principal\/wp-content\/uploads\/2026\/01\/E001.jpg 1319w\" sizes=\"auto, (max-width: 1024px) 100vw, 1024px\" \/><\/figure>\n\n\n\n<p>El encuentro cont\u00f3 con la presencia del subsecretario de gobierno, Dr Esteban Buzzalino, el director de tierras y regulaci\u00f3n dominial, Dr. Agust\u00edn Gerardi y, especialmente, las y los trabajadores del \u00e1rea que hicieron posible la concreci\u00f3n de los tr\u00e1mites para las familias mercedinas.<\/p>\n\n\n\n<p><strong>Gesti\u00f3n<\/strong><\/p>\n\n\n\n<p>La iniciativa forma parte de una pol\u00edtica p\u00fablica sostenida que el Municipio de Mercedes articula directamente con el&nbsp;<strong>Gobierno de la Provincia de Buenos Aires<\/strong>, a trav\u00e9s de la Escriban\u00eda General de Gobierno. Gracias a esta gesti\u00f3n conjunta, los beneficiarios acceden al tr\u00e1mite de forma&nbsp;<strong>totalmente gratuita<\/strong>, superando las barreras econ\u00f3micas que muchas veces impiden la escrituraci\u00f3n particular.<\/p>\n\n\n\n<p><strong>Acompa\u00f1amiento<\/strong><\/p>\n\n\n\n<p>Durante el acto, el intendente Ustarroz destac\u00f3 la importancia de este hito para la econom\u00eda y la tranquilidad familiar:<\/p>\n\n\n\n<p>\u00abEs un orgullo ver c\u00f3mo el municipio, trabajando codo a codo con la Provincia, logra dar respuesta a una demanda hist\u00f3rica. Tener la escritura no es solo un papel; es seguridad jur\u00eddica, es la posibilidad de acceder a un cr\u00e9dito y, sobre todo, es la tranquilidad de saber que el esfuerzo de toda una vida ya tiene nombre y apellido\u00bb, expres\u00f3 el jefe comunal.<\/p>\n\n\n\n<figure class=\"wp-block-image size-large\"><img loading=\"lazy\" decoding=\"async\" width=\"1024\" height=\"682\" data-attachment-id=\"190744\" data-permalink=\"https:\/\/www.hoymercedes.com.ar\/principal\/2026\/01\/08\/cincuenta-familias-de-mercedes-firmaron-las-escrituras-de-sus-hogares\/e003\/#main\" data-orig-file=\"https:\/\/www.hoymercedes.com.ar\/principal\/wp-content\/uploads\/2026\/01\/E003.jpg\" data-orig-size=\"1319,879\" data-comments-opened=\"0\" data-image-meta=\"{&quot;aperture&quot;:&quot;0&quot;,&quot;credit&quot;:&quot;&quot;,&quot;camera&quot;:&quot;&quot;,&quot;caption&quot;:&quot;&quot;,&quot;created_timestamp&quot;:&quot;0&quot;,&quot;copyright&quot;:&quot;&quot;,&quot;focal_length&quot;:&quot;0&quot;,&quot;iso&quot;:&quot;0&quot;,&quot;shutter_speed&quot;:&quot;0&quot;,&quot;title&quot;:&quot;&quot;,&quot;orientation&quot;:&quot;0&quot;}\" data-image-title=\"E003\" data-image-description=\"\" data-image-caption=\"\" data-large-file=\"https:\/\/www.hoymercedes.com.ar\/principal\/wp-content\/uploads\/2026\/01\/E003-1024x682.jpg\" src=\"https:\/\/www.hoymercedes.com.ar\/principal\/wp-content\/uploads\/2026\/01\/E003-1024x682.jpg\" alt=\"\" class=\"wp-image-190744\" srcset=\"https:\/\/www.hoymercedes.com.ar\/principal\/wp-content\/uploads\/2026\/01\/E003-1024x682.jpg 1024w, https:\/\/www.hoymercedes.com.ar\/principal\/wp-content\/uploads\/2026\/01\/E003-630x420.jpg 630w, https:\/\/www.hoymercedes.com.ar\/principal\/wp-content\/uploads\/2026\/01\/E003-150x100.jpg 150w, https:\/\/www.hoymercedes.com.ar\/principal\/wp-content\/uploads\/2026\/01\/E003.jpg 1319w\" sizes=\"auto, (max-width: 1024px) 100vw, 1024px\" \/><\/figure>\n\n\n\n<p><strong>Conjunto<\/strong><\/p>\n\n\n\n<p>Desde la&nbsp;<strong>Coordinaci\u00f3n de<\/strong>&nbsp;<strong>Tierras y Regulaci\u00f3n Dominial<\/strong>, se resalt\u00f3 que estos tr\u00e1mites bajo la Ley 24.374 y otros programas de regularizaci\u00f3n son fundamentales para viviendas que, por diversas razones, no hab\u00edan podido formalizar su situaci\u00f3n legal. Al ser una gesti\u00f3n que se eleva a nivel provincial, el municipio act\u00faa como el nexo facilitador para que los expedientes avancen con celeridad.<\/p>\n\n\n\n<p>Con esta nueva tanda de 50 firmas, Mercedes contin\u00faa consolid\u00e1ndose como uno de los distritos con mayor dinamismo en materia de regularizaci\u00f3n habitacional, sum\u00e1ndose a las m\u00e1s de 300 escrituras ya entregadas durante el transcurso de este a\u00f1o.<\/p>\n","protected":false},"excerpt":{"rendered":"<p>En una jornada cargada de emotividad y con el objetivo de garantizar el derecho a la propiedad, el intendente&nbsp;Juan Ignacio &#8230; <a title=\"Cincuenta familias de Mercedes firmaron las escrituras de sus hogares\" class=\"read-more\" href=\"https:\/\/www.hoymercedes.com.ar\/principal\/2026\/01\/08\/cincuenta-familias-de-mercedes-firmaron-las-escrituras-de-sus-hogares\/\" aria-label=\"Leer m\u00e1s sobre Cincuenta familias de Mercedes firmaron las escrituras de sus hogares\">Leer m\u00e1s<\/a><\/p>\n","protected":false},"author":1,"featured_media":190743,"comment_status":"closed","ping_status":"open","sticky":false,"template":"","format":"standard","meta":{"_monsterinsights_skip_tracking":false,"_monsterinsights_sitenote_active":false,"_monsterinsights_sitenote_note":"","_monsterinsights_sitenote_category":0,"jetpack_post_was_ever_published":false,"_jetpack_newsletter_access":"","_jetpack_dont_email_post_to_subs":false,"_jetpack_newsletter_tier_id":0,"_jetpack_memberships_contains_paywalled_content":false,"_jetpack_memberships_contains_paid_content":false,"footnotes":"","jetpack_publicize_message":"","jetpack_publicize_feature_enabled":true,"jetpack_social_post_already_shared":true,"jetpack_social_options":{"image_generator_settings":{"template":"highway","default_image_id":0,"font":"","enabled":false},"version":2},"_wpas_customize_per_network":false},"categories":[8],"tags":[],"class_list":["post-190742","post","type-post","status-publish","format-standard","has-post-thumbnail","hentry","category-sociedad","generate-columns","tablet-grid-50","mobile-grid-100","grid-parent","grid-50"],"jetpack_publicize_connections":[],"jetpack_featured_media_url":"https:\/\/www.hoymercedes.com.ar\/principal\/wp-content\/uploads\/2026\/01\/E001.jpg","wps_subtitle":"","jetpack_sharing_enabled":true,"_links":{"self":[{"href":"https:\/\/www.hoymercedes.com.ar\/principal\/wp-json\/wp\/v2\/posts\/190742","targetHints":{"allow":["GET"]}}],"collection":[{"href":"https:\/\/www.hoymercedes.com.ar\/principal\/wp-json\/wp\/v2\/posts"}],"about":[{"href":"https:\/\/www.hoymercedes.com.ar\/principal\/wp-json\/wp\/v2\/types\/post"}],"author":[{"embeddable":true,"href":"https:\/\/www.hoymercedes.com.ar\/principal\/wp-json\/wp\/v2\/users\/1"}],"replies":[{"embeddable":true,"href":"https:\/\/www.hoymercedes.com.ar\/principal\/wp-json\/wp\/v2\/comments?post=190742"}],"version-history":[{"count":1,"href":"https:\/\/www.hoymercedes.com.ar\/principal\/wp-json\/wp\/v2\/posts\/190742\/revisions"}],"predecessor-version":[{"id":190745,"href":"https:\/\/www.hoymercedes.com.ar\/principal\/wp-json\/wp\/v2\/posts\/190742\/revisions\/190745"}],"wp:featuredmedia":[{"embeddable":true,"href":"https:\/\/www.hoymercedes.com.ar\/principal\/wp-json\/wp\/v2\/media\/190743"}],"wp:attachment":[{"href":"https:\/\/www.hoymercedes.com.ar\/principal\/wp-json\/wp\/v2\/media?parent=190742"}],"wp:term":[{"taxonomy":"category","embeddable":true,"href":"https:\/\/www.hoymercedes.com.ar\/principal\/wp-json\/wp\/v2\/categories?post=190742"},{"taxonomy":"post_tag","embeddable":true,"href":"https:\/\/www.hoymercedes.com.ar\/principal\/wp-json\/wp\/v2\/tags?post=190742"}],"curies":[{"name":"wp","href":"https:\/\/api.w.org\/{rel}","templated":true}]}}